{"id":148117,"date":"2022-05-16T06:49:00","date_gmt":"2022-05-16T09:49:00","guid":{"rendered":"https:\/\/www.hoymercedes.com.ar\/principal\/?p=148117"},"modified":"2022-05-17T11:12:12","modified_gmt":"2022-05-17T14:12:12","slug":"choque-frontal-entre-dos-autos-en-la-ruta-5","status":"publish","type":"post","link":"https:\/\/www.hoymercedes.com.ar\/principal\/2022\/05\/16\/choque-frontal-entre-dos-autos-en-la-ruta-5\/","title":{"rendered":"Choque frontal entre dos autos en la Ruta 5"},"content":{"rendered":"\n<p>En la tarde del domingo, se produjo un nuevo accidente en la Ruta Nacional N\u00b0 5. Falleci\u00f3 un hombre de 54 a\u00f1os de la ciudad de Buenos Aires que conduc\u00eda un Fiat Palio Weekend. El otro veh\u00edculo era un Renault Megane. El sinistro vial fue en el kil\u00f3metro 154, a la altura de Chivilcoy. <\/p>\n\n\n\n<div class=\"wp-block-image\"><figure class=\"aligncenter size-full\"><img loading=\"lazy\" decoding=\"async\" width=\"800\" height=\"599\" data-attachment-id=\"148125\" data-permalink=\"https:\/\/www.hoymercedes.com.ar\/principal\/2022\/05\/16\/choque-frontal-entre-dos-autos-en-la-ruta-5\/choque-ruta-5-2\/#main\" data-orig-file=\"https:\/\/www.hoymercedes.com.ar\/principal\/wp-content\/uploads\/2022\/05\/choque-ruta-5-2.jpg\" data-orig-size=\"800,599\" data-comments-opened=\"0\" data-image-meta=\"{&quot;aperture&quot;:&quot;0&quot;,&quot;credit&quot;:&quot;&quot;,&quot;camera&quot;:&quot;&quot;,&quot;caption&quot;:&quot;&quot;,&quot;created_timestamp&quot;:&quot;0&quot;,&quot;copyright&quot;:&quot;&quot;,&quot;focal_length&quot;:&quot;0&quot;,&quot;iso&quot;:&quot;0&quot;,&quot;shutter_speed&quot;:&quot;0&quot;,&quot;title&quot;:&quot;&quot;,&quot;orientation&quot;:&quot;0&quot;}\" data-image-title=\"choque ruta 5 2\" data-image-description=\"\" data-image-caption=\"\" data-large-file=\"https:\/\/www.hoymercedes.com.ar\/principal\/wp-content\/uploads\/2022\/05\/choque-ruta-5-2.jpg\" src=\"https:\/\/www.hoymercedes.com.ar\/principal\/wp-content\/uploads\/2022\/05\/choque-ruta-5-2.jpg\" alt=\"\" class=\"wp-image-148125\" srcset=\"https:\/\/www.hoymercedes.com.ar\/principal\/wp-content\/uploads\/2022\/05\/choque-ruta-5-2.jpg 800w, https:\/\/www.hoymercedes.com.ar\/principal\/wp-content\/uploads\/2022\/05\/choque-ruta-5-2-630x472.jpg 630w, https:\/\/www.hoymercedes.com.ar\/principal\/wp-content\/uploads\/2022\/05\/choque-ruta-5-2-150x112.jpg 150w\" sizes=\"auto, (max-width: 800px) 100vw, 800px\" \/><\/figure><\/div>\n\n\n\n<p>El hombre fallecido fue trasladado al Hospital de Chivilcoy donde muri\u00f3. La v\u00edctima fatal fue identificada como Marcelo Gabriel Blasco de 54 a\u00f1os, con domicilio en la ciudad de Buenos Aires. En tanto, el Renault Megane, involucrado en el siniestro vial, era conducido por una persona de 44 a\u00f1os, identificada como Antonio Echeverr\u00eda, con domicilio en General Rodr\u00edguez.<\/p>\n\n\n\n<p>En la colisi\u00f3n, participaron un Renault Megane y un Fiat Palio Weekend.En el lugar del hecho,\u00a0 trabajaron Bomberos Voluntarios de Chivilcoy, con personal de Polic\u00eda Vial Chivilcoy ante un violento choque frontal de dos veh\u00edculos y la posibilidad de un principio de incendio de uno de los rodados.<\/p>\n\n\n\n<p>Se recaratularon las actuaciones como \u201chomicidio culposo y lesiones leves culposas\u201d. Se investiga en la Fiscal\u00eda de turno del Departamento Judicial Mercedes. <\/p>\n\n\n\n<p>Fuente: La Raz\u00f3n de Chivilcoy<\/p>\n\n\n\n<div class=\"wp-block-image\"><figure class=\"aligncenter size-full\"><img loading=\"lazy\" decoding=\"async\" width=\"800\" height=\"599\" data-attachment-id=\"148126\" data-permalink=\"https:\/\/www.hoymercedes.com.ar\/principal\/2022\/05\/16\/choque-frontal-entre-dos-autos-en-la-ruta-5\/choque-ruta-5-1\/#main\" data-orig-file=\"https:\/\/www.hoymercedes.com.ar\/principal\/wp-content\/uploads\/2022\/05\/choque-ruta-5-1.jpg\" data-orig-size=\"800,599\" data-comments-opened=\"0\" data-image-meta=\"{&quot;aperture&quot;:&quot;0&quot;,&quot;credit&quot;:&quot;&quot;,&quot;camera&quot;:&quot;&quot;,&quot;caption&quot;:&quot;&quot;,&quot;created_timestamp&quot;:&quot;0&quot;,&quot;copyright&quot;:&quot;&quot;,&quot;focal_length&quot;:&quot;0&quot;,&quot;iso&quot;:&quot;0&quot;,&quot;shutter_speed&quot;:&quot;0&quot;,&quot;title&quot;:&quot;&quot;,&quot;orientation&quot;:&quot;0&quot;}\" data-image-title=\"choque ruta 5 1\" data-image-description=\"\" data-image-caption=\"\" data-large-file=\"https:\/\/www.hoymercedes.com.ar\/principal\/wp-content\/uploads\/2022\/05\/choque-ruta-5-1.jpg\" src=\"https:\/\/www.hoymercedes.com.ar\/principal\/wp-content\/uploads\/2022\/05\/choque-ruta-5-1.jpg\" alt=\"\" class=\"wp-image-148126\" srcset=\"https:\/\/www.hoymercedes.com.ar\/principal\/wp-content\/uploads\/2022\/05\/choque-ruta-5-1.jpg 800w, https:\/\/www.hoymercedes.com.ar\/principal\/wp-content\/uploads\/2022\/05\/choque-ruta-5-1-630x472.jpg 630w, https:\/\/www.hoymercedes.com.ar\/principal\/wp-content\/uploads\/2022\/05\/choque-ruta-5-1-150x112.jpg 150w\" sizes=\"auto, (max-width: 800px) 100vw, 800px\" \/><\/figure><\/div>\n","protected":false},"excerpt":{"rendered":"<p>En la tarde del domingo, se produjo un nuevo accidente en la Ruta Nacional N\u00b0 5. Falleci\u00f3 un hombre de &#8230; <a title=\"Choque frontal entre dos autos en la Ruta 5\" class=\"read-more\" href=\"https:\/\/www.hoymercedes.com.ar\/principal\/2022\/05\/16\/choque-frontal-entre-dos-autos-en-la-ruta-5\/\" aria-label=\"Leer m\u00e1s sobre Choque frontal entre dos autos en la Ruta 5\">Leer m\u00e1s<\/a><\/p>\n","protected":false},"author":1,"featured_media":148126,"comment_status":"closed","ping_status":"open","sticky":false,"template":"","format":"standard","meta":{"_monsterinsights_skip_tracking":false,"_monsterinsights_sitenote_active":false,"_monsterinsights_sitenote_note":"","_monsterinsights_sitenote_category":0,"jetpack_post_was_ever_published":false,"_jetpack_newsletter_access":"","_jetpack_dont_email_post_to_subs":false,"_jetpack_newsletter_tier_id":0,"_jetpack_memberships_contains_paywalled_content":false,"_jetpack_memberships_contains_paid_content":false,"footnotes":"","jetpack_publicize_message":"","jetpack_publicize_feature_enabled":true,"jetpack_social_post_already_shared":true,"jetpack_social_options":{"image_generator_settings":{"template":"highway","default_image_id":0,"font":"","enabled":false},"version":2},"_wpas_customize_per_network":false},"categories":[85],"tags":[],"class_list":["post-148117","post","type-post","status-publish","format-standard","has-post-thumbnail","hentry","category-policial","generate-columns","tablet-grid-50","mobile-grid-100","grid-parent","grid-50"],"jetpack_publicize_connections":[],"jetpack_featured_media_url":"https:\/\/www.hoymercedes.com.ar\/principal\/wp-content\/uploads\/2022\/05\/choque-ruta-5-1.jpg","wps_subtitle":"","jetpack_sharing_enabled":true,"_links":{"self":[{"href":"https:\/\/www.hoymercedes.com.ar\/principal\/wp-json\/wp\/v2\/posts\/148117","targetHints":{"allow":["GET"]}}],"collection":[{"href":"https:\/\/www.hoymercedes.com.ar\/principal\/wp-json\/wp\/v2\/posts"}],"about":[{"href":"https:\/\/www.hoymercedes.com.ar\/principal\/wp-json\/wp\/v2\/types\/post"}],"author":[{"embeddable":true,"href":"https:\/\/www.hoymercedes.com.ar\/principal\/wp-json\/wp\/v2\/users\/1"}],"replies":[{"embeddable":true,"href":"https:\/\/www.hoymercedes.com.ar\/principal\/wp-json\/wp\/v2\/comments?post=148117"}],"version-history":[{"count":0,"href":"https:\/\/www.hoymercedes.com.ar\/principal\/wp-json\/wp\/v2\/posts\/148117\/revisions"}],"wp:featuredmedia":[{"embeddable":true,"href":"https:\/\/www.hoymercedes.com.ar\/principal\/wp-json\/wp\/v2\/media\/148126"}],"wp:attachment":[{"href":"https:\/\/www.hoymercedes.com.ar\/principal\/wp-json\/wp\/v2\/media?parent=148117"}],"wp:term":[{"taxonomy":"category","embeddable":true,"href":"https:\/\/www.hoymercedes.com.ar\/principal\/wp-json\/wp\/v2\/categories?post=148117"},{"taxonomy":"post_tag","embeddable":true,"href":"https:\/\/www.hoymercedes.com.ar\/principal\/wp-json\/wp\/v2\/tags?post=148117"}],"curies":[{"name":"wp","href":"https:\/\/api.w.org\/{rel}","templated":true}]}}