{"id":14815,"date":"2012-07-28T20:05:05","date_gmt":"2012-07-28T20:05:05","guid":{"rendered":"http:\/\/www.hoymercedes.com.ar\/principal\/?p=14815"},"modified":"2012-07-28T20:05:05","modified_gmt":"2012-07-28T20:05:05","slug":"se-firmo-un-convenio-entre-el-municipio-y-la-uade","status":"publish","type":"post","link":"https:\/\/www.hoymercedes.com.ar\/principal\/2012\/07\/28\/se-firmo-un-convenio-entre-el-municipio-y-la-uade\/","title":{"rendered":"Se firm\u00f3 un convenio entre el Municipio y la UADE"},"content":{"rendered":"<p>En horas del mediod\u00eda de este viernes, en el Bar laurino, se llevo adelante el acto donde se hizo efectiva la firma de un convenio marco entre la Municipalidad de Mercedes y la Universidad Argentina de la Empresa.<\/p>\n<p>Presidieron este encuentro, el Sr. Intendente Municipal Carlos Selva, el Vicepresidente del Consejo de Administraci\u00f3n y apoderado de la Universidad Argentina de la Empresa, Arturo Licero; el Director de la carrera \u201cLicenciatura en Gesti\u00f3n de medios y entretenimientos\u201d de la Universidad Argentina de la Empresa, Arq. Daniel Jose Fernandez, y el Director de Turismo de la Municipalidad de Mercedes, Marcelo Melo y como destacada presencia, se conto con la Reina de la Fiesta Nacional del Salame Quintero, Roc\u00edo Analuz Torres.<\/p>\n<p>Se encontraban tambi\u00e9n autoridades del Departamento Ejecutivo Municipal que se ven involucrados en la organizaci\u00f3n de la nueva edici\u00f3n de la Fiesta Nacional del Salame Quintero, tambi\u00e9n integrantes del Poder Legislativo local, representantes de la fuerzas vivas, adem\u00e1s agradecemos la compa\u00f1\u00eda de responsables de diferentes entidades e instituciones, productores de Salame Quintero,; tambi\u00e9n estuvieron aquellos que representan al fruto que tiene su fiesta Nacional en Mercedes, como son los productores de Durazno.<\/p>\n<p>Y se destaco tambi\u00e9n la presencia de distintos emprendedores, artesanos, prestadores de los servicios que se presentaran en la edici\u00f3n 2012, y todas aquellas personas que, de una manera u otra, tendr\u00e1n responsabilidades distintas en el marco de la 38va edici\u00f3n de la Fiesta Nacional del Salame Quintero.<\/p>\n<p><a href=\"https:\/\/www.hoymercedes.com.ar\/principal\/wp-content\/uploads\/2012\/07\/Firma-Municipio-UADE.jpg\"><img loading=\"lazy\" decoding=\"async\" data-attachment-id=\"14817\" data-permalink=\"https:\/\/www.hoymercedes.com.ar\/principal\/2012\/07\/28\/se-firmo-un-convenio-entre-el-municipio-y-la-uade\/firma-municipio-uade\/#main\" data-orig-file=\"https:\/\/www.hoymercedes.com.ar\/principal\/wp-content\/uploads\/2012\/07\/Firma-Municipio-UADE.jpg\" data-orig-size=\"614,408\" data-comments-opened=\"1\" data-image-meta=\"{&quot;aperture&quot;:&quot;5&quot;,&quot;credit&quot;:&quot;&quot;,&quot;camera&quot;:&quot;NIKON D50&quot;,&quot;caption&quot;:&quot;&quot;,&quot;created_timestamp&quot;:&quot;1343397445&quot;,&quot;copyright&quot;:&quot;&quot;,&quot;focal_length&quot;:&quot;28&quot;,&quot;iso&quot;:&quot;0&quot;,&quot;shutter_speed&quot;:&quot;0.016666666666667&quot;,&quot;title&quot;:&quot;&quot;}\" data-image-title=\"Firma-Municipio-UADE\" data-image-description=\"\" data-image-caption=\"\" data-large-file=\"https:\/\/www.hoymercedes.com.ar\/principal\/wp-content\/uploads\/2012\/07\/Firma-Municipio-UADE.jpg\" class=\"aligncenter size-full wp-image-14817\" title=\"Firma-Municipio-UADE\" src=\"https:\/\/www.hoymercedes.com.ar\/principal\/wp-content\/uploads\/2012\/07\/Firma-Municipio-UADE.jpg\" alt=\"\" width=\"614\" height=\"408\" \/><\/a><\/p>\n<p>Luego de la proyecci\u00f3n de un video, que resumi\u00f3 algunos aspectos de la Gesti\u00f3n del Intendente Selva, y la evoluci\u00f3n de las fiestas y eventos de la ciudad, se escucharon las palabras de bienvenida a cargo del Director de Tusimo de la Municipalidad de Mercedes, Marcelo Melo<\/p>\n<p>Luego se procedi\u00f3 a la firma del convenio marco, entre la Municipalidad de Mercedes, y la Universidad Argentina de la Empresa, que permitir\u00e1 el estudio integral de las Fiestas Nacionales por parte de la mencionada universidad, y adem\u00e1s el estudio especial que se efectuara sobre la localidad de Tomas Jofre, atraves de las carreras de Gastronom\u00eda, Turismo, y Medios y entretenimientos, que ofrece la casa de estudios.<\/p>\n<p>Inmediatamente despu\u00e9s se escucharon las palabras del Vicepresidente del Consejo de Administraci\u00f3n y apoderado de la Universidad Argentina de la Empresa, Arturo Licero, quien destaco a la ciudad y esa\u201d mezcla de lo antiguo y de lo nuevo, que la hace muy interesante, no solo para lo tur\u00edstico, si que tambi\u00e9n para su estudio\u201d<\/p>\n<p>Luego de entregar presentes a los visitantes, fue el Jefe Comunal Carlos Selva, quien hizo uso de la palabra cerrando el encuentro, agradeciendo a \u201clos due\u00f1os de este hermoso local, y a todos los que siempre se ven involucrados en la realizaci\u00f3n de nuestras fiestas, productores, aquellos con responsabilidades institucionales, y a todos los vecino, por que son fiestas y eventos, que en realidad hacemos entre todos\u201d<\/p>\n<p>En el final, adem\u00e1s de poder compartir unas empanadas, se anuncio que el dia 25 de Agosto, se concretara la presentaci\u00f3n oficial de la 38va edici\u00f3n de la Fiesta Nacional del Salame Quintero, sobre la avenida 29, frente al Palacio Municipal, con shows y n\u00fameros art\u00edsticos, tal como se realizo en la edici\u00f3n 2011.<\/p>\n<p><span style=\"color: #888888;\">Fuente: Municipio<\/span><\/p>\n","protected":false},"excerpt":{"rendered":"<p>En horas del mediod\u00eda de este viernes, en el Bar laurino, se llevo adelante el acto donde se hizo efectiva &#8230; <a title=\"Se firm\u00f3 un convenio entre el Municipio y la UADE\" class=\"read-more\" href=\"https:\/\/www.hoymercedes.com.ar\/principal\/2012\/07\/28\/se-firmo-un-convenio-entre-el-municipio-y-la-uade\/\" aria-label=\"Leer m\u00e1s sobre Se firm\u00f3 un convenio entre el Municipio y la UADE\">Leer m\u00e1s<\/a><\/p>\n","protected":false},"author":1,"featured_media":0,"comment_status":"open","ping_status":"open","sticky":false,"template":"","format":"standard","meta":{"_monsterinsights_skip_tracking":false,"_monsterinsights_sitenote_active":false,"_monsterinsights_sitenote_note":"","_monsterinsights_sitenote_category":0,"jetpack_post_was_ever_published":false,"_jetpack_newsletter_access":"","_jetpack_dont_email_post_to_subs":false,"_jetpack_newsletter_tier_id":0,"_jetpack_memberships_contains_paywalled_content":false,"_jetpack_memberships_contains_paid_content":false,"footnotes":"","jetpack_publicize_message":"","jetpack_publicize_feature_enabled":true,"jetpack_social_post_already_shared":false,"jetpack_social_options":{"image_generator_settings":{"template":"highway","default_image_id":0,"font":"","enabled":false},"version":2},"_wpas_customize_per_network":false},"categories":[30],"tags":[1110,2565,209,2463],"class_list":["post-14815","post","type-post","status-publish","format-standard","hentry","category-municipio","tag-fiesta-del-salame","tag-mercedess","tag-turismo-mercedes","tag-uade","generate-columns","tablet-grid-50","mobile-grid-100","grid-parent","grid-50"],"jetpack_publicize_connections":[],"jetpack_featured_media_url":"","wps_subtitle":"","jetpack_sharing_enabled":true,"_links":{"self":[{"href":"https:\/\/www.hoymercedes.com.ar\/principal\/wp-json\/wp\/v2\/posts\/14815","targetHints":{"allow":["GET"]}}],"collection":[{"href":"https:\/\/www.hoymercedes.com.ar\/principal\/wp-json\/wp\/v2\/posts"}],"about":[{"href":"https:\/\/www.hoymercedes.com.ar\/principal\/wp-json\/wp\/v2\/types\/post"}],"author":[{"embeddable":true,"href":"https:\/\/www.hoymercedes.com.ar\/principal\/wp-json\/wp\/v2\/users\/1"}],"replies":[{"embeddable":true,"href":"https:\/\/www.hoymercedes.com.ar\/principal\/wp-json\/wp\/v2\/comments?post=14815"}],"version-history":[{"count":0,"href":"https:\/\/www.hoymercedes.com.ar\/principal\/wp-json\/wp\/v2\/posts\/14815\/revisions"}],"wp:attachment":[{"href":"https:\/\/www.hoymercedes.com.ar\/principal\/wp-json\/wp\/v2\/media?parent=14815"}],"wp:term":[{"taxonomy":"category","embeddable":true,"href":"https:\/\/www.hoymercedes.com.ar\/principal\/wp-json\/wp\/v2\/categories?post=14815"},{"taxonomy":"post_tag","embeddable":true,"href":"https:\/\/www.hoymercedes.com.ar\/principal\/wp-json\/wp\/v2\/tags?post=14815"}],"curies":[{"name":"wp","href":"https:\/\/api.w.org\/{rel}","templated":true}]}}