{"id":148167,"date":"2022-05-18T12:47:00","date_gmt":"2022-05-18T15:47:00","guid":{"rendered":"https:\/\/www.hoymercedes.com.ar\/principal\/?p=148167"},"modified":"2022-05-18T12:10:20","modified_gmt":"2022-05-18T15:10:20","slug":"tras-allanamientos-detienen-a-delincuente-y-recuperan-motos-bicis-y-marihuana","status":"publish","type":"post","link":"https:\/\/www.hoymercedes.com.ar\/principal\/2022\/05\/18\/tras-allanamientos-detienen-a-delincuente-y-recuperan-motos-bicis-y-marihuana\/","title":{"rendered":"Tras allanamientos detienen a delincuente y recuperan motos, bicis y marihuana"},"content":{"rendered":"\n<figure class=\"wp-block-image size-large\"><img loading=\"lazy\" decoding=\"async\" width=\"1024\" height=\"1024\" data-attachment-id=\"148168\" data-permalink=\"https:\/\/www.hoymercedes.com.ar\/principal\/2022\/05\/18\/tras-allanamientos-detienen-a-delincuente-y-recuperan-motos-bicis-y-marihuana\/901-4\/#main\" data-orig-file=\"https:\/\/www.hoymercedes.com.ar\/principal\/wp-content\/uploads\/2022\/05\/901.jpeg\" data-orig-size=\"1080,1080\" data-comments-opened=\"0\" data-image-meta=\"{&quot;aperture&quot;:&quot;0&quot;,&quot;credit&quot;:&quot;&quot;,&quot;camera&quot;:&quot;&quot;,&quot;caption&quot;:&quot;&quot;,&quot;created_timestamp&quot;:&quot;0&quot;,&quot;copyright&quot;:&quot;&quot;,&quot;focal_length&quot;:&quot;0&quot;,&quot;iso&quot;:&quot;0&quot;,&quot;shutter_speed&quot;:&quot;0&quot;,&quot;title&quot;:&quot;&quot;,&quot;orientation&quot;:&quot;0&quot;}\" data-image-title=\"901\" data-image-description=\"\" data-image-caption=\"\" data-large-file=\"https:\/\/www.hoymercedes.com.ar\/principal\/wp-content\/uploads\/2022\/05\/901-1024x1024.jpeg\" src=\"https:\/\/www.hoymercedes.com.ar\/principal\/wp-content\/uploads\/2022\/05\/901-1024x1024.jpeg\" alt=\"\" class=\"wp-image-148168\" srcset=\"https:\/\/www.hoymercedes.com.ar\/principal\/wp-content\/uploads\/2022\/05\/901-1024x1024.jpeg 1024w, https:\/\/www.hoymercedes.com.ar\/principal\/wp-content\/uploads\/2022\/05\/901-620x620.jpeg 620w, https:\/\/www.hoymercedes.com.ar\/principal\/wp-content\/uploads\/2022\/05\/901-150x150.jpeg 150w, https:\/\/www.hoymercedes.com.ar\/principal\/wp-content\/uploads\/2022\/05\/901.jpeg 1080w\" sizes=\"auto, (max-width: 1024px) 100vw, 1024px\" \/><\/figure>\n\n\n\n<p>Tras una fina investigaci\u00f3n la Polic\u00eda Comunal y GTO lograron la detenci\u00f3n de un masculino mayor de edad autor de varios il\u00edcitos. Bicicletas, motos y marihuana son parte de los elementos secuestrados.<\/p>\n\n\n\n<p>El sujeto tiene 24 a\u00f1os de edad y ahora est\u00e1 a disposici\u00f3n de la justicia. Si bien se trata de un delincuente de menor cuant\u00eda, no es menos cierto que los elementos que robaba perjudicaban seriamente a las v\u00edctimas, ya que se trataba de sus medios de movilidad o de trabajo.<br>El primer hecho por el cual se lo investigaba era el robo de una escalera y herramientas de trabajo, pero con el devenir de los d\u00edas el personal policial pudo asociar al causante con robos recientes, fundamentalmente de bicicletas, donde tuvo relevancia material f\u00edlmico aportado por el centro operativo de monitoreo (COM).<\/p>\n\n\n\n<figure class=\"wp-block-image size-full\"><img loading=\"lazy\" decoding=\"async\" width=\"960\" height=\"695\" data-attachment-id=\"148169\" data-permalink=\"https:\/\/www.hoymercedes.com.ar\/principal\/2022\/05\/18\/tras-allanamientos-detienen-a-delincuente-y-recuperan-motos-bicis-y-marihuana\/900-8\/#main\" data-orig-file=\"https:\/\/www.hoymercedes.com.ar\/principal\/wp-content\/uploads\/2022\/05\/900.jpeg\" data-orig-size=\"960,695\" data-comments-opened=\"0\" data-image-meta=\"{&quot;aperture&quot;:&quot;0&quot;,&quot;credit&quot;:&quot;&quot;,&quot;camera&quot;:&quot;&quot;,&quot;caption&quot;:&quot;&quot;,&quot;created_timestamp&quot;:&quot;0&quot;,&quot;copyright&quot;:&quot;&quot;,&quot;focal_length&quot;:&quot;0&quot;,&quot;iso&quot;:&quot;0&quot;,&quot;shutter_speed&quot;:&quot;0&quot;,&quot;title&quot;:&quot;&quot;,&quot;orientation&quot;:&quot;0&quot;}\" data-image-title=\"900\" data-image-description=\"\" data-image-caption=\"\" data-large-file=\"https:\/\/www.hoymercedes.com.ar\/principal\/wp-content\/uploads\/2022\/05\/900.jpeg\" src=\"https:\/\/www.hoymercedes.com.ar\/principal\/wp-content\/uploads\/2022\/05\/900.jpeg\" alt=\"\" class=\"wp-image-148169\" srcset=\"https:\/\/www.hoymercedes.com.ar\/principal\/wp-content\/uploads\/2022\/05\/900.jpeg 960w, https:\/\/www.hoymercedes.com.ar\/principal\/wp-content\/uploads\/2022\/05\/900-630x456.jpeg 630w, https:\/\/www.hoymercedes.com.ar\/principal\/wp-content\/uploads\/2022\/05\/900-150x109.jpeg 150w\" sizes=\"auto, (max-width: 960px) 100vw, 960px\" \/><\/figure>\n\n\n\n<p>En la fecha, mediante orden del Juzgado de Garant\u00edas N\u00ba2, se efectuaron allanamientos en simult\u00e1neo en dos viviendas, el cual arroj\u00f3 importantes resultados.<\/p>\n\n\n\n<p>Tras la pesquisa y procedimiento se pudieron recuperar 3 bicicletas hurtadas recientemente y herramientas del primer caso en investigaci\u00f3n, la mayor\u00eda de ellos bajo el modus operandi de ingresar a patios de viviendas, identificando all\u00ed una motocicleta que hab\u00eda utilizado en uno de los hechos.<\/p>\n\n\n\n<p>Como si esto fuera poco, en dicho allanamiento se pudo dar con una moto que ten\u00eda pedido activo de secuestro por robo y nada m\u00e1s ni nada menos que alrededor de un kilo y medio se marihuana.<\/p>\n\n\n\n<p>La investigaci\u00f3n, ramificada en distintas causas, cont\u00f3 con un fino entendimiento que vincul\u00f3 diversos hechos e im\u00e1genes de c\u00e1maras que fueron elementos de apuntalamiento para la justicia y la polic\u00eda. Incluidos registros del Centro de Monitoreo.<\/p>\n\n\n\n<p>Como se ve, el operativo, logr\u00f3 esclarecer varios hechos donde la Polic\u00eda y la Justicia ven\u00edan trabajando e hilando hechos, modus operandi, circunstancias, testimonios, filmaciones y una decisi\u00f3n combinada con la justicia para dar esta tarde una resoluci\u00f3n al tema, llevando respuestas a las y los vecinos afectados en particular y a la ciudadan\u00eda en general.<\/p>\n\n\n\n<p>El secretario de seguridad, Gonzalo Anselmo, al ser consultado confirm\u00f3 los hechos y aprovech\u00f3 para felicitar \u201cal personal policial por el compromiso y decisi\u00f3n y el importante trabajo de intercambio y articulaci\u00f3n con la justicia, pudiendo obtener este resultado tan importante\u201d, dijo el funcionario.<\/p>\n\n\n\n<p>En el tema interviene la U.F.I N\u00ba4 del Departamento Judicial Mercedes.<\/p>\n","protected":false},"excerpt":{"rendered":"<p>Tras una fina investigaci\u00f3n la Polic\u00eda Comunal y GTO lograron la detenci\u00f3n de un masculino mayor de edad autor de &#8230; <a title=\"Tras allanamientos detienen a delincuente y recuperan motos, bicis y marihuana\" class=\"read-more\" href=\"https:\/\/www.hoymercedes.com.ar\/principal\/2022\/05\/18\/tras-allanamientos-detienen-a-delincuente-y-recuperan-motos-bicis-y-marihuana\/\" aria-label=\"Leer m\u00e1s sobre Tras allanamientos detienen a delincuente y recuperan motos, bicis y marihuana\">Leer m\u00e1s<\/a><\/p>\n","protected":false},"author":1,"featured_media":148168,"comment_status":"closed","ping_status":"open","sticky":false,"template":"","format":"standard","meta":{"_monsterinsights_skip_tracking":false,"_monsterinsights_sitenote_active":false,"_monsterinsights_sitenote_note":"","_monsterinsights_sitenote_category":0,"jetpack_post_was_ever_published":false,"_jetpack_newsletter_access":"","_jetpack_dont_email_post_to_subs":false,"_jetpack_newsletter_tier_id":0,"_jetpack_memberships_contains_paywalled_content":false,"_jetpack_memberships_contains_paid_content":false,"footnotes":"","jetpack_publicize_message":"","jetpack_publicize_feature_enabled":true,"jetpack_social_post_already_shared":true,"jetpack_social_options":{"image_generator_settings":{"template":"highway","default_image_id":0,"font":"","enabled":false},"version":2},"_wpas_customize_per_network":false},"categories":[85],"tags":[18372],"class_list":["post-148167","post","type-post","status-publish","format-standard","has-post-thumbnail","hentry","category-policial","tag-ladron-detenido","generate-columns","tablet-grid-50","mobile-grid-100","grid-parent","grid-50"],"jetpack_publicize_connections":[],"jetpack_featured_media_url":"https:\/\/www.hoymercedes.com.ar\/principal\/wp-content\/uploads\/2022\/05\/901.jpeg","wps_subtitle":"","jetpack_sharing_enabled":true,"_links":{"self":[{"href":"https:\/\/www.hoymercedes.com.ar\/principal\/wp-json\/wp\/v2\/posts\/148167","targetHints":{"allow":["GET"]}}],"collection":[{"href":"https:\/\/www.hoymercedes.com.ar\/principal\/wp-json\/wp\/v2\/posts"}],"about":[{"href":"https:\/\/www.hoymercedes.com.ar\/principal\/wp-json\/wp\/v2\/types\/post"}],"author":[{"embeddable":true,"href":"https:\/\/www.hoymercedes.com.ar\/principal\/wp-json\/wp\/v2\/users\/1"}],"replies":[{"embeddable":true,"href":"https:\/\/www.hoymercedes.com.ar\/principal\/wp-json\/wp\/v2\/comments?post=148167"}],"version-history":[{"count":0,"href":"https:\/\/www.hoymercedes.com.ar\/principal\/wp-json\/wp\/v2\/posts\/148167\/revisions"}],"wp:featuredmedia":[{"embeddable":true,"href":"https:\/\/www.hoymercedes.com.ar\/principal\/wp-json\/wp\/v2\/media\/148168"}],"wp:attachment":[{"href":"https:\/\/www.hoymercedes.com.ar\/principal\/wp-json\/wp\/v2\/media?parent=148167"}],"wp:term":[{"taxonomy":"category","embeddable":true,"href":"https:\/\/www.hoymercedes.com.ar\/principal\/wp-json\/wp\/v2\/categories?post=148167"},{"taxonomy":"post_tag","embeddable":true,"href":"https:\/\/www.hoymercedes.com.ar\/principal\/wp-json\/wp\/v2\/tags?post=148167"}],"curies":[{"name":"wp","href":"https:\/\/api.w.org\/{rel}","templated":true}]}}