{"id":14826,"date":"2012-07-28T20:13:20","date_gmt":"2012-07-28T20:13:20","guid":{"rendered":"http:\/\/www.hoymercedes.com.ar\/principal\/?p=14826"},"modified":"2012-07-28T20:49:06","modified_gmt":"2012-07-28T20:49:06","slug":"se-votara-la-la-compensacion-de-partidas-y-aumento-presupuestario","status":"publish","type":"post","link":"https:\/\/www.hoymercedes.com.ar\/principal\/2012\/07\/28\/se-votara-la-la-compensacion-de-partidas-y-aumento-presupuestario\/","title":{"rendered":"\u00bfSe votar\u00e1 la compensaci\u00f3n de partidas y aumento presupuestario?"},"content":{"rendered":"<p>Hasta el cierre del horario administrativo del jueves los ediles no hab\u00edan recibido la propuesta de compensaci\u00f3n de partidas y posible incremento presupuestario que se hab\u00eda anunciado la semana pasada. As\u00ed y todos algunos ediles adelantaron acompa\u00f1ar\u00edan las modificaciones, aunque, aclaran, desean tener tiempo de leer y estudiar la presentaci\u00f3n.<\/p>\n<p>La semana pasada, en nuestro medio, el presidente del Concejo adelant\u00f3 que ser\u00eda elevada la propuesta para que los ediles pudiesen estudiarla durante los d\u00edas que restaban para llegar al 30 de este mes, sin embargo, dicha situaci\u00f3n no sucedi\u00f3.<\/p>\n<p>Extra oficialmente un concejal nos manifest\u00f3 que se aguardaba alguna definici\u00f3n del intendente as\u00ed como un potencial llamado del primer mandatario para efectuar alg\u00fan comentario complementario.<\/p>\n<p>Al respecto, consultados, representantes de diversas fuerzas sostuvieron que acompa\u00f1ar\u00edan en t\u00e9rminos generales dado que en las compensaciones no habr\u00eda mucho que debatir y en t\u00e9rminos de incremento como es parte de dinero ahorrado en el ejercicio anterior salgo cuesti\u00f3n extra\u00f1a o no esperada tambi\u00e9n dar\u00edan un si. De cualquier modos todos aclararon que eso en t\u00e9rminos de buena voluntad dado que siguen esperando ver los n\u00fameros en concreto.<\/p>\n<p>Juan Carlos Ben\u00edtez fue qui\u00e9n m\u00e1s lejos lleg\u00f3 dado que cuestion\u00f3 algunas de las cifras que vio en la presentaci\u00f3n semestral: \u201cHay cifras que no me parecen adecuadas. Hay rubros en lo que se ha gastado una suma importante, como en difusi\u00f3n de la cultura a nivel local y regional en la cual se ha gastado 2 millones seiscientos mil pesos y otros como seguridad con 891 mil pesos en viviendas 724 mil pesos con mucha diferencia como en servicio e higiene urbana, que es lo que la genta paga, con 3 millones ciento sesenta y siete. Es decir muy poca diferencia con la difusi\u00f3n de la cultura, que estamos de acuerdo, pero, entendemos debemos saber qu\u00e9 son esas cifras\u201d.<\/p>\n<p>En relaci\u00f3n al acompa\u00f1amiento Ben\u00edtez sostuvo que: \u201cha esta altura de la semana no ser\u00eda posible hacer un estudio detenido del proyecto en cuesti\u00f3n as\u00ed que seguramente pasar\u00e1 a comisi\u00f3n que estudiar\u00e1 el tema elevado por el Departamento Ejecutivo. En t\u00e9rminos generales tiene una actitud nuestro bloque que es favorecer el incremento de las partidas porque no vamos a utilizar las pautas que usan otros gobernantes que hacen las cosas en funci\u00f3n de expresiones partidarias. El a\u00f1o pasado sobraron 5 millones de pesos as\u00ed que tiene el derecho de usarlo porque ha sido un ahorro, pero, necesitamos estudiarlo y hacer nuestro aporte no es que vamos a levantar la mano solamente. Hay rubros a trabajar m\u00e1s que otros seguramente.\u201d<\/p>\n<p>In\u00e9s Ghione afirm\u00f3: \u201cTodav\u00eda no lo vimos. Si son compensaci\u00f3n de partidas en m\u00e1s sencillo para nosotros y de mi parte no creo tener problemas en acompa\u00f1ar porque l\u00f3gicamente tenes tal vez dinero que te sobra en un rubro y lo necesitas para cubrir otras necesidades que son m\u00e1s importantes o m\u00e1s urgente. Si es una ampliaci\u00f3n tendr\u00eda que ir a la comisi\u00f3n de haciendo y con los otros concejales, reunidos, analizarlo un poco m\u00e1s. Eso no significa que lo vaya o no a aprobar aunque si hay que decir que como est\u00e1 la provincia de Buenos Aires en un municipio que tiene los sueldos al d\u00eda y las prestaciones de servicio en buen funcionamiento una ampliaci\u00f3n suena l\u00f3gico. SI no hay nada raro tambi\u00e9n lo llegar\u00edamos a apoyar, pero, nos merecemos un tiempo de an\u00e1lisis. Lo otro no tanto porque no hay modificaci\u00f3n de montos sino de lugares a utilizar salgo cosa rid\u00edcula, claro, pero, se ver\u00e1 con los papeles en la mano. Si la propuesta es racional mi bloque acompa\u00f1ar\u00eda\u201d<\/p>\n<p>Desde el Frente Mercedino para la Victoria el concejal Juan Pablo L\u00f3pez se manifest\u00f3 en t\u00e9rminos de responsabilidad en cuando a las tareas a realizar: \u201cNo hemos a\u00fan visto ninguna propuesta. No pudimos estudiar en profundidad lo que se dice. Nosotros sostenemos la labor responsable y seria ante lo cual ser\u00eda apresurado dar una opini\u00f3n sobre algo que no conocemos\u201d.<\/p>\n<p>Jos\u00e9 Cestari, representante del MIC Mercedes, declar\u00f3: \u201cEn principio al no subir entendemos que todo lo que sea en beneficio del funcionamiento del municipio y que redunde en la calidad de vida de los mercedinos yo lo voy a acompa\u00f1ar, por supuesto lo voy a estudiar, ver, analizar, y hay que comprender que cuando se hace un presupuesto se hace con una inflaci\u00f3n estimada, pero que la misma es bastante alta. Siempre cuando hay esa situaci\u00f3n hay que adecuarla. Veremos cuales son las partidas que necesitan atenciones. Dicen algunas est\u00e1n agotadas. Yo creo que todas las barriales, limpieza, colocaci\u00f3n de tosca, etc, hay que acompa\u00f1arlo porque seguramente el presupuesto no ha alcanzado. Acompa\u00f1aremos, pero, hablamos sobre supuestos, hay que ver lo que eleven al Cuerpo.\u201d<\/p>\n","protected":false},"excerpt":{"rendered":"<p>Hasta el cierre del horario administrativo del jueves los ediles no hab\u00edan recibido la propuesta de compensaci\u00f3n de partidas y &#8230; <a title=\"\u00bfSe votar\u00e1 la compensaci\u00f3n de partidas y aumento presupuestario?\" class=\"read-more\" href=\"https:\/\/www.hoymercedes.com.ar\/principal\/2012\/07\/28\/se-votara-la-la-compensacion-de-partidas-y-aumento-presupuestario\/\" aria-label=\"Leer m\u00e1s sobre \u00bfSe votar\u00e1 la compensaci\u00f3n de partidas y aumento presupuestario?\">Leer m\u00e1s<\/a><\/p>\n","protected":false},"author":1,"featured_media":0,"comment_status":"open","ping_status":"open","sticky":false,"template":"","format":"standard","meta":{"_monsterinsights_skip_tracking":false,"_monsterinsights_sitenote_active":false,"_monsterinsights_sitenote_note":"","_monsterinsights_sitenote_category":0,"jetpack_post_was_ever_published":false,"_jetpack_newsletter_access":"","_jetpack_dont_email_post_to_subs":false,"_jetpack_newsletter_tier_id":0,"_jetpack_memberships_contains_paywalled_content":false,"_jetpack_memberships_contains_paid_content":false,"footnotes":"","jetpack_publicize_message":"","jetpack_publicize_feature_enabled":true,"jetpack_social_post_already_shared":false,"jetpack_social_options":{"image_generator_settings":{"template":"highway","default_image_id":0,"font":"","enabled":false},"version":2},"_wpas_customize_per_network":false},"categories":[5],"tags":[2567,1114,321,313,436,32],"class_list":["post-14826","post","type-post","status-publish","format-standard","hentry","category-politica","tag-concejo-delibernate","tag-ines-ghione","tag-jose-cestari","tag-juan-carlos-benitez","tag-marcelo-denapole","tag-presupuesto-mercedes","generate-columns","tablet-grid-50","mobile-grid-100","grid-parent","grid-50"],"jetpack_publicize_connections":[],"jetpack_featured_media_url":"","wps_subtitle":"","jetpack_sharing_enabled":true,"_links":{"self":[{"href":"https:\/\/www.hoymercedes.com.ar\/principal\/wp-json\/wp\/v2\/posts\/14826","targetHints":{"allow":["GET"]}}],"collection":[{"href":"https:\/\/www.hoymercedes.com.ar\/principal\/wp-json\/wp\/v2\/posts"}],"about":[{"href":"https:\/\/www.hoymercedes.com.ar\/principal\/wp-json\/wp\/v2\/types\/post"}],"author":[{"embeddable":true,"href":"https:\/\/www.hoymercedes.com.ar\/principal\/wp-json\/wp\/v2\/users\/1"}],"replies":[{"embeddable":true,"href":"https:\/\/www.hoymercedes.com.ar\/principal\/wp-json\/wp\/v2\/comments?post=14826"}],"version-history":[{"count":0,"href":"https:\/\/www.hoymercedes.com.ar\/principal\/wp-json\/wp\/v2\/posts\/14826\/revisions"}],"wp:attachment":[{"href":"https:\/\/www.hoymercedes.com.ar\/principal\/wp-json\/wp\/v2\/media?parent=14826"}],"wp:term":[{"taxonomy":"category","embeddable":true,"href":"https:\/\/www.hoymercedes.com.ar\/principal\/wp-json\/wp\/v2\/categories?post=14826"},{"taxonomy":"post_tag","embeddable":true,"href":"https:\/\/www.hoymercedes.com.ar\/principal\/wp-json\/wp\/v2\/tags?post=14826"}],"curies":[{"name":"wp","href":"https:\/\/api.w.org\/{rel}","templated":true}]}}