{"id":148273,"date":"2022-05-21T00:10:03","date_gmt":"2022-05-21T03:10:03","guid":{"rendered":"https:\/\/www.hoymercedes.com.ar\/principal\/?p=148273"},"modified":"2022-05-21T00:10:07","modified_gmt":"2022-05-21T03:10:07","slug":"mercedino-arrojo-por-el-aire-una-bolsa-llena-de-dinero-en-chivilcoy","status":"publish","type":"post","link":"https:\/\/www.hoymercedes.com.ar\/principal\/2022\/05\/21\/mercedino-arrojo-por-el-aire-una-bolsa-llena-de-dinero-en-chivilcoy\/","title":{"rendered":"Mercedino arroj\u00f3 por el aire una bolsa llena de dinero en Chivilcoy"},"content":{"rendered":"\n<p>En la ma\u00f1ana de este viernes, en la vereda del Petit Hotel de la localidad de Chivilcoy, un cliente \u00abarroj\u00f3 por el aire una bolsa llena de fajos de billetes. Este suceso provoc\u00f3 la presencia de m\u00f3viles policiales en el hotel y su propietario cont\u00f3 que la persona que habr\u00eda tirado el dinero se registr\u00f3 como oriundo de Mercedes. <\/p>\n\n\n\n<div class=\"wp-block-image\"><figure class=\"aligncenter size-full\"><img loading=\"lazy\" decoding=\"async\" width=\"800\" height=\"534\" data-attachment-id=\"148284\" data-permalink=\"https:\/\/www.hoymercedes.com.ar\/principal\/2022\/05\/21\/mercedino-arrojo-por-el-aire-una-bolsa-llena-de-dinero-en-chivilcoy\/chivilcoy-plata-hotel-2\/#main\" data-orig-file=\"https:\/\/www.hoymercedes.com.ar\/principal\/wp-content\/uploads\/2022\/05\/chivilcoy-plata-hotel-2.jpeg\" data-orig-size=\"800,534\" data-comments-opened=\"0\" data-image-meta=\"{&quot;aperture&quot;:&quot;0&quot;,&quot;credit&quot;:&quot;&quot;,&quot;camera&quot;:&quot;&quot;,&quot;caption&quot;:&quot;&quot;,&quot;created_timestamp&quot;:&quot;1653088958&quot;,&quot;copyright&quot;:&quot;&quot;,&quot;focal_length&quot;:&quot;0&quot;,&quot;iso&quot;:&quot;0&quot;,&quot;shutter_speed&quot;:&quot;0&quot;,&quot;title&quot;:&quot;&quot;,&quot;orientation&quot;:&quot;1&quot;}\" data-image-title=\"chivilcoy plata hotel 2\" data-image-description=\"\" data-image-caption=\"\" data-large-file=\"https:\/\/www.hoymercedes.com.ar\/principal\/wp-content\/uploads\/2022\/05\/chivilcoy-plata-hotel-2.jpeg\" src=\"https:\/\/www.hoymercedes.com.ar\/principal\/wp-content\/uploads\/2022\/05\/chivilcoy-plata-hotel-2.jpeg\" alt=\"\" class=\"wp-image-148284\" srcset=\"https:\/\/www.hoymercedes.com.ar\/principal\/wp-content\/uploads\/2022\/05\/chivilcoy-plata-hotel-2.jpeg 800w, https:\/\/www.hoymercedes.com.ar\/principal\/wp-content\/uploads\/2022\/05\/chivilcoy-plata-hotel-2-630x421.jpeg 630w, https:\/\/www.hoymercedes.com.ar\/principal\/wp-content\/uploads\/2022\/05\/chivilcoy-plata-hotel-2-150x100.jpeg 150w\" sizes=\"auto, (max-width: 800px) 100vw, 800px\" \/><\/figure><\/div>\n\n\n\n<p>\u00abLa persona ingres\u00f3 al hotel en la tarde del jueves, dijo ser de la ciudad de Mercedes, y se registr\u00f3 como Jos\u00e9 Aranda, de 36 a\u00f1os de edad\u00bb, tal como cont\u00f3 Waltar Armagno, propietario del Petit Hotel de Chivilcoy. En el transcurso de la noche, comenz\u00f3 a ocasionar algunos disturbios, molestando al conserje para que llame a la Polic\u00eda porque hab\u00eda personas en los pasillos y escuchaba ruidos, algo que no era cierto, ya que la mayor\u00eda de los hu\u00e9spedes se encontraban durmiendo por ser bastante tarde\u00bb. <\/p>\n\n\n\n<p>Asimismo, el propietario del Hotel cont\u00f3 que sus empleados del turno noche indicaron que Aranda habr\u00eda llamado (o pretendido llamar) a la Polic\u00eda con su tel\u00e9fono celular al menos en tres ocasiones, meintras ped\u00eda que el Conserje llame a la Polic\u00eda. \u00abNo estaba alcoholizado por lo que apreciaron los ampleados, s\u00ed en un estado particular, nervioso. Al ingresar al hotel coment\u00f3 que hab\u00eda venido a Chivilcoy a comprar un auto\u00bb, agrego Armagno. <\/p>\n\n\n\n<p>Finalmente el Conserje se comunic\u00f3 con el 911 y el servicio de emergencia. Llega el movil policial y en ese momento habr\u00eda comenzado a tirar los billetes por el aire. \u00abEsta persona que ya estaba bastante nerviosa, fuera de s\u00ed, se puso violenta al ver a la polic\u00eda y arroj\u00f3 por el aire una bolsa llena de dinero. Era la primera vez que esta persona se alojaba en el hotel. Se lo llevaron cerca de la 7:30 horas. Fue un hecho completamente at\u00edpico para nostros. Es la primera vez que nos pasa algo as\u00ed\u00bb, explic\u00f3 Armagno. <\/p>\n\n\n\n<p>\u00abEst\u00e1 todo grabado (por las c\u00e1maras de seguridad), suponemos que la polic\u00eda va a llevarse el material f\u00edlmico si es necesario, tambi\u00e9n una de nuestras asistentes lo film\u00f3 con el celular por las dudas. Tambi\u00e9n fue ella la que tuvo que acompa\u00f1ar a la polci\u00eda en calidad de testigo por el tema del dinero arrojado, que, a primera impresi\u00f3n, parec\u00eda mucho por la cantidad de fajos billetes que hab\u00eda diseminados por la vereda. Era una bolsa negra del tipo de consorcio, con mucha cantidad de billetes, pero desconozco la cantidad\u00bb, explic\u00f3 el titular del hotel. <\/p>\n\n\n\n<p>Por otra parte, las autoridades de seguridad confirmaron que el valor asciende a unos 400 mil pesos aproximadamente y que era producto de unos ahorros familiares, habiendo sido contactada su familia en Mercedes. Adem\u00e1s, se indic\u00f3 que la persona fue contenida y derivada en responsabilidad de sus familiares. <\/p>\n\n\n\n<p>Fuente: La Raz\u00f3n de Chivilcoy<\/p>\n\n\n\n<div class=\"wp-block-image\"><figure class=\"aligncenter size-full\"><img loading=\"lazy\" decoding=\"async\" width=\"800\" height=\"534\" data-attachment-id=\"148285\" data-permalink=\"https:\/\/www.hoymercedes.com.ar\/principal\/2022\/05\/21\/mercedino-arrojo-por-el-aire-una-bolsa-llena-de-dinero-en-chivilcoy\/chivilcoy-plata-hotel-1\/#main\" data-orig-file=\"https:\/\/www.hoymercedes.com.ar\/principal\/wp-content\/uploads\/2022\/05\/chivilcoy-plata-hotel-1.jpeg\" data-orig-size=\"800,534\" data-comments-opened=\"0\" data-image-meta=\"{&quot;aperture&quot;:&quot;0&quot;,&quot;credit&quot;:&quot;&quot;,&quot;camera&quot;:&quot;&quot;,&quot;caption&quot;:&quot;&quot;,&quot;created_timestamp&quot;:&quot;1653088938&quot;,&quot;copyright&quot;:&quot;&quot;,&quot;focal_length&quot;:&quot;0&quot;,&quot;iso&quot;:&quot;0&quot;,&quot;shutter_speed&quot;:&quot;0&quot;,&quot;title&quot;:&quot;&quot;,&quot;orientation&quot;:&quot;1&quot;}\" data-image-title=\"chivilcoy plata hotel 1\" data-image-description=\"\" data-image-caption=\"\" data-large-file=\"https:\/\/www.hoymercedes.com.ar\/principal\/wp-content\/uploads\/2022\/05\/chivilcoy-plata-hotel-1.jpeg\" src=\"https:\/\/www.hoymercedes.com.ar\/principal\/wp-content\/uploads\/2022\/05\/chivilcoy-plata-hotel-1.jpeg\" alt=\"\" class=\"wp-image-148285\" srcset=\"https:\/\/www.hoymercedes.com.ar\/principal\/wp-content\/uploads\/2022\/05\/chivilcoy-plata-hotel-1.jpeg 800w, https:\/\/www.hoymercedes.com.ar\/principal\/wp-content\/uploads\/2022\/05\/chivilcoy-plata-hotel-1-630x421.jpeg 630w, https:\/\/www.hoymercedes.com.ar\/principal\/wp-content\/uploads\/2022\/05\/chivilcoy-plata-hotel-1-150x100.jpeg 150w\" sizes=\"auto, (max-width: 800px) 100vw, 800px\" \/><\/figure><\/div>\n\n\n\n<p><\/p>\n","protected":false},"excerpt":{"rendered":"<p>En la ma\u00f1ana de este viernes, en la vereda del Petit Hotel de la localidad de Chivilcoy, un cliente \u00abarroj\u00f3 &#8230; <a title=\"Mercedino arroj\u00f3 por el aire una bolsa llena de dinero en Chivilcoy\" class=\"read-more\" href=\"https:\/\/www.hoymercedes.com.ar\/principal\/2022\/05\/21\/mercedino-arrojo-por-el-aire-una-bolsa-llena-de-dinero-en-chivilcoy\/\" aria-label=\"Leer m\u00e1s sobre Mercedino arroj\u00f3 por el aire una bolsa llena de dinero en Chivilcoy\">Leer m\u00e1s<\/a><\/p>\n","protected":false},"author":1,"featured_media":148285,"comment_status":"closed","ping_status":"open","sticky":false,"template":"","format":"standard","meta":{"_monsterinsights_skip_tracking":false,"_monsterinsights_sitenote_active":false,"_monsterinsights_sitenote_note":"","_monsterinsights_sitenote_category":0,"jetpack_post_was_ever_published":false,"_jetpack_newsletter_access":"","_jetpack_dont_email_post_to_subs":false,"_jetpack_newsletter_tier_id":0,"_jetpack_memberships_contains_paywalled_content":false,"_jetpack_memberships_contains_paid_content":false,"footnotes":"","jetpack_publicize_message":"","jetpack_publicize_feature_enabled":true,"jetpack_social_post_already_shared":true,"jetpack_social_options":{"image_generator_settings":{"template":"highway","default_image_id":0,"font":"","enabled":false},"version":2},"_wpas_customize_per_network":false},"categories":[85],"tags":[],"class_list":["post-148273","post","type-post","status-publish","format-standard","has-post-thumbnail","hentry","category-policial","generate-columns","tablet-grid-50","mobile-grid-100","grid-parent","grid-50"],"jetpack_publicize_connections":[],"jetpack_featured_media_url":"https:\/\/www.hoymercedes.com.ar\/principal\/wp-content\/uploads\/2022\/05\/chivilcoy-plata-hotel-1.jpeg","wps_subtitle":"","jetpack_sharing_enabled":true,"_links":{"self":[{"href":"https:\/\/www.hoymercedes.com.ar\/principal\/wp-json\/wp\/v2\/posts\/148273","targetHints":{"allow":["GET"]}}],"collection":[{"href":"https:\/\/www.hoymercedes.com.ar\/principal\/wp-json\/wp\/v2\/posts"}],"about":[{"href":"https:\/\/www.hoymercedes.com.ar\/principal\/wp-json\/wp\/v2\/types\/post"}],"author":[{"embeddable":true,"href":"https:\/\/www.hoymercedes.com.ar\/principal\/wp-json\/wp\/v2\/users\/1"}],"replies":[{"embeddable":true,"href":"https:\/\/www.hoymercedes.com.ar\/principal\/wp-json\/wp\/v2\/comments?post=148273"}],"version-history":[{"count":0,"href":"https:\/\/www.hoymercedes.com.ar\/principal\/wp-json\/wp\/v2\/posts\/148273\/revisions"}],"wp:featuredmedia":[{"embeddable":true,"href":"https:\/\/www.hoymercedes.com.ar\/principal\/wp-json\/wp\/v2\/media\/148285"}],"wp:attachment":[{"href":"https:\/\/www.hoymercedes.com.ar\/principal\/wp-json\/wp\/v2\/media?parent=148273"}],"wp:term":[{"taxonomy":"category","embeddable":true,"href":"https:\/\/www.hoymercedes.com.ar\/principal\/wp-json\/wp\/v2\/categories?post=148273"},{"taxonomy":"post_tag","embeddable":true,"href":"https:\/\/www.hoymercedes.com.ar\/principal\/wp-json\/wp\/v2\/tags?post=148273"}],"curies":[{"name":"wp","href":"https:\/\/api.w.org\/{rel}","templated":true}]}}