{"id":148302,"date":"2022-05-21T16:10:00","date_gmt":"2022-05-21T19:10:00","guid":{"rendered":"https:\/\/www.hoymercedes.com.ar\/principal\/?p=148302"},"modified":"2022-05-21T15:35:41","modified_gmt":"2022-05-21T18:35:41","slug":"el-tren-turistico-en-la-estacion-trocha-ultimando-los-detalles-tecnicos","status":"publish","type":"post","link":"https:\/\/www.hoymercedes.com.ar\/principal\/2022\/05\/21\/el-tren-turistico-en-la-estacion-trocha-ultimando-los-detalles-tecnicos\/","title":{"rendered":"El tren tur\u00edstico en la estaci\u00f3n Trocha ultimando los detalles t\u00e9cnicos"},"content":{"rendered":"\n<p>Desde el Municipio de Mercedes informaron que la formaci\u00f3n ferroviaria que tendr\u00e1 como fin un recorrido tur\u00edstico que una La Trocha con Tom\u00e1s Jofr\u00e9 \u00abse encuentra recibiendo los detalles t\u00e9cnicos necesarios\u00bb. <\/p>\n\n\n\n<p>\u00abEs uno de los pocos trenes que tendr\u00e1 un objetivo tur\u00edstico del pa\u00eds, siendo muy valioso el impulso que dio el ministro De Pedro a este sue\u00f1o que con el apoyo de Trenes Argentinos y m\u00faltiples gestiones municipales hoy vemos cada d\u00eda m\u00e1s cerca. Este nuevo tren buscar\u00e1 unir Jofr\u00e9, con su nueva y flamante estaci\u00f3n construida especialmente para el emprendimiento, con Altamira en su restaurado e hist\u00f3rico edificio y nuestro casco c\u00e9ntrico en La Trocha\u00bb, expresaron desde el \u00e1rea de Turismo. <\/p>\n\n\n\n<div class=\"wp-block-image\"><figure class=\"aligncenter size-large\"><img loading=\"lazy\" decoding=\"async\" width=\"1024\" height=\"576\" data-attachment-id=\"148303\" data-permalink=\"https:\/\/www.hoymercedes.com.ar\/principal\/2022\/05\/21\/el-tren-turistico-en-la-estacion-trocha-ultimando-los-detalles-tecnicos\/dsc08298\/#main\" data-orig-file=\"https:\/\/www.hoymercedes.com.ar\/principal\/wp-content\/uploads\/2022\/05\/DSC08298-e1653158105949.jpg\" data-orig-size=\"800,450\" data-comments-opened=\"0\" data-image-meta=\"{&quot;aperture&quot;:&quot;0&quot;,&quot;credit&quot;:&quot;&quot;,&quot;camera&quot;:&quot;&quot;,&quot;caption&quot;:&quot;&quot;,&quot;created_timestamp&quot;:&quot;0&quot;,&quot;copyright&quot;:&quot;&quot;,&quot;focal_length&quot;:&quot;0&quot;,&quot;iso&quot;:&quot;0&quot;,&quot;shutter_speed&quot;:&quot;0&quot;,&quot;title&quot;:&quot;&quot;,&quot;orientation&quot;:&quot;0&quot;}\" data-image-title=\"DSC08298\" data-image-description=\"\" data-image-caption=\"\" data-large-file=\"https:\/\/www.hoymercedes.com.ar\/principal\/wp-content\/uploads\/2022\/05\/DSC08298-1024x576.jpg\" src=\"https:\/\/www.hoymercedes.com.ar\/principal\/wp-content\/uploads\/2022\/05\/DSC08298-1024x576.jpg\" alt=\"\" class=\"wp-image-148303\"\/><\/figure><\/div>\n","protected":false},"excerpt":{"rendered":"<p>Desde el Municipio de Mercedes informaron que la formaci\u00f3n ferroviaria que tendr\u00e1 como fin un recorrido tur\u00edstico que una La &#8230; <a title=\"El tren tur\u00edstico en la estaci\u00f3n Trocha ultimando los detalles t\u00e9cnicos\" class=\"read-more\" href=\"https:\/\/www.hoymercedes.com.ar\/principal\/2022\/05\/21\/el-tren-turistico-en-la-estacion-trocha-ultimando-los-detalles-tecnicos\/\" aria-label=\"Leer m\u00e1s sobre El tren tur\u00edstico en la estaci\u00f3n Trocha ultimando los detalles t\u00e9cnicos\">Leer m\u00e1s<\/a><\/p>\n","protected":false},"author":1,"featured_media":148303,"comment_status":"closed","ping_status":"open","sticky":false,"template":"","format":"standard","meta":{"_monsterinsights_skip_tracking":false,"_monsterinsights_sitenote_active":false,"_monsterinsights_sitenote_note":"","_monsterinsights_sitenote_category":0,"jetpack_post_was_ever_published":false,"_jetpack_newsletter_access":"","_jetpack_dont_email_post_to_subs":false,"_jetpack_newsletter_tier_id":0,"_jetpack_memberships_contains_paywalled_content":false,"_jetpack_memberships_contains_paid_content":false,"footnotes":"","jetpack_publicize_message":"","jetpack_publicize_feature_enabled":true,"jetpack_social_post_already_shared":true,"jetpack_social_options":{"image_generator_settings":{"template":"highway","default_image_id":0,"font":"","enabled":false},"version":2},"_wpas_customize_per_network":false},"categories":[30],"tags":[244],"class_list":["post-148302","post","type-post","status-publish","format-standard","has-post-thumbnail","hentry","category-municipio","tag-municipio-2","generate-columns","tablet-grid-50","mobile-grid-100","grid-parent","grid-50"],"jetpack_publicize_connections":[],"jetpack_featured_media_url":"https:\/\/www.hoymercedes.com.ar\/principal\/wp-content\/uploads\/2022\/05\/DSC08298-e1653158105949.jpg","wps_subtitle":"","jetpack_sharing_enabled":true,"_links":{"self":[{"href":"https:\/\/www.hoymercedes.com.ar\/principal\/wp-json\/wp\/v2\/posts\/148302","targetHints":{"allow":["GET"]}}],"collection":[{"href":"https:\/\/www.hoymercedes.com.ar\/principal\/wp-json\/wp\/v2\/posts"}],"about":[{"href":"https:\/\/www.hoymercedes.com.ar\/principal\/wp-json\/wp\/v2\/types\/post"}],"author":[{"embeddable":true,"href":"https:\/\/www.hoymercedes.com.ar\/principal\/wp-json\/wp\/v2\/users\/1"}],"replies":[{"embeddable":true,"href":"https:\/\/www.hoymercedes.com.ar\/principal\/wp-json\/wp\/v2\/comments?post=148302"}],"version-history":[{"count":0,"href":"https:\/\/www.hoymercedes.com.ar\/principal\/wp-json\/wp\/v2\/posts\/148302\/revisions"}],"wp:featuredmedia":[{"embeddable":true,"href":"https:\/\/www.hoymercedes.com.ar\/principal\/wp-json\/wp\/v2\/media\/148303"}],"wp:attachment":[{"href":"https:\/\/www.hoymercedes.com.ar\/principal\/wp-json\/wp\/v2\/media?parent=148302"}],"wp:term":[{"taxonomy":"category","embeddable":true,"href":"https:\/\/www.hoymercedes.com.ar\/principal\/wp-json\/wp\/v2\/categories?post=148302"},{"taxonomy":"post_tag","embeddable":true,"href":"https:\/\/www.hoymercedes.com.ar\/principal\/wp-json\/wp\/v2\/tags?post=148302"}],"curies":[{"name":"wp","href":"https:\/\/api.w.org\/{rel}","templated":true}]}}