{"id":148331,"date":"2022-05-22T11:15:00","date_gmt":"2022-05-22T14:15:00","guid":{"rendered":"https:\/\/www.hoymercedes.com.ar\/principal\/?p=148331"},"modified":"2022-05-22T12:31:40","modified_gmt":"2022-05-22T15:31:40","slug":"cortes-en-el-transito-por-arreglos-en-calles-y-vias","status":"publish","type":"post","link":"https:\/\/www.hoymercedes.com.ar\/principal\/2022\/05\/22\/cortes-en-el-transito-por-arreglos-en-calles-y-vias\/","title":{"rendered":"Cortes en el tr\u00e1nsito por arreglos en calles y v\u00edas"},"content":{"rendered":"\n<p>Desde el Municipio de Mercedes informan que est\u00e1n cerrado al tr\u00e1nsito dos sitios de la ciudad. Por un lado, la calle 34 en la intersecci\u00f3n con la Ruta 41, mientras que el paso a nivel de la calle 11 tambi\u00e9n permanecer\u00e1 cerrado por 21 d\u00edas. <\/p>\n\n\n\n<p>\u00c9ste \u00faltimo corte, el de la calle 11, es por los arreglos que est\u00e1n realizando en las v\u00edas y que motivaron los cortes en los pasos a nivel de las avenidas 17 y 29. \u00abLes pedimos disculpas y paciencia a los vecinos, por la incomodidad que a veces generan estos cortes, pero es una obra necesaria y que nos permitir\u00e1 por un largo tiempo, tener un paso a nivel en condiciones en beneficio de todos\u201d, expres\u00f3 Gonzalo Anselmo. \u00a0<\/p>\n\n\n\n<figure class=\"wp-block-image size-large\"><img loading=\"lazy\" decoding=\"async\" width=\"1024\" height=\"1024\" data-attachment-id=\"148332\" data-permalink=\"https:\/\/www.hoymercedes.com.ar\/principal\/2022\/05\/22\/cortes-en-el-transito-por-arreglos-en-calles-y-vias\/whatsapp-image-2022-05-20-at-10-28-15-pm\/#main\" data-orig-file=\"https:\/\/www.hoymercedes.com.ar\/principal\/wp-content\/uploads\/2022\/05\/WhatsApp-Image-2022-05-20-at-10.28.15-PM-e1653233194159.jpeg\" data-orig-size=\"800,800\" data-comments-opened=\"0\" data-image-meta=\"{&quot;aperture&quot;:&quot;0&quot;,&quot;credit&quot;:&quot;&quot;,&quot;camera&quot;:&quot;&quot;,&quot;caption&quot;:&quot;&quot;,&quot;created_timestamp&quot;:&quot;0&quot;,&quot;copyright&quot;:&quot;&quot;,&quot;focal_length&quot;:&quot;0&quot;,&quot;iso&quot;:&quot;0&quot;,&quot;shutter_speed&quot;:&quot;0&quot;,&quot;title&quot;:&quot;&quot;,&quot;orientation&quot;:&quot;0&quot;}\" data-image-title=\"WhatsApp Image 2022-05-20 at 10.28.15 PM\" data-image-description=\"\" data-image-caption=\"\" data-large-file=\"https:\/\/www.hoymercedes.com.ar\/principal\/wp-content\/uploads\/2022\/05\/WhatsApp-Image-2022-05-20-at-10.28.15-PM-1024x1024.jpeg\" src=\"https:\/\/www.hoymercedes.com.ar\/principal\/wp-content\/uploads\/2022\/05\/WhatsApp-Image-2022-05-20-at-10.28.15-PM-1024x1024.jpeg\" alt=\"\" class=\"wp-image-148332\"\/><\/figure>\n","protected":false},"excerpt":{"rendered":"<p>Desde el Municipio de Mercedes informan que est\u00e1n cerrado al tr\u00e1nsito dos sitios de la ciudad. Por un lado, la &#8230; <a title=\"Cortes en el tr\u00e1nsito por arreglos en calles y v\u00edas\" class=\"read-more\" href=\"https:\/\/www.hoymercedes.com.ar\/principal\/2022\/05\/22\/cortes-en-el-transito-por-arreglos-en-calles-y-vias\/\" aria-label=\"Leer m\u00e1s sobre Cortes en el tr\u00e1nsito por arreglos en calles y v\u00edas\">Leer m\u00e1s<\/a><\/p>\n","protected":false},"author":1,"featured_media":148332,"comment_status":"closed","ping_status":"open","sticky":false,"template":"","format":"standard","meta":{"_monsterinsights_skip_tracking":false,"_monsterinsights_sitenote_active":false,"_monsterinsights_sitenote_note":"","_monsterinsights_sitenote_category":0,"jetpack_post_was_ever_published":false,"_jetpack_newsletter_access":"","_jetpack_dont_email_post_to_subs":false,"_jetpack_newsletter_tier_id":0,"_jetpack_memberships_contains_paywalled_content":false,"_jetpack_memberships_contains_paid_content":false,"footnotes":"","jetpack_publicize_message":"","jetpack_publicize_feature_enabled":true,"jetpack_social_post_already_shared":true,"jetpack_social_options":{"image_generator_settings":{"template":"highway","default_image_id":0,"font":"","enabled":false},"version":2},"_wpas_customize_per_network":false},"categories":[8],"tags":[244],"class_list":["post-148331","post","type-post","status-publish","format-standard","has-post-thumbnail","hentry","category-sociedad","tag-municipio-2","generate-columns","tablet-grid-50","mobile-grid-100","grid-parent","grid-50"],"jetpack_publicize_connections":[],"jetpack_featured_media_url":"https:\/\/www.hoymercedes.com.ar\/principal\/wp-content\/uploads\/2022\/05\/WhatsApp-Image-2022-05-20-at-10.28.15-PM-e1653233194159.jpeg","wps_subtitle":"","jetpack_sharing_enabled":true,"_links":{"self":[{"href":"https:\/\/www.hoymercedes.com.ar\/principal\/wp-json\/wp\/v2\/posts\/148331","targetHints":{"allow":["GET"]}}],"collection":[{"href":"https:\/\/www.hoymercedes.com.ar\/principal\/wp-json\/wp\/v2\/posts"}],"about":[{"href":"https:\/\/www.hoymercedes.com.ar\/principal\/wp-json\/wp\/v2\/types\/post"}],"author":[{"embeddable":true,"href":"https:\/\/www.hoymercedes.com.ar\/principal\/wp-json\/wp\/v2\/users\/1"}],"replies":[{"embeddable":true,"href":"https:\/\/www.hoymercedes.com.ar\/principal\/wp-json\/wp\/v2\/comments?post=148331"}],"version-history":[{"count":0,"href":"https:\/\/www.hoymercedes.com.ar\/principal\/wp-json\/wp\/v2\/posts\/148331\/revisions"}],"wp:featuredmedia":[{"embeddable":true,"href":"https:\/\/www.hoymercedes.com.ar\/principal\/wp-json\/wp\/v2\/media\/148332"}],"wp:attachment":[{"href":"https:\/\/www.hoymercedes.com.ar\/principal\/wp-json\/wp\/v2\/media?parent=148331"}],"wp:term":[{"taxonomy":"category","embeddable":true,"href":"https:\/\/www.hoymercedes.com.ar\/principal\/wp-json\/wp\/v2\/categories?post=148331"},{"taxonomy":"post_tag","embeddable":true,"href":"https:\/\/www.hoymercedes.com.ar\/principal\/wp-json\/wp\/v2\/tags?post=148331"}],"curies":[{"name":"wp","href":"https:\/\/api.w.org\/{rel}","templated":true}]}}