{"id":148366,"date":"2022-05-23T11:20:00","date_gmt":"2022-05-23T14:20:00","guid":{"rendered":"https:\/\/www.hoymercedes.com.ar\/principal\/?p=148366"},"modified":"2022-05-23T11:09:38","modified_gmt":"2022-05-23T14:09:38","slug":"aprehenden-a-sospechoso-de-robar-comercio","status":"publish","type":"post","link":"https:\/\/www.hoymercedes.com.ar\/principal\/2022\/05\/23\/aprehenden-a-sospechoso-de-robar-comercio\/","title":{"rendered":"Aprehenden a sospechoso de robar comercio"},"content":{"rendered":"\n<p>Semanas atr\u00e1s, robaron un comercio. Hecho que se ven\u00eda investigando. De acuerdo a las caracter\u00edsticas y pistas obtenidas, la Polic\u00eda Comunal detuvo a un hombre de 27 a\u00f1os el domingo \u00faltimo. Minutos antes habr\u00eda cometido un il\u00edcito de similares caracter\u00edsticas del investigado. <\/p>\n\n\n\n<div class=\"wp-block-image\"><figure class=\"aligncenter size-full\"><img loading=\"lazy\" decoding=\"async\" width=\"800\" height=\"800\" data-attachment-id=\"148368\" data-permalink=\"https:\/\/www.hoymercedes.com.ar\/principal\/2022\/05\/23\/aprehenden-a-sospechoso-de-robar-comercio\/whatsapp-image-2022-05-23-at-10-47-56-am\/#main\" data-orig-file=\"https:\/\/www.hoymercedes.com.ar\/principal\/wp-content\/uploads\/2022\/05\/WhatsApp-Image-2022-05-23-at-10.47.56-AM.jpeg\" data-orig-size=\"800,800\" data-comments-opened=\"0\" data-image-meta=\"{&quot;aperture&quot;:&quot;0&quot;,&quot;credit&quot;:&quot;&quot;,&quot;camera&quot;:&quot;&quot;,&quot;caption&quot;:&quot;&quot;,&quot;created_timestamp&quot;:&quot;0&quot;,&quot;copyright&quot;:&quot;&quot;,&quot;focal_length&quot;:&quot;0&quot;,&quot;iso&quot;:&quot;0&quot;,&quot;shutter_speed&quot;:&quot;0&quot;,&quot;title&quot;:&quot;&quot;,&quot;orientation&quot;:&quot;0&quot;}\" data-image-title=\"WhatsApp Image 2022-05-23 at 10.47.56 AM\" data-image-description=\"\" data-image-caption=\"\" data-large-file=\"https:\/\/www.hoymercedes.com.ar\/principal\/wp-content\/uploads\/2022\/05\/WhatsApp-Image-2022-05-23-at-10.47.56-AM.jpeg\" src=\"https:\/\/www.hoymercedes.com.ar\/principal\/wp-content\/uploads\/2022\/05\/WhatsApp-Image-2022-05-23-at-10.47.56-AM.jpeg\" alt=\"\" class=\"wp-image-148368\" srcset=\"https:\/\/www.hoymercedes.com.ar\/principal\/wp-content\/uploads\/2022\/05\/WhatsApp-Image-2022-05-23-at-10.47.56-AM.jpeg 800w, https:\/\/www.hoymercedes.com.ar\/principal\/wp-content\/uploads\/2022\/05\/WhatsApp-Image-2022-05-23-at-10.47.56-AM-620x620.jpeg 620w, https:\/\/www.hoymercedes.com.ar\/principal\/wp-content\/uploads\/2022\/05\/WhatsApp-Image-2022-05-23-at-10.47.56-AM-150x150.jpeg 150w\" sizes=\"auto, (max-width: 800px) 100vw, 800px\" \/><\/figure><\/div>\n\n\n\n<p>De acuerdo a la informaci\u00f3n trascendida, la Polic\u00eda Comunal tom\u00f3 testimonios y pudo cotejarse los datos previos, recuperar los bienes robados y entrecurzarse la informaci\u00f3n para luego hacer el rastrillaje correspondiente. Es as\u00ed que se supo que \u00abel modus operandi inclu\u00eda la utilizaci\u00f3n de un cuchillo para hacer robos r\u00e1pidos en comercios\u00bb. Al sospechoso se le imputan ahora dos hechos de similares caracter\u00edsticas en la misma zona.<\/p>\n\n\n\n<p>Finalmente, y tras allanamiento, se detuvo al sospechoso que est\u00e1 a disposici\u00f3n de la Fiscal\u00eda N\u00b0 6 del Departamento Judicial Mercedes. <\/p>\n\n\n\n<p>Cabe destacar que por cuestiones que hacen a la investigaci\u00f3n, se solicita que el rostro del sospechoso no sea mostrado publicamente. <\/p>\n\n\n\n<div class=\"wp-block-image\"><figure class=\"aligncenter size-full\"><img loading=\"lazy\" decoding=\"async\" width=\"800\" height=\"654\" data-attachment-id=\"148367\" data-permalink=\"https:\/\/www.hoymercedes.com.ar\/principal\/2022\/05\/23\/aprehenden-a-sospechoso-de-robar-comercio\/whatsapp-image-2022-05-23-at-10-47-52-am\/#main\" data-orig-file=\"https:\/\/www.hoymercedes.com.ar\/principal\/wp-content\/uploads\/2022\/05\/WhatsApp-Image-2022-05-23-at-10.47.52-AM.jpeg\" data-orig-size=\"800,654\" data-comments-opened=\"0\" data-image-meta=\"{&quot;aperture&quot;:&quot;0&quot;,&quot;credit&quot;:&quot;&quot;,&quot;camera&quot;:&quot;&quot;,&quot;caption&quot;:&quot;&quot;,&quot;created_timestamp&quot;:&quot;0&quot;,&quot;copyright&quot;:&quot;&quot;,&quot;focal_length&quot;:&quot;0&quot;,&quot;iso&quot;:&quot;0&quot;,&quot;shutter_speed&quot;:&quot;0&quot;,&quot;title&quot;:&quot;&quot;,&quot;orientation&quot;:&quot;0&quot;}\" data-image-title=\"WhatsApp Image 2022-05-23 at 10.47.52 AM\" data-image-description=\"\" data-image-caption=\"\" data-large-file=\"https:\/\/www.hoymercedes.com.ar\/principal\/wp-content\/uploads\/2022\/05\/WhatsApp-Image-2022-05-23-at-10.47.52-AM.jpeg\" src=\"https:\/\/www.hoymercedes.com.ar\/principal\/wp-content\/uploads\/2022\/05\/WhatsApp-Image-2022-05-23-at-10.47.52-AM.jpeg\" alt=\"\" class=\"wp-image-148367\" srcset=\"https:\/\/www.hoymercedes.com.ar\/principal\/wp-content\/uploads\/2022\/05\/WhatsApp-Image-2022-05-23-at-10.47.52-AM.jpeg 800w, https:\/\/www.hoymercedes.com.ar\/principal\/wp-content\/uploads\/2022\/05\/WhatsApp-Image-2022-05-23-at-10.47.52-AM-630x515.jpeg 630w, https:\/\/www.hoymercedes.com.ar\/principal\/wp-content\/uploads\/2022\/05\/WhatsApp-Image-2022-05-23-at-10.47.52-AM-150x123.jpeg 150w\" sizes=\"auto, (max-width: 800px) 100vw, 800px\" \/><\/figure><\/div>\n","protected":false},"excerpt":{"rendered":"<p>Semanas atr\u00e1s, robaron un comercio. Hecho que se ven\u00eda investigando. De acuerdo a las caracter\u00edsticas y pistas obtenidas, la Polic\u00eda &#8230; <a title=\"Aprehenden a sospechoso de robar comercio\" class=\"read-more\" href=\"https:\/\/www.hoymercedes.com.ar\/principal\/2022\/05\/23\/aprehenden-a-sospechoso-de-robar-comercio\/\" aria-label=\"Leer m\u00e1s sobre Aprehenden a sospechoso de robar comercio\">Leer m\u00e1s<\/a><\/p>\n","protected":false},"author":1,"featured_media":148368,"comment_status":"closed","ping_status":"open","sticky":false,"template":"","format":"standard","meta":{"_monsterinsights_skip_tracking":false,"_monsterinsights_sitenote_active":false,"_monsterinsights_sitenote_note":"","_monsterinsights_sitenote_category":0,"jetpack_post_was_ever_published":false,"_jetpack_newsletter_access":"","_jetpack_dont_email_post_to_subs":false,"_jetpack_newsletter_tier_id":0,"_jetpack_memberships_contains_paywalled_content":false,"_jetpack_memberships_contains_paid_content":false,"footnotes":"","jetpack_publicize_message":"","jetpack_publicize_feature_enabled":true,"jetpack_social_post_already_shared":true,"jetpack_social_options":{"image_generator_settings":{"template":"highway","default_image_id":0,"font":"","enabled":false},"version":2},"_wpas_customize_per_network":false},"categories":[85],"tags":[],"class_list":["post-148366","post","type-post","status-publish","format-standard","has-post-thumbnail","hentry","category-policial","generate-columns","tablet-grid-50","mobile-grid-100","grid-parent","grid-50"],"jetpack_publicize_connections":[],"jetpack_featured_media_url":"https:\/\/www.hoymercedes.com.ar\/principal\/wp-content\/uploads\/2022\/05\/WhatsApp-Image-2022-05-23-at-10.47.56-AM.jpeg","wps_subtitle":"","jetpack_sharing_enabled":true,"_links":{"self":[{"href":"https:\/\/www.hoymercedes.com.ar\/principal\/wp-json\/wp\/v2\/posts\/148366","targetHints":{"allow":["GET"]}}],"collection":[{"href":"https:\/\/www.hoymercedes.com.ar\/principal\/wp-json\/wp\/v2\/posts"}],"about":[{"href":"https:\/\/www.hoymercedes.com.ar\/principal\/wp-json\/wp\/v2\/types\/post"}],"author":[{"embeddable":true,"href":"https:\/\/www.hoymercedes.com.ar\/principal\/wp-json\/wp\/v2\/users\/1"}],"replies":[{"embeddable":true,"href":"https:\/\/www.hoymercedes.com.ar\/principal\/wp-json\/wp\/v2\/comments?post=148366"}],"version-history":[{"count":0,"href":"https:\/\/www.hoymercedes.com.ar\/principal\/wp-json\/wp\/v2\/posts\/148366\/revisions"}],"wp:featuredmedia":[{"embeddable":true,"href":"https:\/\/www.hoymercedes.com.ar\/principal\/wp-json\/wp\/v2\/media\/148368"}],"wp:attachment":[{"href":"https:\/\/www.hoymercedes.com.ar\/principal\/wp-json\/wp\/v2\/media?parent=148366"}],"wp:term":[{"taxonomy":"category","embeddable":true,"href":"https:\/\/www.hoymercedes.com.ar\/principal\/wp-json\/wp\/v2\/categories?post=148366"},{"taxonomy":"post_tag","embeddable":true,"href":"https:\/\/www.hoymercedes.com.ar\/principal\/wp-json\/wp\/v2\/tags?post=148366"}],"curies":[{"name":"wp","href":"https:\/\/api.w.org\/{rel}","templated":true}]}}