{"id":148418,"date":"2022-05-24T18:20:43","date_gmt":"2022-05-24T21:20:43","guid":{"rendered":"https:\/\/www.hoymercedes.com.ar\/principal\/?p=148418"},"modified":"2022-05-24T18:20:47","modified_gmt":"2022-05-24T21:20:47","slug":"dos-aprehendidos-por-homicidio","status":"publish","type":"post","link":"https:\/\/www.hoymercedes.com.ar\/principal\/2022\/05\/24\/dos-aprehendidos-por-homicidio\/","title":{"rendered":"Dos aprehendidos por homicidio\u00a0"},"content":{"rendered":"\n<p>En la jornada del lunes 23 de mayo del corriente, se encontraron cerca del kil\u00f3metro 111 de la Ruta N\u00b0 9 los restos de un vecino de San Antonio de Areco, que era buscado en dicha localidad desde el d\u00eda anterior. Por el hecho fueron aprehendidos dos ciudadanos de la localidad de Villa L\u00eda de 20 y 35 a\u00f1os.\u00a0<\/p>\n\n\n\n<p>Al poco tiempo de efectuada la denuncia, y difundida la informaci\u00f3n sobre la b\u00fasqueda de su paradero en la localidad, un vecino aport\u00f3 el dato del hallazgo del veh\u00edculo pero no del conductor.&nbsp;<\/p>\n\n\n\n<p>Ello fue comunicado a la Unidad Funcional de Instrucci\u00f3n N.\u00ba 6 del Departamento Judicial Mercedes y se apersonaron en el lugar los secretarios de la UFI, dra. Yesica Nocetti Dimitroff&nbsp; y dr. Santiago Dall\u00b4Occhio, la licenciada en Criminal\u00edstica Florencia Cicerone y el ayudante fiscal de la localidad, dr. Dario Schapochnik. Los agentes judiciales, en conjunto con Superintendencia de Seguridad de la Regi\u00f3n Interior Norte Uno a cargo del Comisario Mayor Fernandez Mamani, personal de la Comisar\u00eda de San Antonio de Areco, Personal de Polic\u00eda Cient\u00edfica, Comando Patrulla Rural de la localidad, y Destacamento Villa L\u00eda llevaron a cabo las diferentes medidas para recabar informaci\u00f3n en el marco de la investigaci\u00f3n en curso. Tambi\u00e9n participaron de las tareas investigativas la Direcci\u00f3n de Cinotecnia La Plata, Escuadr\u00f3n de Caballer\u00eda Matanza y buzos especializados.&nbsp;<\/p>\n\n\n\n<p>El veh\u00edculo encontrado ten\u00eda manchas hem\u00e1ticas en el asiento del conductor y en el asiento trasero, lo que &#8211; junto al faltante de documentaci\u00f3n y celular de la v\u00edctima &#8211; llevaron a que desarrollen diversas pericias y rastrillajes en la zona del hallazgo.&nbsp;<\/p>\n\n\n\n<p>Tras reunir una serie de declaraciones y averiguaciones mediante diversos elementos que se sumaban a la investigaci\u00f3n se logr\u00f3 determinar que no ser\u00edan ajenos al hecho dos sujetos de la misma localidad.&nbsp;<\/p>\n\n\n\n<p>Adem\u00e1s, con los elementos reunidos se pudieron hallar los restos del vecino en un campo en cercan\u00edas del kil\u00f3metro 111 de la ruta N\u00b0 9. All\u00ed, los investigadores comprobaron que el hombre que se encontraba desaparecido estaba fallecido y su cuerpo hab\u00eda sido incinerado.&nbsp;<\/p>\n\n\n\n<p>Posteriormente, en la jornada de este martes se llev\u00f3 a cabo la pr\u00e1ctica de autopsia que determin\u00f3, en su informe preliminar, que se evidencia en la zona del cr\u00e1neo (a la altura del maxilar izquierdo) la presencia de un elemento met\u00e1lico compatible con proyectil de arma de fuego.&nbsp;&nbsp;<\/p>\n\n\n\n<p>Con la certeza suficiente que se requiere en esta instancia de la investigaci\u00f3n, se dispuso la aprehensi\u00f3n de dos hombres mayores de edad en calidad de coautores. De momento, el m\u00f3vil del hecho es materia de investigaci\u00f3n.&nbsp;<\/p>\n\n\n\n<p>Los imputados comparecer\u00e1n ante el agente fiscal a cargo interinamente de la UFI N\u00b0 6, dr. Luis Antonio Baraldo Victorica, en el marco de la audiencia de declaraci\u00f3n en los t\u00e9rminos del art. 308 del C\u00f3digo Procesal Penal en la jornada del mi\u00e9rcoles 25 del corriente.\u00a0<\/p>\n\n\n\n<p>Fuente: Ministerio P\u00fablico Fiscal Depto. Judicial Mercedes<\/p>\n","protected":false},"excerpt":{"rendered":"<p>En la jornada del lunes 23 de mayo del corriente, se encontraron cerca del kil\u00f3metro 111 de la Ruta N\u00b0 &#8230; <a title=\"Dos aprehendidos por homicidio\u00a0\" class=\"read-more\" href=\"https:\/\/www.hoymercedes.com.ar\/principal\/2022\/05\/24\/dos-aprehendidos-por-homicidio\/\" aria-label=\"Leer m\u00e1s sobre Dos aprehendidos por homicidio\u00a0\">Leer m\u00e1s<\/a><\/p>\n","protected":false},"author":1,"featured_media":124046,"comment_status":"closed","ping_status":"open","sticky":false,"template":"","format":"standard","meta":{"_monsterinsights_skip_tracking":false,"_monsterinsights_sitenote_active":false,"_monsterinsights_sitenote_note":"","_monsterinsights_sitenote_category":0,"jetpack_post_was_ever_published":false,"_jetpack_newsletter_access":"","_jetpack_dont_email_post_to_subs":false,"_jetpack_newsletter_tier_id":0,"_jetpack_memberships_contains_paywalled_content":false,"_jetpack_memberships_contains_paid_content":false,"footnotes":"","jetpack_publicize_message":"","jetpack_publicize_feature_enabled":true,"jetpack_social_post_already_shared":true,"jetpack_social_options":{"image_generator_settings":{"template":"highway","default_image_id":0,"font":"","enabled":false},"version":2},"_wpas_customize_per_network":false},"categories":[85],"tags":[],"class_list":["post-148418","post","type-post","status-publish","format-standard","has-post-thumbnail","hentry","category-policial","generate-columns","tablet-grid-50","mobile-grid-100","grid-parent","grid-50"],"jetpack_publicize_connections":[],"jetpack_featured_media_url":"https:\/\/www.hoymercedes.com.ar\/principal\/wp-content\/uploads\/2021\/01\/29-poli-bragado.png","wps_subtitle":"","jetpack_sharing_enabled":true,"_links":{"self":[{"href":"https:\/\/www.hoymercedes.com.ar\/principal\/wp-json\/wp\/v2\/posts\/148418","targetHints":{"allow":["GET"]}}],"collection":[{"href":"https:\/\/www.hoymercedes.com.ar\/principal\/wp-json\/wp\/v2\/posts"}],"about":[{"href":"https:\/\/www.hoymercedes.com.ar\/principal\/wp-json\/wp\/v2\/types\/post"}],"author":[{"embeddable":true,"href":"https:\/\/www.hoymercedes.com.ar\/principal\/wp-json\/wp\/v2\/users\/1"}],"replies":[{"embeddable":true,"href":"https:\/\/www.hoymercedes.com.ar\/principal\/wp-json\/wp\/v2\/comments?post=148418"}],"version-history":[{"count":0,"href":"https:\/\/www.hoymercedes.com.ar\/principal\/wp-json\/wp\/v2\/posts\/148418\/revisions"}],"wp:featuredmedia":[{"embeddable":true,"href":"https:\/\/www.hoymercedes.com.ar\/principal\/wp-json\/wp\/v2\/media\/124046"}],"wp:attachment":[{"href":"https:\/\/www.hoymercedes.com.ar\/principal\/wp-json\/wp\/v2\/media?parent=148418"}],"wp:term":[{"taxonomy":"category","embeddable":true,"href":"https:\/\/www.hoymercedes.com.ar\/principal\/wp-json\/wp\/v2\/categories?post=148418"},{"taxonomy":"post_tag","embeddable":true,"href":"https:\/\/www.hoymercedes.com.ar\/principal\/wp-json\/wp\/v2\/tags?post=148418"}],"curies":[{"name":"wp","href":"https:\/\/api.w.org\/{rel}","templated":true}]}}