{"id":148452,"date":"2022-05-25T20:19:20","date_gmt":"2022-05-25T23:19:20","guid":{"rendered":"https:\/\/www.hoymercedes.com.ar\/principal\/?p=148452"},"modified":"2022-05-25T20:19:24","modified_gmt":"2022-05-25T23:19:24","slug":"un-aprehendido-por-robos-a-comercios","status":"publish","type":"post","link":"https:\/\/www.hoymercedes.com.ar\/principal\/2022\/05\/25\/un-aprehendido-por-robos-a-comercios\/","title":{"rendered":"Un aprehendido por robos a comercios"},"content":{"rendered":"\n<p>En la jornada del domingo 22 del corriente, se procedi\u00f3 a la aprehensi\u00f3n de un sujeto de 27 a\u00f1os, apodado \u201cEl Chaque\u00f1o\u201d oriundo de la localidad de Mercedes, por el delito de \u201cRobo agravado\u201d (dos hechos). <br><br>De acuerdo a lo que pudo conocerse, alrededor de las 15 horas, el imputado lleg\u00f3 a una despensa ubicada en calles 2 entre 1 y 3 de Mercedes. Una vez dentro, le exhibi\u00f3 un arma blanca del tipo cuchilla a la cajera del local y le exigi\u00f3 la entrega del dinero de la recaudaci\u00f3n. Tras hacerse del dinero se dio a la fuga del lugar. <br><br>Ello fue comunicado a la Unidad Funcional de Instrucci\u00f3n N.\u00ba 6 del Departamento Judicial Mercedes que orden\u00f3 una serie de medidas para dar con el autor del il\u00edcito y tras recabar una serie de testimonios, c\u00e1maras de seguridad del comercio, entre otros elementos se logr\u00f3 la identificaci\u00f3n del mismo. El fiscal dispuso un allanamiento en el domicilio del imputado, en el marco de las facultades que le son propias, donde se secuestraron una serie de elementos vinculados a los hechos delictivos cometidos por este sujeto, inclu\u00edda el arma blanca que utiliz\u00f3 para cometer el il\u00edcito, elementos vinculados a hechos anteriores, y se logr\u00f3 su aprehensi\u00f3n. <br><br>Sobre la base de los datos recabados se logr\u00f3 determinar, adem\u00e1s, que el mismo imputado hab\u00eda sido el autor de un hecho cometido el 26 de abril del corriente, alrededor de las 20 horas, en el mismo comercio. En la ocasi\u00f3n lleg\u00f3 munido de arma de fuego para amedrentar a la cajera, y tambi\u00e9n se hizo de una suma de dinero en efectivo. <br><br>El imputado compareci\u00f3 ante el agente fiscal en el marco de la audiencia de declaraci\u00f3n en los t\u00e9rminos del art. 308 del C\u00f3digo Procesal Penal en la jornada del lunes 23 del corriente, en la cual hizo uso del derecho a no prestar declaraci\u00f3n. Fue por los delitos \u201cRobo agravado por el uso de armas (blanca) en concurso real con robo agravado por el uso de arma de fuego cuya aptitud para el disparo no pudo ser acreditada\u201d. <br><br>Cabe destacar que el Juzgado de Garant\u00edas N\u00b0 1 convalid\u00f3 los allanamientos y convirti\u00f3 la aprehensi\u00f3n en detenci\u00f3n. <\/p>\n\n\n\n<p>Fuente: Ministerio P\u00fablico Fiscal Depto Judicial Mercedes.<br><br> <br><br><\/p>\n","protected":false},"excerpt":{"rendered":"<p>En la jornada del domingo 22 del corriente, se procedi\u00f3 a la aprehensi\u00f3n de un sujeto de 27 a\u00f1os, apodado &#8230; <a title=\"Un aprehendido por robos a comercios\" class=\"read-more\" href=\"https:\/\/www.hoymercedes.com.ar\/principal\/2022\/05\/25\/un-aprehendido-por-robos-a-comercios\/\" aria-label=\"Leer m\u00e1s sobre Un aprehendido por robos a comercios\">Leer m\u00e1s<\/a><\/p>\n","protected":false},"author":1,"featured_media":118857,"comment_status":"closed","ping_status":"open","sticky":false,"template":"","format":"standard","meta":{"_monsterinsights_skip_tracking":false,"_monsterinsights_sitenote_active":false,"_monsterinsights_sitenote_note":"","_monsterinsights_sitenote_category":0,"jetpack_post_was_ever_published":false,"_jetpack_newsletter_access":"","_jetpack_dont_email_post_to_subs":false,"_jetpack_newsletter_tier_id":0,"_jetpack_memberships_contains_paywalled_content":false,"_jetpack_memberships_contains_paid_content":false,"footnotes":"","jetpack_publicize_message":"","jetpack_publicize_feature_enabled":true,"jetpack_social_post_already_shared":true,"jetpack_social_options":{"image_generator_settings":{"template":"highway","default_image_id":0,"font":"","enabled":false},"version":2},"_wpas_customize_per_network":false},"categories":[85],"tags":[],"class_list":["post-148452","post","type-post","status-publish","format-standard","has-post-thumbnail","hentry","category-policial","generate-columns","tablet-grid-50","mobile-grid-100","grid-parent","grid-50"],"jetpack_publicize_connections":[],"jetpack_featured_media_url":"https:\/\/www.hoymercedes.com.ar\/principal\/wp-content\/uploads\/2020\/10\/21-policia-bragado.jpg","wps_subtitle":"","jetpack_sharing_enabled":true,"_links":{"self":[{"href":"https:\/\/www.hoymercedes.com.ar\/principal\/wp-json\/wp\/v2\/posts\/148452","targetHints":{"allow":["GET"]}}],"collection":[{"href":"https:\/\/www.hoymercedes.com.ar\/principal\/wp-json\/wp\/v2\/posts"}],"about":[{"href":"https:\/\/www.hoymercedes.com.ar\/principal\/wp-json\/wp\/v2\/types\/post"}],"author":[{"embeddable":true,"href":"https:\/\/www.hoymercedes.com.ar\/principal\/wp-json\/wp\/v2\/users\/1"}],"replies":[{"embeddable":true,"href":"https:\/\/www.hoymercedes.com.ar\/principal\/wp-json\/wp\/v2\/comments?post=148452"}],"version-history":[{"count":0,"href":"https:\/\/www.hoymercedes.com.ar\/principal\/wp-json\/wp\/v2\/posts\/148452\/revisions"}],"wp:featuredmedia":[{"embeddable":true,"href":"https:\/\/www.hoymercedes.com.ar\/principal\/wp-json\/wp\/v2\/media\/118857"}],"wp:attachment":[{"href":"https:\/\/www.hoymercedes.com.ar\/principal\/wp-json\/wp\/v2\/media?parent=148452"}],"wp:term":[{"taxonomy":"category","embeddable":true,"href":"https:\/\/www.hoymercedes.com.ar\/principal\/wp-json\/wp\/v2\/categories?post=148452"},{"taxonomy":"post_tag","embeddable":true,"href":"https:\/\/www.hoymercedes.com.ar\/principal\/wp-json\/wp\/v2\/tags?post=148452"}],"curies":[{"name":"wp","href":"https:\/\/api.w.org\/{rel}","templated":true}]}}