{"id":148484,"date":"2022-05-26T09:24:16","date_gmt":"2022-05-26T12:24:16","guid":{"rendered":"https:\/\/www.hoymercedes.com.ar\/principal\/?p=148484"},"modified":"2022-05-26T09:24:17","modified_gmt":"2022-05-26T12:24:17","slug":"se-conmemoro-el-25-de-mayo-con-acto-en-el-hcd","status":"publish","type":"post","link":"https:\/\/www.hoymercedes.com.ar\/principal\/2022\/05\/26\/se-conmemoro-el-25-de-mayo-con-acto-en-el-hcd\/","title":{"rendered":"Se conmemor\u00f3 el 25 de mayo con acto en el HCD"},"content":{"rendered":"\n<p>Este 25 de mayo se conmemor\u00f3 un nuevo aniversario de la Revoluci\u00f3n de Mayo. Hubo gran cantidad de instituciones presentes, abanderados, vecinos, vecinas, \u00e1reas de gesti\u00f3n, distintos elementos del Estado. El acto por el clima se efectu\u00f3 \u00edntegramente en el recinto del Concejo Deliberante. Primero se realiz\u00f3 el tradicional desayuno con chocolate, luego se dijeron unas palabras alusivas y finalmente se desplazaron los asistentes hasta Catedral Bas\u00edlica al Tedeum (ver aparte homil\u00eda) oficiado por oficiado por + Jorge Eduardo Scheinig, arzobispo Metropolitano Mercedes-Luj\u00e1n. \u00a0<\/p>\n\n\n\n<div class=\"wp-block-image\"><figure class=\"aligncenter size-full is-resized\"><img decoding=\"async\" data-attachment-id=\"148487\" data-permalink=\"https:\/\/www.hoymercedes.com.ar\/principal\/2022\/05\/26\/se-conmemoro-el-25-de-mayo-con-acto-en-el-hcd\/dsc03310\/#main\" data-orig-file=\"https:\/\/www.hoymercedes.com.ar\/principal\/wp-content\/uploads\/2022\/05\/DSC03310.jpg\" data-orig-size=\"922,615\" data-comments-opened=\"0\" data-image-meta=\"{&quot;aperture&quot;:&quot;0&quot;,&quot;credit&quot;:&quot;&quot;,&quot;camera&quot;:&quot;&quot;,&quot;caption&quot;:&quot;&quot;,&quot;created_timestamp&quot;:&quot;0&quot;,&quot;copyright&quot;:&quot;&quot;,&quot;focal_length&quot;:&quot;0&quot;,&quot;iso&quot;:&quot;0&quot;,&quot;shutter_speed&quot;:&quot;0&quot;,&quot;title&quot;:&quot;&quot;,&quot;orientation&quot;:&quot;0&quot;}\" data-image-title=\"DSC03310\" data-image-description=\"\" data-image-caption=\"\" data-large-file=\"https:\/\/www.hoymercedes.com.ar\/principal\/wp-content\/uploads\/2022\/05\/DSC03310.jpg\" src=\"https:\/\/www.hoymercedes.com.ar\/principal\/wp-content\/uploads\/2022\/05\/DSC03310.jpg\" alt=\"\" class=\"wp-image-148487\" width=\"-86\" height=\"-57\" srcset=\"https:\/\/www.hoymercedes.com.ar\/principal\/wp-content\/uploads\/2022\/05\/DSC03310.jpg 922w, https:\/\/www.hoymercedes.com.ar\/principal\/wp-content\/uploads\/2022\/05\/DSC03310-630x420.jpg 630w, https:\/\/www.hoymercedes.com.ar\/principal\/wp-content\/uploads\/2022\/05\/DSC03310-150x100.jpg 150w\" sizes=\"(max-width: 922px) 100vw, 922px\" \/><\/figure><\/div>\n\n\n\n<p><strong>Palabras &nbsp;<\/strong><\/p>\n\n\n\n<p>La docente Andrea Pereyra, directora de la escuela primaria N\u00ba37 hizo una semblanza de la importancia de la jornada. Entre otros conceptos sostuvo que recordarnos \u201cla constituci\u00f3n del primer gobierno patrio\u201d donde \u201cun pueblo ya cansado de tantas injusticias y malos tratos por parte de la Corona espa\u00f1ola se reunieron para reclamar sus derechos y un fin com\u00fan inherentes a todos los ciudadanos que ante cualquier otra diferencia entendieron que como prioridad absoluta era necesario hacer realidad un anhelo de igualdad y libertad\u201d, sostuvo. &nbsp;<\/p>\n\n\n\n<p>\u201cSer argentinos es sentirnos herederos de aquellos hombres y mujeres que lucharon por sus ideales, y por esa libertad\u201d especific\u00f3 Pereyra entre tantos otros importantes y valiosos conceptos. &nbsp;<\/p>\n\n\n\n<p>Por su parte, el intendente Ustarroz remarc\u00f3 que \u201cgracias a todas y todos los presentes\u201d y record\u00f3 una reflexi\u00f3n del Papa Francisco que dice que \u201cla historia es madre de vida, la maestra de la experiencia, entonces este contexto del presente, recordando el pasado, pero proyectando el futuro, es la clave a trav\u00e9s de la cual podemos pensarla\u201d mencion\u00f3. &nbsp;<\/p>\n\n\n\n<p>Tambi\u00e9n dijo que \u201chay distintas interpretaciones de la historia, pero tambi\u00e9n hechos contundentes y en el clima de \u00e9poca se encuentra una \u00e9pica de personas que forjaron el destino de nuestro pa\u00eds, que trabajaron por la independencia, la soberan\u00eda, por una sociedad mejor\u201d, manifest\u00f3. &nbsp;<\/p>\n\n\n\n<p>\u201cNosotros debemos encontrar esa \u00e9pica y desarrollarla en la construcci\u00f3n de una sociedad mejor que se edifica con las acciones de todos los d\u00edas, desde la familia, desde los clubes, el aula, la cultura, las instituciones, desde la integraci\u00f3n de la comunidad\u201d narr\u00f3 destacando que podemos exacerbar los odios, pero el mejor camino siempre es hacerlo desde \u201cel amor a la patria, la independencia, la libertad\u201d y dijo \u201celegimos esta postura\u201d remarcando la importancia del encuentro para materializar las ideas que nos permitan avanzar. &nbsp;<\/p>\n\n\n\n<p>\u201cTenemos que encontrar las formas de ser felices, y nadie es feliz s\u00f3lo, aislado, la felicidad es algo que se comparte, se construye y creo esto tambi\u00e9n es parte de los legados de la Revoluci\u00f3n de Mayo, seguir pensando, so\u00f1ando y trabajar de forma unida en la diversidad\u201d, sostuvo entre otras ideas y expresiones, reflexiones y comentarios sobre la jornada. &nbsp;<\/p>\n\n\n\n<p>Antes de finalizar remarc\u00f3 que \u201cpensemos de manera constructiva, en unidad, con solidaridad y en clave de futuro para forjar una ciudad mejor\u201d. &nbsp;<\/p>\n\n\n\n<p><strong>Asistencia &nbsp;<\/strong><\/p>\n\n\n\n<p>Hubo una gran cantidad de representaciones institucionales de todos los \u00e1mbitos y banderas de ceremonia de Escuela n\u00ba37, Escuela Normal (Primaria N\u00ba 38), Jard\u00edn n\u00ba 915, Colegio San Patricio, Escuela N\u00ba 8, Colegio San Benito, Colegio Nacional, Colegio Misericordia, Escuela n\u00ba7, Escuela secundaria n\u00ba12, Escuela n\u00ba1, Instituto Padre Ansaldo, Colegio Santa Mar\u00eda, Jard\u00edn n\u00ba 909, Jard\u00edn n\u00ba904, Instituto Ciudad de Mercedes, Colegio Camila Rol\u00f3n, Escuela de Arte, Instituto de Formaci\u00f3n T\u00e9cnica y Docente n\u00ba7, Agrot\u00e9cnica. \u00a0<\/p>\n\n\n\n<p>El clima no permiti\u00f3, como se dijo, realizar el acto al aire libre, no obstante, se colocaron ofrendas florales por parte del municipio a instancias del intendente Ustarroz y la secretaria de gobierno Clara Zunino, desde la Casa de Entre R\u00edos, la Sociedad Italiana y la Sociedad Espa\u00f1ola Perla Garc\u00eda, Jos\u00e9 Valquinto y por el Concejo Deliberante Carlos Garro y\u00a0Marcela Munarriz.\u00a0<\/p>\n\n\n\n<p>Por Prensa Municipal<\/p>\n","protected":false},"excerpt":{"rendered":"<p>Este 25 de mayo se conmemor\u00f3 un nuevo aniversario de la Revoluci\u00f3n de Mayo. Hubo gran cantidad de instituciones presentes, &#8230; <a title=\"Se conmemor\u00f3 el 25 de mayo con acto en el HCD\" class=\"read-more\" href=\"https:\/\/www.hoymercedes.com.ar\/principal\/2022\/05\/26\/se-conmemoro-el-25-de-mayo-con-acto-en-el-hcd\/\" aria-label=\"Leer m\u00e1s sobre Se conmemor\u00f3 el 25 de mayo con acto en el HCD\">Leer m\u00e1s<\/a><\/p>\n","protected":false},"author":1,"featured_media":148487,"comment_status":"closed","ping_status":"open","sticky":false,"template":"","format":"standard","meta":{"_monsterinsights_skip_tracking":false,"_monsterinsights_sitenote_active":false,"_monsterinsights_sitenote_note":"","_monsterinsights_sitenote_category":0,"jetpack_post_was_ever_published":false,"_jetpack_newsletter_access":"","_jetpack_dont_email_post_to_subs":false,"_jetpack_newsletter_tier_id":0,"_jetpack_memberships_contains_paywalled_content":false,"_jetpack_memberships_contains_paid_content":false,"footnotes":"","jetpack_publicize_message":"","jetpack_publicize_feature_enabled":true,"jetpack_social_post_already_shared":true,"jetpack_social_options":{"image_generator_settings":{"template":"highway","default_image_id":0,"font":"","enabled":false},"version":2},"_wpas_customize_per_network":false},"categories":[30],"tags":[244],"class_list":["post-148484","post","type-post","status-publish","format-standard","has-post-thumbnail","hentry","category-municipio","tag-municipio-2","generate-columns","tablet-grid-50","mobile-grid-100","grid-parent","grid-50"],"jetpack_publicize_connections":[],"jetpack_featured_media_url":"https:\/\/www.hoymercedes.com.ar\/principal\/wp-content\/uploads\/2022\/05\/DSC03310.jpg","wps_subtitle":"","jetpack_sharing_enabled":true,"_links":{"self":[{"href":"https:\/\/www.hoymercedes.com.ar\/principal\/wp-json\/wp\/v2\/posts\/148484","targetHints":{"allow":["GET"]}}],"collection":[{"href":"https:\/\/www.hoymercedes.com.ar\/principal\/wp-json\/wp\/v2\/posts"}],"about":[{"href":"https:\/\/www.hoymercedes.com.ar\/principal\/wp-json\/wp\/v2\/types\/post"}],"author":[{"embeddable":true,"href":"https:\/\/www.hoymercedes.com.ar\/principal\/wp-json\/wp\/v2\/users\/1"}],"replies":[{"embeddable":true,"href":"https:\/\/www.hoymercedes.com.ar\/principal\/wp-json\/wp\/v2\/comments?post=148484"}],"version-history":[{"count":0,"href":"https:\/\/www.hoymercedes.com.ar\/principal\/wp-json\/wp\/v2\/posts\/148484\/revisions"}],"wp:featuredmedia":[{"embeddable":true,"href":"https:\/\/www.hoymercedes.com.ar\/principal\/wp-json\/wp\/v2\/media\/148487"}],"wp:attachment":[{"href":"https:\/\/www.hoymercedes.com.ar\/principal\/wp-json\/wp\/v2\/media?parent=148484"}],"wp:term":[{"taxonomy":"category","embeddable":true,"href":"https:\/\/www.hoymercedes.com.ar\/principal\/wp-json\/wp\/v2\/categories?post=148484"},{"taxonomy":"post_tag","embeddable":true,"href":"https:\/\/www.hoymercedes.com.ar\/principal\/wp-json\/wp\/v2\/tags?post=148484"}],"curies":[{"name":"wp","href":"https:\/\/api.w.org\/{rel}","templated":true}]}}