{"id":148491,"date":"2022-05-26T13:58:00","date_gmt":"2022-05-26T16:58:00","guid":{"rendered":"https:\/\/www.hoymercedes.com.ar\/principal\/?p=148491"},"modified":"2022-05-26T12:15:36","modified_gmt":"2022-05-26T15:15:36","slug":"el-regreso-de-maverick-de-estreno-en-el-cine-mercedes","status":"publish","type":"post","link":"https:\/\/www.hoymercedes.com.ar\/principal\/2022\/05\/26\/el-regreso-de-maverick-de-estreno-en-el-cine-mercedes\/","title":{"rendered":"El regreso de Maverick de estreno en el Cine Mercedes"},"content":{"rendered":"\n<p>Del viernes 27 al martes 31 de mayo, Tom Cruise estar\u00e1 en la gran pantalla del Cine Mercedes con su personaje Maverick en Top Gun. La secuela del film \u00edcono de los a\u00f1os &#8217;80 podr\u00e1 verse en las funciones de las horas 17 y 20:45, tanto en castellano, como subtitulada. <\/p>\n\n\n\n<p>Sinopsis \u00abTop Gun Maverick\u00bb: Despu\u00e9s de m\u00e1s de 30 a\u00f1os de servicio como uno de los mejores aviadores de la Armada, Pete \u00abMavericks\u00bb Mitchel (Tom Cruise) se encuentra donde siempre quiso estar, superando los l\u00edmites como un valiente piloto de pruebas y esquivando el ascenso de rango, que no le dejar\u00eda volar emplaz\u00e1ndolo en tierra. Cuando se encuentra entrenando a un grupo de graduados de Top Gun para una misi\u00f3n especializada, Maverick se encuentra all\u00ed con el teniente Bradley Bradshaw (Miles Teller), el hijo de su difunto amigo \u00abGoose\u00bb&#8230; Secuela de &#8216;Top Gun&#8217;.<\/p>\n\n\n\n<div class=\"wp-block-image\"><figure class=\"aligncenter size-full\"><img loading=\"lazy\" decoding=\"async\" width=\"800\" height=\"530\" data-attachment-id=\"148492\" data-permalink=\"https:\/\/www.hoymercedes.com.ar\/principal\/2022\/05\/26\/el-regreso-de-maverick-de-estreno-en-el-cine-mercedes\/gacetilla-cine-mercedes-50\/#main\" data-orig-file=\"https:\/\/www.hoymercedes.com.ar\/principal\/wp-content\/uploads\/2022\/05\/GACETILLA-CINE-MERCEDES-50.jpg\" data-orig-size=\"800,530\" data-comments-opened=\"0\" data-image-meta=\"{&quot;aperture&quot;:&quot;0&quot;,&quot;credit&quot;:&quot;&quot;,&quot;camera&quot;:&quot;&quot;,&quot;caption&quot;:&quot;&quot;,&quot;created_timestamp&quot;:&quot;1652284928&quot;,&quot;copyright&quot;:&quot;&quot;,&quot;focal_length&quot;:&quot;0&quot;,&quot;iso&quot;:&quot;0&quot;,&quot;shutter_speed&quot;:&quot;0&quot;,&quot;title&quot;:&quot;&quot;,&quot;orientation&quot;:&quot;1&quot;}\" data-image-title=\"GACETILLA CINE MERCEDES (50)\" data-image-description=\"\" data-image-caption=\"\" data-large-file=\"https:\/\/www.hoymercedes.com.ar\/principal\/wp-content\/uploads\/2022\/05\/GACETILLA-CINE-MERCEDES-50.jpg\" src=\"https:\/\/www.hoymercedes.com.ar\/principal\/wp-content\/uploads\/2022\/05\/GACETILLA-CINE-MERCEDES-50.jpg\" alt=\"\" class=\"wp-image-148492\" srcset=\"https:\/\/www.hoymercedes.com.ar\/principal\/wp-content\/uploads\/2022\/05\/GACETILLA-CINE-MERCEDES-50.jpg 800w, https:\/\/www.hoymercedes.com.ar\/principal\/wp-content\/uploads\/2022\/05\/GACETILLA-CINE-MERCEDES-50-630x417.jpg 630w, https:\/\/www.hoymercedes.com.ar\/principal\/wp-content\/uploads\/2022\/05\/GACETILLA-CINE-MERCEDES-50-150x99.jpg 150w, https:\/\/www.hoymercedes.com.ar\/principal\/wp-content\/uploads\/2022\/05\/GACETILLA-CINE-MERCEDES-50-700x465.jpg 700w\" sizes=\"auto, (max-width: 800px) 100vw, 800px\" \/><\/figure><\/div>\n","protected":false},"excerpt":{"rendered":"<p>Del viernes 27 al martes 31 de mayo, Tom Cruise estar\u00e1 en la gran pantalla del Cine Mercedes con su &#8230; <a title=\"El regreso de Maverick de estreno en el Cine Mercedes\" class=\"read-more\" href=\"https:\/\/www.hoymercedes.com.ar\/principal\/2022\/05\/26\/el-regreso-de-maverick-de-estreno-en-el-cine-mercedes\/\" aria-label=\"Leer m\u00e1s sobre El regreso de Maverick de estreno en el Cine Mercedes\">Leer m\u00e1s<\/a><\/p>\n","protected":false},"author":1,"featured_media":148493,"comment_status":"closed","ping_status":"open","sticky":false,"template":"","format":"standard","meta":{"_monsterinsights_skip_tracking":false,"_monsterinsights_sitenote_active":false,"_monsterinsights_sitenote_note":"","_monsterinsights_sitenote_category":0,"jetpack_post_was_ever_published":false,"_jetpack_newsletter_access":"","_jetpack_dont_email_post_to_subs":false,"_jetpack_newsletter_tier_id":0,"_jetpack_memberships_contains_paywalled_content":false,"_jetpack_memberships_contains_paid_content":false,"footnotes":"","jetpack_publicize_message":"","jetpack_publicize_feature_enabled":true,"jetpack_social_post_already_shared":true,"jetpack_social_options":{"image_generator_settings":{"template":"highway","default_image_id":0,"font":"","enabled":false},"version":2},"_wpas_customize_per_network":false},"categories":[104],"tags":[7805],"class_list":["post-148491","post","type-post","status-publish","format-standard","has-post-thumbnail","hentry","category-cultura","tag-cultura","generate-columns","tablet-grid-50","mobile-grid-100","grid-parent","grid-50"],"jetpack_publicize_connections":[],"jetpack_featured_media_url":"https:\/\/www.hoymercedes.com.ar\/principal\/wp-content\/uploads\/2022\/05\/thumbnail_image005.jpg","wps_subtitle":"","jetpack_sharing_enabled":true,"_links":{"self":[{"href":"https:\/\/www.hoymercedes.com.ar\/principal\/wp-json\/wp\/v2\/posts\/148491","targetHints":{"allow":["GET"]}}],"collection":[{"href":"https:\/\/www.hoymercedes.com.ar\/principal\/wp-json\/wp\/v2\/posts"}],"about":[{"href":"https:\/\/www.hoymercedes.com.ar\/principal\/wp-json\/wp\/v2\/types\/post"}],"author":[{"embeddable":true,"href":"https:\/\/www.hoymercedes.com.ar\/principal\/wp-json\/wp\/v2\/users\/1"}],"replies":[{"embeddable":true,"href":"https:\/\/www.hoymercedes.com.ar\/principal\/wp-json\/wp\/v2\/comments?post=148491"}],"version-history":[{"count":0,"href":"https:\/\/www.hoymercedes.com.ar\/principal\/wp-json\/wp\/v2\/posts\/148491\/revisions"}],"wp:featuredmedia":[{"embeddable":true,"href":"https:\/\/www.hoymercedes.com.ar\/principal\/wp-json\/wp\/v2\/media\/148493"}],"wp:attachment":[{"href":"https:\/\/www.hoymercedes.com.ar\/principal\/wp-json\/wp\/v2\/media?parent=148491"}],"wp:term":[{"taxonomy":"category","embeddable":true,"href":"https:\/\/www.hoymercedes.com.ar\/principal\/wp-json\/wp\/v2\/categories?post=148491"},{"taxonomy":"post_tag","embeddable":true,"href":"https:\/\/www.hoymercedes.com.ar\/principal\/wp-json\/wp\/v2\/tags?post=148491"}],"curies":[{"name":"wp","href":"https:\/\/api.w.org\/{rel}","templated":true}]}}