{"id":148541,"date":"2022-05-27T10:12:00","date_gmt":"2022-05-27T13:12:00","guid":{"rendered":"https:\/\/www.hoymercedes.com.ar\/principal\/?p=148541"},"modified":"2022-05-27T09:10:35","modified_gmt":"2022-05-27T12:10:35","slug":"marcos-tabossi-finalista-del-premio-feba-cultura-en-literatura","status":"publish","type":"post","link":"https:\/\/www.hoymercedes.com.ar\/principal\/2022\/05\/27\/marcos-tabossi-finalista-del-premio-feba-cultura-en-literatura\/","title":{"rendered":"Marcos Tabossi finalista del premio FEBA Cultura en literatura"},"content":{"rendered":"\n<p>El escritor y psic\u00f3logo fue propuesto por la C\u00e1mara Econ\u00f3mica Mercedina por su trabajo recientemente publicado \u00abHistoria de un Viaje\u00bb. El jueves 2 de junio, 18 horas, se conocer\u00e1n los ganadores de cada disciplina. Es el segundo a\u00f1o consecutivo que Mercedes tiene un fialista que representa a la instituci\u00f3n local. <\/p>\n\n\n\n<div class=\"wp-block-image\"><figure class=\"aligncenter size-large is-resized\"><img decoding=\"async\" data-attachment-id=\"148544\" data-permalink=\"https:\/\/www.hoymercedes.com.ar\/principal\/screenshot_20220523-1919032\/\" data-orig-file=\"https:\/\/www.hoymercedes.com.ar\/principal\/wp-content\/uploads\/2022\/05\/Screenshot_20220523-1919032.png\" data-orig-size=\"1080,1081\" data-comments-opened=\"0\" data-image-meta=\"{&quot;aperture&quot;:&quot;0&quot;,&quot;credit&quot;:&quot;&quot;,&quot;camera&quot;:&quot;&quot;,&quot;caption&quot;:&quot;&quot;,&quot;created_timestamp&quot;:&quot;0&quot;,&quot;copyright&quot;:&quot;&quot;,&quot;focal_length&quot;:&quot;0&quot;,&quot;iso&quot;:&quot;0&quot;,&quot;shutter_speed&quot;:&quot;0&quot;,&quot;title&quot;:&quot;&quot;,&quot;orientation&quot;:&quot;0&quot;}\" data-image-title=\"Screenshot_20220523-191903~2\" data-image-description=\"\" data-image-caption=\"\" data-large-file=\"https:\/\/www.hoymercedes.com.ar\/principal\/wp-content\/uploads\/2022\/05\/Screenshot_20220523-1919032-1024x1024.png\" src=\"https:\/\/www.hoymercedes.com.ar\/principal\/wp-content\/uploads\/2022\/05\/Screenshot_20220523-1919032-1024x1024.png\" alt=\"\" class=\"wp-image-148544\" width=\"-261\" height=\"-261\" srcset=\"https:\/\/www.hoymercedes.com.ar\/principal\/wp-content\/uploads\/2022\/05\/Screenshot_20220523-1919032-1024x1024.png 1024w, https:\/\/www.hoymercedes.com.ar\/principal\/wp-content\/uploads\/2022\/05\/Screenshot_20220523-1919032-619x620.png 619w, https:\/\/www.hoymercedes.com.ar\/principal\/wp-content\/uploads\/2022\/05\/Screenshot_20220523-1919032-150x150.png 150w, https:\/\/www.hoymercedes.com.ar\/principal\/wp-content\/uploads\/2022\/05\/Screenshot_20220523-1919032.png 1080w\" sizes=\"(max-width: 1024px) 100vw, 1024px\" \/><\/figure><\/div>\n\n\n\n<p>A lo largo de la \u00faltima semana, el \u00e1rea de Cultura de la Federaci\u00f3n Econ\u00f3mica de la provicia de Buenos Aires (FEBA) fue dando a conocer los finalistas de las distintas categor\u00edas para el premio que se entrega por cuarta vez. En m\u00fasica, pl\u00e1stica &#8211; muralismo y escultura, pl\u00e1stica &#8211; pintura, fotograf\u00eda, danza, teatro y literatura.<\/p>\n\n\n\n<p>Precisamente, para la categor\u00eda Literatura, la C\u00e1mara Econ\u00f3mica Mercedina present\u00f3 a un escritor local que result\u00f3 finalista y est\u00e1 a la espera de la fecha para hacerse presente en la premiaci\u00f3n. Se trata de Marcos Tabossi, escritor y psic\u00f3logo que recientemente present\u00f3 dos de sus libros. El primero, de literatura infantil con ilustraciones incluidas, es \u00abHistoria de un Viaje\u00bb que relata el recorrido de un padre y un hijo por la historia de Mercedes. Mientras que el \u00faltimo presentado es \u00abEsas Cosas que se Saben\u00bb que se present\u00f3 promediando el mes de mayo. <\/p>\n\n\n\n<p>Fueron m\u00e1s de 80 inscriptos, de los cuales se seleccionaron a 49 finalistas que representar\u00e1n a 25 ciudades bonaerenses en las seis categor\u00edas que tiene esta cuarta edici\u00f3n del premio. El jurado estuvo integrado por el artista pl\u00e1stico\u00a0Milo Lockett; el m\u00fasico\u00a0Odino Faccia; la presidenta de la Fundaci\u00f3n Julio Bocca,\u00a0Elena Presas; la secretaria de Investigaci\u00f3n y Posgrado, de la Universidad Nacional de las Artes,\u00a0Dra. Mar\u00eda Valdez; el fot\u00f3grafo\u00a0Pablo Elia\u00a0y el presidente de la Asociaci\u00f3n Borgesiana de Buenos Aires,\u00a0Alejandro Vaccaro. <\/p>\n\n\n\n<h3 class=\"wp-block-heading\">Finalistas por categor\u00eda<\/h3>\n\n\n\n<p><strong>Literatura<\/strong><br><strong>Silvina Gruppo Cigliutti<\/strong> &#8211; C\u00e1mara de Industria y Comercio de La Matanza<br><strong>Mar\u00eda Rosa Rzepka<\/strong> &#8211; Asociaci\u00f3n de Colegios Privados de la Provincia de Buenos Aires<br><strong>Carlos Marcelo Montero<\/strong> &#8211; C\u00e1mara del Comercio y la Industria del Partido de de Almirante Brown<br><strong>Marcos Tabossi<\/strong> &#8211; C\u00e1mara Econ\u00f3mica Mercedina<br><strong>Lisandro Ramiro de la Vega<\/strong> &#8211; C\u00e1mara de Comercio e Industria de Coronel Pringles<br><strong>Silvia Mabel V\u00e1zquez<\/strong> &#8211; Liga del Comercio y la Industria de San Mart\u00edn<br><strong>Carlos F\u00e9lix P\u00e9rez de Villarreal<\/strong> &#8211; Uni\u00f3n del Comercio, la Industria y la Producci\u00f3n de Mar del Plata<br><strong>Roberto Jes\u00fas Mart\u00ednez<\/strong> &#8211; C\u00e1mara de Comercio e Industria de Carlos Casares<br><strong>Graciela Reveco Manzano<\/strong> &#8211; Uni\u00f3n del Comercio, la Industria y la Producci\u00f3n de Mar del Plata<\/p>\n\n\n\n<p><strong>M\u00fasica: <\/strong><br><strong>La Rola Intelectual<\/strong> &#8211; Centro Uni\u00f3n Comercial e Industrial de Bragado<br><strong>Mauricio Berterreche<\/strong> &#8211; C\u00e1mara de Comercio, Industria y Producci\u00f3n de General Alvarado<br><strong>Roc\u00edo Godoy<\/strong> &#8211; Uni\u00f3n Comercio, Industria y Servicios del Partido de General Arenales<br><strong>Voces Nativas<\/strong> &#8211; Uni\u00f3n Empresarial del Partido de Moreno<br><strong>Orquesta Filarm\u00f3nica de Chascom\u00fas<\/strong> &#8211; C\u00e1mara de Comercio, Industria, Producci\u00f3n y Servicios de Chascom\u00fas<br><strong>Micaela Mujica<\/strong> &#8211; C\u00e1mara de Comercio, Industria y Producci\u00f3n de General Alvarado<br><strong>Marcela Aibe<\/strong> &#8211; C\u00e1mara de Comercio e Industria de San Isidro<br><strong>Ciudad Paranoia<\/strong> &#8211; Centro Uni\u00f3n Comercial e Industrial de Bragado<\/p>\n\n\n\n<p><strong>Pl\u00e1stica &#8211; Muralismo y Escultura<\/strong>:<br><strong>Camila Cabrera Rivero<\/strong> &#8211; C\u00e1mara de Comercio, Industria, Producci\u00f3n y Servicios de Casbas<br><strong>Silvia Cristina Kuhn<\/strong> &#8211; Sociedad de Comerciantes, Industriales, Propietarios y Afines de Pilar<br><strong>Nardo Andr\u00e9s Moyano<\/strong> &#8211; C\u00e1mara de Comercio, Industria y Producci\u00f3n de General Alvarado<br><strong>Cristina Mabel Fubs<\/strong> &#8211; C\u00e1mara de Industria y Comercio de La Matanza<\/p>\n\n\n\n<p><strong>Pl\u00e1stica &#8211; Pintura <\/strong><br><strong>Mar\u00eda Luj\u00e1n Famularo<\/strong> &#8211; C\u00e1mara de Comercio e Industria del Partido de San Miguel<br><strong>Antonio Torres<\/strong> &#8211; Centro Comercial, Industrial, Profesional y Servicios de San Justo<br><strong>Silvina Alcira Gaudino<\/strong> &#8211; Centro Comercial e Industrial de Castelar<br><strong>Graciela Dameri<\/strong> &#8211; Centro Comercial e Industrial de Castelar<br><strong>Exequiel Eloy Vento<\/strong> &#8211; Uni\u00f3n Comercio, Industria y Servicios del Partido de General Arenales<br><strong>Paola Bertolotto<\/strong> &#8211; Centro Econ\u00f3mico de Suipacha<br><strong>Carlos Alberto Romano<\/strong> &#8211; C\u00e1mara de Comercio, Industria y Profesionales de Ciudad Celina<br><strong>Mabel Cariolo<\/strong>\u00a0&#8211; Centro Comercial e Industrial de Castelar<br><strong>Hilda L\u00f3pez<\/strong> &#8211; Sociedad de Comerciantes, Industriales, Propietarios y Afines de Pilar<\/p>\n\n\n\n<p><strong>Teatro<\/strong><br><strong>Carlos Jos\u00e9 Aringoli<\/strong> &#8211; C\u00e1mara de Comercio e Industria de San Isidro<br><strong>Jorge Acebo<\/strong> &#8211; C\u00e1mara de Industria y Comercio de La Matanza<br><strong>Nicol\u00e1s Alejandro Redondo<\/strong> &#8211; Corporaci\u00f3n del Comercio, Industria y Servicios de Bah\u00eda Blanca<br><strong>Julieta Zubiri<\/strong> &#8211; C\u00e1mara de Comercio e Industria de Coronel Pringles<br><strong>Dar\u00edo Basualdo<\/strong> &#8211; C\u00e1mara de Comercio, Industria y Servicios de Carlos Casares<\/p>\n\n\n\n<p><strong>Danza<\/strong><br><strong>Johanna Zaccarello<\/strong> &#8211; C\u00e1mara de Industria y Comercio de La Matanza<br><strong>Agrupaci\u00f3n Tradicional \u201cEl Ceibo\u201d<\/strong> &#8211; Uni\u00f3n del Comercio, la Industria y la Producci\u00f3n de Mar del Plata<br><strong>Raquel Taborda<\/strong> &#8211; C\u00e1mara de Comercio e Industria de Chacabuco<br><strong>Mat\u00edas Falaschi<\/strong> &#8211; Uni\u00f3n del Comercio, la Industria y el Agro de Punta Alta<br><strong>Olga De Micheli<\/strong> &#8211; C\u00e1mara de Comercio e Industria de San Isidro<br><strong>Pablo Adri\u00e1n P\u00e9rez Carnevale<\/strong> &#8211; C\u00e1mara de Comercio, Industria y Producci\u00f3n de General Alvarado<\/p>\n\n\n\n<p><strong>Fotograf\u00eda<\/strong><br><strong>Miguel Fernandino<\/strong> &#8211; C\u00e1mara de Comercio, Industria, Producci\u00f3n y Servicios de Salliquel\u00f3<br><strong>Juan Manuel Schenberger<\/strong> &#8211; Sociedad de Comerciantes, Industriales, Propietarios y Afines de Pilar<br><strong>Antonela Pelorosso Coggan<\/strong> &#8211; C\u00e1mara de Comercio, Turismo e Industria de Sierra de la Ventana, Villa Arcadia y Saldungaray<br><strong>Paola Garc\u00eda<\/strong> &#8211; C\u00e1mara de Comercio e Industria de Coronel Pringles<br><strong>Miguel \u00c1ngel D Urbano<\/strong> &#8211; C\u00e1mara de Industria y Comercio de La Matanza<br><strong>Marcelo Panozzo<\/strong> &#8211; C\u00e1mara de Comercio, Industria, Producci\u00f3n y Servicios de Salliquel\u00f3<br><strong>Luc\u00eda Robert<\/strong> &#8211; C\u00e1mara Comercio, Industria y Servicios de Pergamino<br><strong>Bernardo Sabisky<\/strong> &#8211; Sociedad de Comerciantes, Industriales, Propietarios y Afines de Pilar<\/p>\n\n\n\n<hr class=\"wp-block-separator\"\/>\n\n\n\n<p>En la edici\u00f3n 2021, la C\u00e1mara Econ\u00f3mica Mercedina present\u00f3 a Marcela Bianco, que gan\u00f3 en la categor\u00eda Literatura.<\/p>\n","protected":false},"excerpt":{"rendered":"<p>El escritor y psic\u00f3logo fue propuesto por la C\u00e1mara Econ\u00f3mica Mercedina por su trabajo recientemente publicado \u00abHistoria de un Viaje\u00bb. &#8230; <a title=\"Marcos Tabossi finalista del premio FEBA Cultura en literatura\" class=\"read-more\" href=\"https:\/\/www.hoymercedes.com.ar\/principal\/2022\/05\/27\/marcos-tabossi-finalista-del-premio-feba-cultura-en-literatura\/\" aria-label=\"Leer m\u00e1s sobre Marcos Tabossi finalista del premio FEBA Cultura en literatura\">Leer m\u00e1s<\/a><\/p>\n","protected":false},"author":1,"featured_media":148545,"comment_status":"closed","ping_status":"open","sticky":false,"template":"","format":"standard","meta":{"_monsterinsights_skip_tracking":false,"_monsterinsights_sitenote_active":false,"_monsterinsights_sitenote_note":"","_monsterinsights_sitenote_category":0,"jetpack_post_was_ever_published":false,"_jetpack_newsletter_access":"","_jetpack_dont_email_post_to_subs":false,"_jetpack_newsletter_tier_id":0,"_jetpack_memberships_contains_paywalled_content":false,"_jetpack_memberships_contains_paid_content":false,"footnotes":"","jetpack_publicize_message":"","jetpack_publicize_feature_enabled":true,"jetpack_social_post_already_shared":true,"jetpack_social_options":{"image_generator_settings":{"template":"highway","default_image_id":0,"font":"","enabled":false},"version":2},"_wpas_customize_per_network":false},"categories":[104],"tags":[7805],"class_list":["post-148541","post","type-post","status-publish","format-standard","has-post-thumbnail","hentry","category-cultura","tag-cultura","generate-columns","tablet-grid-50","mobile-grid-100","grid-parent","grid-50"],"jetpack_publicize_connections":[],"jetpack_featured_media_url":"https:\/\/www.hoymercedes.com.ar\/principal\/wp-content\/uploads\/2022\/05\/Screenshot_20220523-1918582.png","wps_subtitle":"","jetpack_sharing_enabled":true,"_links":{"self":[{"href":"https:\/\/www.hoymercedes.com.ar\/principal\/wp-json\/wp\/v2\/posts\/148541","targetHints":{"allow":["GET"]}}],"collection":[{"href":"https:\/\/www.hoymercedes.com.ar\/principal\/wp-json\/wp\/v2\/posts"}],"about":[{"href":"https:\/\/www.hoymercedes.com.ar\/principal\/wp-json\/wp\/v2\/types\/post"}],"author":[{"embeddable":true,"href":"https:\/\/www.hoymercedes.com.ar\/principal\/wp-json\/wp\/v2\/users\/1"}],"replies":[{"embeddable":true,"href":"https:\/\/www.hoymercedes.com.ar\/principal\/wp-json\/wp\/v2\/comments?post=148541"}],"version-history":[{"count":0,"href":"https:\/\/www.hoymercedes.com.ar\/principal\/wp-json\/wp\/v2\/posts\/148541\/revisions"}],"wp:featuredmedia":[{"embeddable":true,"href":"https:\/\/www.hoymercedes.com.ar\/principal\/wp-json\/wp\/v2\/media\/148545"}],"wp:attachment":[{"href":"https:\/\/www.hoymercedes.com.ar\/principal\/wp-json\/wp\/v2\/media?parent=148541"}],"wp:term":[{"taxonomy":"category","embeddable":true,"href":"https:\/\/www.hoymercedes.com.ar\/principal\/wp-json\/wp\/v2\/categories?post=148541"},{"taxonomy":"post_tag","embeddable":true,"href":"https:\/\/www.hoymercedes.com.ar\/principal\/wp-json\/wp\/v2\/tags?post=148541"}],"curies":[{"name":"wp","href":"https:\/\/api.w.org\/{rel}","templated":true}]}}