{"id":14855,"date":"2012-07-30T15:24:24","date_gmt":"2012-07-30T15:24:24","guid":{"rendered":"http:\/\/www.hoymercedes.com.ar\/principal\/?p=14855"},"modified":"2012-07-30T16:48:08","modified_gmt":"2012-07-30T16:48:08","slug":"h-c-d-cargado-temario-con-temas-barriales-y-despachos-dividiso","status":"publish","type":"post","link":"https:\/\/www.hoymercedes.com.ar\/principal\/2012\/07\/30\/h-c-d-cargado-temario-con-temas-barriales-y-despachos-dividiso\/","title":{"rendered":"H.C.D cargado temario con temas barriales y despachos divididos"},"content":{"rendered":"<p>Esta noche habr\u00e1 sesi\u00f3n de Concejo Deliberante. Un amplio tem\u00e1rio que incluye varias reparaciones, iluminaci\u00f3n y puesta a punto de cuestiones en diversos barrios.<\/p>\n<p>El inicio del temario muestra algunos vetos a ordenanzas del intendente a cuestiones relacionadas a barriadas como pavimentaci\u00f3n. Tambi\u00e9n hay varias respuestas del ejecutivo elevadas al deliberativo.<\/p>\n<p>Como plato fuerte, al no estar el tema presupuestario, se encuentra el despacho dividido por el pedido encabezado por Jos\u00e9 Luis Pisano y el Partido Socilista de no adquirir productos Ledesma en Mercedes tal como han hecho otra comunidades por estar dicho ingenio azucarero vinculado a la \u00faltima dictadura militar. El despacho dividido tiene la confirmaci\u00f3n de no estar de acuerdo del bloque de Uni\u00f3n Pro, seg\u00fan nos coment\u00f3 el concejal Benitez.<\/p>\n<p>Esta noche ser\u00e1 una jornada que puede dejar algunos temas en el tintero.<\/p>\n<p>&nbsp;<\/p>\n","protected":false},"excerpt":{"rendered":"<p>Esta noche habr\u00e1 sesi\u00f3n de Concejo Deliberante. Un amplio tem\u00e1rio que incluye varias reparaciones, iluminaci\u00f3n y puesta a punto de &#8230; <a title=\"H.C.D cargado temario con temas barriales y despachos divididos\" class=\"read-more\" href=\"https:\/\/www.hoymercedes.com.ar\/principal\/2012\/07\/30\/h-c-d-cargado-temario-con-temas-barriales-y-despachos-dividiso\/\" aria-label=\"Leer m\u00e1s sobre H.C.D cargado temario con temas barriales y despachos divididos\">Leer m\u00e1s<\/a><\/p>\n","protected":false},"author":1,"featured_media":0,"comment_status":"open","ping_status":"open","sticky":false,"template":"","format":"standard","meta":{"_monsterinsights_skip_tracking":false,"_monsterinsights_sitenote_active":false,"_monsterinsights_sitenote_note":"","_monsterinsights_sitenote_category":0,"jetpack_post_was_ever_published":false,"_jetpack_newsletter_access":"","_jetpack_dont_email_post_to_subs":false,"_jetpack_newsletter_tier_id":0,"_jetpack_memberships_contains_paywalled_content":false,"_jetpack_memberships_contains_paid_content":false,"footnotes":"","jetpack_publicize_message":"","jetpack_publicize_feature_enabled":true,"jetpack_social_post_already_shared":false,"jetpack_social_options":{"image_generator_settings":{"template":"highway","default_image_id":0,"font":"","enabled":false},"version":2},"_wpas_customize_per_network":false},"categories":[5],"tags":[236],"class_list":["post-14855","post","type-post","status-publish","format-standard","hentry","category-politica","tag-concejo-deliberante","generate-columns","tablet-grid-50","mobile-grid-100","grid-parent","grid-50"],"jetpack_publicize_connections":[],"jetpack_featured_media_url":"","wps_subtitle":"","jetpack_sharing_enabled":true,"_links":{"self":[{"href":"https:\/\/www.hoymercedes.com.ar\/principal\/wp-json\/wp\/v2\/posts\/14855","targetHints":{"allow":["GET"]}}],"collection":[{"href":"https:\/\/www.hoymercedes.com.ar\/principal\/wp-json\/wp\/v2\/posts"}],"about":[{"href":"https:\/\/www.hoymercedes.com.ar\/principal\/wp-json\/wp\/v2\/types\/post"}],"author":[{"embeddable":true,"href":"https:\/\/www.hoymercedes.com.ar\/principal\/wp-json\/wp\/v2\/users\/1"}],"replies":[{"embeddable":true,"href":"https:\/\/www.hoymercedes.com.ar\/principal\/wp-json\/wp\/v2\/comments?post=14855"}],"version-history":[{"count":0,"href":"https:\/\/www.hoymercedes.com.ar\/principal\/wp-json\/wp\/v2\/posts\/14855\/revisions"}],"wp:attachment":[{"href":"https:\/\/www.hoymercedes.com.ar\/principal\/wp-json\/wp\/v2\/media?parent=14855"}],"wp:term":[{"taxonomy":"category","embeddable":true,"href":"https:\/\/www.hoymercedes.com.ar\/principal\/wp-json\/wp\/v2\/categories?post=14855"},{"taxonomy":"post_tag","embeddable":true,"href":"https:\/\/www.hoymercedes.com.ar\/principal\/wp-json\/wp\/v2\/tags?post=14855"}],"curies":[{"name":"wp","href":"https:\/\/api.w.org\/{rel}","templated":true}]}}