{"id":148568,"date":"2022-05-27T19:26:44","date_gmt":"2022-05-27T22:26:44","guid":{"rendered":"https:\/\/www.hoymercedes.com.ar\/principal\/?p=148568"},"modified":"2022-05-27T19:26:46","modified_gmt":"2022-05-27T22:26:46","slug":"festejan-los-cinco-anos-del-programa-mil-dias","status":"publish","type":"post","link":"https:\/\/www.hoymercedes.com.ar\/principal\/2022\/05\/27\/festejan-los-cinco-anos-del-programa-mil-dias\/","title":{"rendered":"Festejan los cinco a\u00f1os del Programa Mil D\u00edas"},"content":{"rendered":"\n<p>El programa Municipal Primeros Mil d\u00edas cumple 5 a\u00f1os y los celebra este s\u00e1bado 28 de mayo en el Complejo Cultural La Trocha. El festejo comienza a las 15:00 y se desarrollar\u00e1 hasta las 17:30 de la tarde. \u00a0<\/p>\n\n\n\n<p>Habr\u00e1 m\u00faltiples propuestas: estar\u00e1 Estaci\u00f3n Juego con sus incre\u00edbles entretenimientos, habr\u00e1 propuestas l\u00fadicas para los m\u00e1s peque\u00f1os (a cargo de equipos EPI y PIP), se presentar\u00e1 Bicho Canasto con Narraci\u00f3n de cuentos (a cargo de Alejandra Marroqu\u00edn),&nbsp;estar\u00e1n los representantes de Merienda Saludable (cocinas EPI y Programa Alimentario),&nbsp;\u00abJuegos de crianza\u00bb a cargo de alumnas del Profesorado de Educaci\u00f3n Infantil, Instituto 137, y mucho color y m\u00fasica en una jornada de festejo y recreaci\u00f3n.<\/p>\n\n\n\n<p>\u201cLa idea es que los vecinos y las familias se acerquen con ni\u00f1os de distintas edades, porque va a haber propuestas para todos y vengan a disfrutar de un lindo rato y disfruten de una jornada, que entendemos, ser\u00e1 muy linda\u201d se\u00f1alaron desde la Secretar\u00eda de Salud.<\/p>\n\n\n\n<p>Este es un programa municipal que se encuadra dentro del \u00e1rea de salud y que desde su comienzo ha sido de gran importancia en la ciudad. Tal es el caso, que fue reconocido a nivel nacional, convirti\u00e9ndolo en ley e implement\u00e1ndose en muchas provincias del pa\u00eds \u201cdesde que comenzamos con el programa, hace ya 5 a\u00f1os, han ingresado al mismo 900 familias por a\u00f1o en Mercedes\u201d informaron desde la Secretar\u00eda de Salud.<\/p>\n\n\n\n<p>\u201cEste s\u00e1bado vamos a intentar mostrar un poco todo el trabajo que se hace, desde las prendas que tejen las Abuelas Tejedoras, los \u00e1rboles que se plantan en los Bosques del mil D\u00edas, los folletos donde se vuelca mucha informaci\u00f3n importante en alimentaci\u00f3n, cuidados, etc, y as\u00ed todo, porque existe una gran labor llevada adelante por mucha gente, y es importante poder visualizarlo\u201d destacaron.<\/p>\n\n\n\n<p>El programa \u201cPrimeros Mil D\u00edas\u201d es una propuesta articulada por la Municipalidad de Mercedes y coordinada por las \u00e1reas de la Salud y Desarrollo de la comunidad que incluye el cuidado nutricional, socio ambiental, f\u00edsico, mental, educativo y formativo de las mam\u00e1s y futuras mam\u00e1s hasta los primeros mil d\u00edas del ni\u00f1o, combatiendo la mortalidad infantil y dando mayor calidad de vida integral. \u00a0\u00a0\u00a0<\/p>\n\n\n\n<p>Fuente: Prensa Municipal<\/p>\n\n\n\n<div class=\"wp-block-image\"><figure class=\"aligncenter size-full\"><img loading=\"lazy\" decoding=\"async\" width=\"526\" height=\"526\" data-attachment-id=\"148569\" data-permalink=\"https:\/\/www.hoymercedes.com.ar\/principal\/2022\/05\/27\/festejan-los-cinco-anos-del-programa-mil-dias\/aniversario-mil-dias\/#main\" data-orig-file=\"https:\/\/www.hoymercedes.com.ar\/principal\/wp-content\/uploads\/2022\/05\/aniversario-mil-dias.jpg\" data-orig-size=\"526,526\" data-comments-opened=\"0\" data-image-meta=\"{&quot;aperture&quot;:&quot;0&quot;,&quot;credit&quot;:&quot;&quot;,&quot;camera&quot;:&quot;&quot;,&quot;caption&quot;:&quot;&quot;,&quot;created_timestamp&quot;:&quot;0&quot;,&quot;copyright&quot;:&quot;&quot;,&quot;focal_length&quot;:&quot;0&quot;,&quot;iso&quot;:&quot;0&quot;,&quot;shutter_speed&quot;:&quot;0&quot;,&quot;title&quot;:&quot;&quot;,&quot;orientation&quot;:&quot;0&quot;}\" data-image-title=\"aniversario mil d\u00edas\" data-image-description=\"\" data-image-caption=\"\" data-large-file=\"https:\/\/www.hoymercedes.com.ar\/principal\/wp-content\/uploads\/2022\/05\/aniversario-mil-dias.jpg\" src=\"https:\/\/www.hoymercedes.com.ar\/principal\/wp-content\/uploads\/2022\/05\/aniversario-mil-dias.jpg\" alt=\"\" class=\"wp-image-148569\" srcset=\"https:\/\/www.hoymercedes.com.ar\/principal\/wp-content\/uploads\/2022\/05\/aniversario-mil-dias.jpg 526w, https:\/\/www.hoymercedes.com.ar\/principal\/wp-content\/uploads\/2022\/05\/aniversario-mil-dias-150x150.jpg 150w\" sizes=\"auto, (max-width: 526px) 100vw, 526px\" \/><\/figure><\/div>\n","protected":false},"excerpt":{"rendered":"<p>El programa Municipal Primeros Mil d\u00edas cumple 5 a\u00f1os y los celebra este s\u00e1bado 28 de mayo en el Complejo &#8230; <a title=\"Festejan los cinco a\u00f1os del Programa Mil D\u00edas\" class=\"read-more\" href=\"https:\/\/www.hoymercedes.com.ar\/principal\/2022\/05\/27\/festejan-los-cinco-anos-del-programa-mil-dias\/\" aria-label=\"Leer m\u00e1s sobre Festejan los cinco a\u00f1os del Programa Mil D\u00edas\">Leer m\u00e1s<\/a><\/p>\n","protected":false},"author":1,"featured_media":148569,"comment_status":"closed","ping_status":"open","sticky":false,"template":"","format":"standard","meta":{"_monsterinsights_skip_tracking":false,"_monsterinsights_sitenote_active":false,"_monsterinsights_sitenote_note":"","_monsterinsights_sitenote_category":0,"jetpack_post_was_ever_published":false,"_jetpack_newsletter_access":"","_jetpack_dont_email_post_to_subs":false,"_jetpack_newsletter_tier_id":0,"_jetpack_memberships_contains_paywalled_content":false,"_jetpack_memberships_contains_paid_content":false,"footnotes":"","jetpack_publicize_message":"","jetpack_publicize_feature_enabled":true,"jetpack_social_post_already_shared":true,"jetpack_social_options":{"image_generator_settings":{"template":"highway","default_image_id":0,"font":"","enabled":false},"version":2},"_wpas_customize_per_network":false},"categories":[30],"tags":[244],"class_list":["post-148568","post","type-post","status-publish","format-standard","has-post-thumbnail","hentry","category-municipio","tag-municipio-2","generate-columns","tablet-grid-50","mobile-grid-100","grid-parent","grid-50"],"jetpack_publicize_connections":[],"jetpack_featured_media_url":"https:\/\/www.hoymercedes.com.ar\/principal\/wp-content\/uploads\/2022\/05\/aniversario-mil-dias.jpg","wps_subtitle":"","jetpack_sharing_enabled":true,"_links":{"self":[{"href":"https:\/\/www.hoymercedes.com.ar\/principal\/wp-json\/wp\/v2\/posts\/148568","targetHints":{"allow":["GET"]}}],"collection":[{"href":"https:\/\/www.hoymercedes.com.ar\/principal\/wp-json\/wp\/v2\/posts"}],"about":[{"href":"https:\/\/www.hoymercedes.com.ar\/principal\/wp-json\/wp\/v2\/types\/post"}],"author":[{"embeddable":true,"href":"https:\/\/www.hoymercedes.com.ar\/principal\/wp-json\/wp\/v2\/users\/1"}],"replies":[{"embeddable":true,"href":"https:\/\/www.hoymercedes.com.ar\/principal\/wp-json\/wp\/v2\/comments?post=148568"}],"version-history":[{"count":0,"href":"https:\/\/www.hoymercedes.com.ar\/principal\/wp-json\/wp\/v2\/posts\/148568\/revisions"}],"wp:featuredmedia":[{"embeddable":true,"href":"https:\/\/www.hoymercedes.com.ar\/principal\/wp-json\/wp\/v2\/media\/148569"}],"wp:attachment":[{"href":"https:\/\/www.hoymercedes.com.ar\/principal\/wp-json\/wp\/v2\/media?parent=148568"}],"wp:term":[{"taxonomy":"category","embeddable":true,"href":"https:\/\/www.hoymercedes.com.ar\/principal\/wp-json\/wp\/v2\/categories?post=148568"},{"taxonomy":"post_tag","embeddable":true,"href":"https:\/\/www.hoymercedes.com.ar\/principal\/wp-json\/wp\/v2\/tags?post=148568"}],"curies":[{"name":"wp","href":"https:\/\/api.w.org\/{rel}","templated":true}]}}