{"id":148598,"date":"2022-05-28T13:57:43","date_gmt":"2022-05-28T16:57:43","guid":{"rendered":"https:\/\/www.hoymercedes.com.ar\/principal\/?p=148598"},"modified":"2022-05-28T13:57:48","modified_gmt":"2022-05-28T16:57:48","slug":"dos-detenidos-por-hechos-delictivos-en-mercedes-y-san-andres-de-giles","status":"publish","type":"post","link":"https:\/\/www.hoymercedes.com.ar\/principal\/2022\/05\/28\/dos-detenidos-por-hechos-delictivos-en-mercedes-y-san-andres-de-giles\/","title":{"rendered":"Dos detenidos por hechos delictivos en Mercedes y San Andr\u00e9s de Giles\u00a0"},"content":{"rendered":"\n<p>En la jornada del jueves 26 de mayo del corriente, se efectiviz\u00f3 la detenci\u00f3n de dos sujetos. Formaban parte de&nbsp; una banda de considerable peligrosidad, la cual azot\u00f3 durante los meses de marzo y abril del a\u00f1o 2022 las ciudades de Mercedes y San Andr\u00e9s de Giles.&nbsp;<\/p>\n\n\n\n<p>De acuerdo a lo que pudo conocerse, se llevaron a cabo cinco allanamientos en la Ciudad Aut\u00f3noma de Buenos Aires (barrio de La Boca) y localidad de Sarand\u00ed, Partido de Avellaneda (Bs. As.).&nbsp;<\/p>\n\n\n\n<p>Seg\u00fan surge de la investigaci\u00f3n, la banda cometi\u00f3 al menos cuatro hechos en Mercedes y San Andr\u00e9s de Giles, actuando con violencia y bajo amenazas. En algunos casos utilizaron armas impropias, y sustrajeron dinero y pertenencias de las v\u00edctimas. Los hechos ocurrieron el 24 de marzo en Mercedes, y los d\u00edas 1\u00b0, 6 y 12 de abril en San Andr\u00e9s de Giles.&nbsp;<\/p>\n\n\n\n<p>Esto fue comunicado a la Unidad Funcional de Instrucci\u00f3n N.\u00ba 3 del Departamento Judicial Mercedes, y cont\u00f3 con la intervenci\u00f3n interinamente del fiscal Sebasti\u00e1n Villalba, el secretario de la UFI Mat\u00edas Parodi, el dr. Mauricio Peralta de la Ayudant\u00eda de Autores Ignorados y del Cuerpo de analistas del Ministerio P\u00fablico Fiscal.&nbsp;<\/p>\n\n\n\n<p>Vale destacar que en el marco de otra investigaci\u00f3n, tres de los integrantes de esta banda fueron aprehendidos y se encuentran hoy con prisi\u00f3n preventiva.&nbsp;&nbsp;<\/p>\n\n\n\n<p>Tras ello las actuaciones continuaron su curso y se logr\u00f3 establecer la identidad de otros dos sujetos vinculados a esta banda.&nbsp;<\/p>\n\n\n\n<p>As\u00ed las cosas, tras recabar informaci\u00f3n de inter\u00e9s para sostener las nuevas imputaciones, el agente actuante solicit\u00f3 por ante el Juzgado de Garant\u00edas N\u00b0 3 una orden de allanamiento y detenci\u00f3n de estas dos personas por resultar coautores penalmente responsables del delito que se habr\u00edan cometido en las localidades antes mencionadas.&nbsp;<\/p>\n\n\n\n<p>La misma fue concedida y ejecutada en la jornada del jueves 26 del corriente. Se lograron secuestrar dos veh\u00edculos, elementos que fueron reconocidos por las v\u00edctimas, y elementos de inter\u00e9s para la investigaci\u00f3n.&nbsp;<\/p>\n\n\n\n<p>Los imputados comparecieron ante el agente fiscal a cargo interinamente de la UFI N\u00b0 3, dr. Sebasti\u00e1n Villalba, en el marco de la audiencia de declaraci\u00f3n en los t\u00e9rminos del art. 308 del C\u00f3digo Procesal Penal en la jornada del viernes 27 del corriente e hicieron uso de su derecho de negarse a declarar. Fue por los delitos: \u201cPrivaci\u00f3n ilegal de la libertad con violencia y amenazas, y robo en poblado y en banda, en concurso ideal\u201d y a uno de ellos tambi\u00e9n se le imput\u00f3 el delito de \u201cPrivaci\u00f3n ilegal de la libertad con violencia y amenazas, y robo con arma \u2013impropia- y en poblado y en banda, en concurso ideal\u201d.&nbsp;<\/p>\n\n\n\n<p>Vale destacar que se ampli\u00f3 la detenci\u00f3n de otros tres imputados que ya se encuentran recluidos, que ser\u00e1n citados a declarar por parte del Ministerio P\u00fablico.\u00a0<\/p>\n\n\n\n<p>Fuente: Ministerio P\u00fablico Fiscal del Depto. Judicial Mercedes<\/p>\n","protected":false},"excerpt":{"rendered":"<p>En la jornada del jueves 26 de mayo del corriente, se efectiviz\u00f3 la detenci\u00f3n de dos sujetos. Formaban parte de&nbsp; &#8230; <a title=\"Dos detenidos por hechos delictivos en Mercedes y San Andr\u00e9s de Giles\u00a0\" class=\"read-more\" href=\"https:\/\/www.hoymercedes.com.ar\/principal\/2022\/05\/28\/dos-detenidos-por-hechos-delictivos-en-mercedes-y-san-andres-de-giles\/\" aria-label=\"Leer m\u00e1s sobre Dos detenidos por hechos delictivos en Mercedes y San Andr\u00e9s de Giles\u00a0\">Leer m\u00e1s<\/a><\/p>\n","protected":false},"author":1,"featured_media":119942,"comment_status":"closed","ping_status":"open","sticky":false,"template":"","format":"standard","meta":{"_monsterinsights_skip_tracking":false,"_monsterinsights_sitenote_active":false,"_monsterinsights_sitenote_note":"","_monsterinsights_sitenote_category":0,"jetpack_post_was_ever_published":false,"_jetpack_newsletter_access":"","_jetpack_dont_email_post_to_subs":false,"_jetpack_newsletter_tier_id":0,"_jetpack_memberships_contains_paywalled_content":false,"_jetpack_memberships_contains_paid_content":false,"footnotes":"","jetpack_publicize_message":"","jetpack_publicize_feature_enabled":true,"jetpack_social_post_already_shared":true,"jetpack_social_options":{"image_generator_settings":{"template":"highway","default_image_id":0,"font":"","enabled":false},"version":2},"_wpas_customize_per_network":false},"categories":[85],"tags":[],"class_list":["post-148598","post","type-post","status-publish","format-standard","has-post-thumbnail","hentry","category-policial","generate-columns","tablet-grid-50","mobile-grid-100","grid-parent","grid-50"],"jetpack_publicize_connections":[],"jetpack_featured_media_url":"https:\/\/www.hoymercedes.com.ar\/principal\/wp-content\/uploads\/2020\/11\/11-policia-patrullero-1024x768-1-e1605113575314.jpg","wps_subtitle":"","jetpack_sharing_enabled":true,"_links":{"self":[{"href":"https:\/\/www.hoymercedes.com.ar\/principal\/wp-json\/wp\/v2\/posts\/148598","targetHints":{"allow":["GET"]}}],"collection":[{"href":"https:\/\/www.hoymercedes.com.ar\/principal\/wp-json\/wp\/v2\/posts"}],"about":[{"href":"https:\/\/www.hoymercedes.com.ar\/principal\/wp-json\/wp\/v2\/types\/post"}],"author":[{"embeddable":true,"href":"https:\/\/www.hoymercedes.com.ar\/principal\/wp-json\/wp\/v2\/users\/1"}],"replies":[{"embeddable":true,"href":"https:\/\/www.hoymercedes.com.ar\/principal\/wp-json\/wp\/v2\/comments?post=148598"}],"version-history":[{"count":0,"href":"https:\/\/www.hoymercedes.com.ar\/principal\/wp-json\/wp\/v2\/posts\/148598\/revisions"}],"wp:featuredmedia":[{"embeddable":true,"href":"https:\/\/www.hoymercedes.com.ar\/principal\/wp-json\/wp\/v2\/media\/119942"}],"wp:attachment":[{"href":"https:\/\/www.hoymercedes.com.ar\/principal\/wp-json\/wp\/v2\/media?parent=148598"}],"wp:term":[{"taxonomy":"category","embeddable":true,"href":"https:\/\/www.hoymercedes.com.ar\/principal\/wp-json\/wp\/v2\/categories?post=148598"},{"taxonomy":"post_tag","embeddable":true,"href":"https:\/\/www.hoymercedes.com.ar\/principal\/wp-json\/wp\/v2\/tags?post=148598"}],"curies":[{"name":"wp","href":"https:\/\/api.w.org\/{rel}","templated":true}]}}