{"id":148610,"date":"2022-05-28T18:15:17","date_gmt":"2022-05-28T21:15:17","guid":{"rendered":"https:\/\/www.hoymercedes.com.ar\/principal\/?p=148610"},"modified":"2022-05-28T18:15:21","modified_gmt":"2022-05-28T21:15:21","slug":"curso-y-capacitacion-a-personal-de-la-direccion-de-ninez-y-adolescencia","status":"publish","type":"post","link":"https:\/\/www.hoymercedes.com.ar\/principal\/2022\/05\/28\/curso-y-capacitacion-a-personal-de-la-direccion-de-ninez-y-adolescencia\/","title":{"rendered":"Curso y capacitaci\u00f3n a personal de la Direcci\u00f3n de Ni\u00f1ez y Adolescencia"},"content":{"rendered":"\n<p>El Municipio de Mercedes a trav\u00e9s de la Direcci\u00f3n de Ni\u00f1ez y Adolescencia llev\u00f3 adelante una nueva capacitaci\u00f3n al personal de las distintas instancias de acompa\u00f1amiento y gesti\u00f3n en los dispositivos vinculados al desarrollo de la ni\u00f1ez.<\/p>\n\n\n\n<div class=\"wp-block-image\"><figure class=\"aligncenter size-large\"><img loading=\"lazy\" decoding=\"async\" width=\"1024\" height=\"576\" data-attachment-id=\"148611\" data-permalink=\"https:\/\/www.hoymercedes.com.ar\/principal\/2022\/05\/28\/curso-y-capacitacion-a-personal-de-la-direccion-de-ninez-y-adolescencia\/dsc08274\/#main\" data-orig-file=\"https:\/\/www.hoymercedes.com.ar\/principal\/wp-content\/uploads\/2022\/05\/DSC08274-e1653772472742.jpg\" data-orig-size=\"800,450\" data-comments-opened=\"0\" data-image-meta=\"{&quot;aperture&quot;:&quot;0&quot;,&quot;credit&quot;:&quot;&quot;,&quot;camera&quot;:&quot;&quot;,&quot;caption&quot;:&quot;&quot;,&quot;created_timestamp&quot;:&quot;0&quot;,&quot;copyright&quot;:&quot;&quot;,&quot;focal_length&quot;:&quot;0&quot;,&quot;iso&quot;:&quot;0&quot;,&quot;shutter_speed&quot;:&quot;0&quot;,&quot;title&quot;:&quot;&quot;,&quot;orientation&quot;:&quot;0&quot;}\" data-image-title=\"DSC08274\" data-image-description=\"\" data-image-caption=\"\" data-large-file=\"https:\/\/www.hoymercedes.com.ar\/principal\/wp-content\/uploads\/2022\/05\/DSC08274-1024x576.jpg\" src=\"https:\/\/www.hoymercedes.com.ar\/principal\/wp-content\/uploads\/2022\/05\/DSC08274-1024x576.jpg\" alt=\"\" class=\"wp-image-148611\"\/><\/figure><\/div>\n\n\n\n<p>La misma se encuentra dentro una planificaci\u00f3n anual, que incluye distintas instancias te\u00f3ricas y pr\u00e1cticas, y se desarroll\u00f3 en el Complejo Cultural La Trocha. Estas herramientas formativas, se dan en el marco de las diversas actividades que se impulsan a nivel nacional.<br><br>Se cont\u00f3 con la presencia de docentes y profesionales, provenientes de la Ciudad Aut\u00f3noma de Buenos Aires \u201cen distintas especialidades cuyo rol y participaci\u00f3n fue de gran importancia y val\u00eda, para las diferentes interacciones generadas\u201d se\u00f1alaron desde la Direcci\u00f3n de Ni\u00f1ez y Adolescencia a cargo de la Lic. Gabriela Olivella.<br><br>Por su parte, el intendente Juan Ignacio Ustarroz destac\u00f3 \u201clo importancia de seguir trabajando en aspectos acad\u00e9micos, para aquellos que d\u00eda a d\u00eda realizan esta invaluable tarea de cuidado, desarrollo y acompa\u00f1amiento de las infancias en nuestra ciudad\u201d y apunt\u00f3 \u201cpor medio de los distintos dispositivos oficiales, que van, desde los Espacios Primera infancia, Casa del Ni\u00f1o, Hogar Abrigo entre otros\u201d.<br><br>De esta manera, la Municipalidad de Mercedes contin\u00faa promoviendo la capacitaci\u00f3n y formaci\u00f3n continua de las y los trabajadores en distintas \u00e1reas de gesti\u00f3n municipal\u201d.<\/p>\n\n\n\n<p>Fuente Prensa Municipal<\/p>\n","protected":false},"excerpt":{"rendered":"<p>El Municipio de Mercedes a trav\u00e9s de la Direcci\u00f3n de Ni\u00f1ez y Adolescencia llev\u00f3 adelante una nueva capacitaci\u00f3n al personal &#8230; <a title=\"Curso y capacitaci\u00f3n a personal de la Direcci\u00f3n de Ni\u00f1ez y Adolescencia\" class=\"read-more\" href=\"https:\/\/www.hoymercedes.com.ar\/principal\/2022\/05\/28\/curso-y-capacitacion-a-personal-de-la-direccion-de-ninez-y-adolescencia\/\" aria-label=\"Leer m\u00e1s sobre Curso y capacitaci\u00f3n a personal de la Direcci\u00f3n de Ni\u00f1ez y Adolescencia\">Leer m\u00e1s<\/a><\/p>\n","protected":false},"author":1,"featured_media":148611,"comment_status":"closed","ping_status":"open","sticky":false,"template":"","format":"standard","meta":{"_monsterinsights_skip_tracking":false,"_monsterinsights_sitenote_active":false,"_monsterinsights_sitenote_note":"","_monsterinsights_sitenote_category":0,"jetpack_post_was_ever_published":false,"_jetpack_newsletter_access":"","_jetpack_dont_email_post_to_subs":false,"_jetpack_newsletter_tier_id":0,"_jetpack_memberships_contains_paywalled_content":false,"_jetpack_memberships_contains_paid_content":false,"footnotes":"","jetpack_publicize_message":"","jetpack_publicize_feature_enabled":true,"jetpack_social_post_already_shared":true,"jetpack_social_options":{"image_generator_settings":{"template":"highway","default_image_id":0,"font":"","enabled":false},"version":2},"_wpas_customize_per_network":false},"categories":[30],"tags":[244],"class_list":["post-148610","post","type-post","status-publish","format-standard","has-post-thumbnail","hentry","category-municipio","tag-municipio-2","generate-columns","tablet-grid-50","mobile-grid-100","grid-parent","grid-50"],"jetpack_publicize_connections":[],"jetpack_featured_media_url":"https:\/\/www.hoymercedes.com.ar\/principal\/wp-content\/uploads\/2022\/05\/DSC08274-e1653772472742.jpg","wps_subtitle":"","jetpack_sharing_enabled":true,"_links":{"self":[{"href":"https:\/\/www.hoymercedes.com.ar\/principal\/wp-json\/wp\/v2\/posts\/148610","targetHints":{"allow":["GET"]}}],"collection":[{"href":"https:\/\/www.hoymercedes.com.ar\/principal\/wp-json\/wp\/v2\/posts"}],"about":[{"href":"https:\/\/www.hoymercedes.com.ar\/principal\/wp-json\/wp\/v2\/types\/post"}],"author":[{"embeddable":true,"href":"https:\/\/www.hoymercedes.com.ar\/principal\/wp-json\/wp\/v2\/users\/1"}],"replies":[{"embeddable":true,"href":"https:\/\/www.hoymercedes.com.ar\/principal\/wp-json\/wp\/v2\/comments?post=148610"}],"version-history":[{"count":0,"href":"https:\/\/www.hoymercedes.com.ar\/principal\/wp-json\/wp\/v2\/posts\/148610\/revisions"}],"wp:featuredmedia":[{"embeddable":true,"href":"https:\/\/www.hoymercedes.com.ar\/principal\/wp-json\/wp\/v2\/media\/148611"}],"wp:attachment":[{"href":"https:\/\/www.hoymercedes.com.ar\/principal\/wp-json\/wp\/v2\/media?parent=148610"}],"wp:term":[{"taxonomy":"category","embeddable":true,"href":"https:\/\/www.hoymercedes.com.ar\/principal\/wp-json\/wp\/v2\/categories?post=148610"},{"taxonomy":"post_tag","embeddable":true,"href":"https:\/\/www.hoymercedes.com.ar\/principal\/wp-json\/wp\/v2\/tags?post=148610"}],"curies":[{"name":"wp","href":"https:\/\/api.w.org\/{rel}","templated":true}]}}