{"id":148616,"date":"2022-05-29T07:18:00","date_gmt":"2022-05-29T10:18:00","guid":{"rendered":"https:\/\/www.hoymercedes.com.ar\/principal\/?p=148616"},"modified":"2022-05-29T10:23:59","modified_gmt":"2022-05-29T13:23:59","slug":"detienen-a-una-pareja-con-pedido-de-captura","status":"publish","type":"post","link":"https:\/\/www.hoymercedes.com.ar\/principal\/2022\/05\/29\/detienen-a-una-pareja-con-pedido-de-captura\/","title":{"rendered":"Detienen a una pareja con pedido de captura"},"content":{"rendered":"\n<p>La Polic\u00eda Comunal confirm\u00f3 la detenci\u00f3n de una pareja &#8211; un hombre y una mujer &#8211; que ten\u00edan pedido de captura por parte de la Justicia Federal con sede en la Ciudad Aut\u00f3noma de Buenos Aires. De acuerdo a la informaci\u00f3n enviada por las fuerzas de seguridad local, los efectivos de las cuadrillas los identificaron en el marco de un control. <\/p>\n\n\n\n<p>Los efectivos locales detectan movimientos no habituales y proceden con las actuaciones de rigor, determinando que eran las personas buscadas. La mujer es de 56 a\u00f1os de edad y el hombre de 40 a\u00f1os.<\/p>\n\n\n\n<p>Los detenidos ten\u00edan pedido de captura por el Correccional en los Criminal N\u00ba7 de la Ciudad Aut\u00f3noma de Buenos Aires en el orden de la Justicia Federal por diversos hurtos. Fueron enviados y puesto a disposici\u00f3n de la justicia porte\u00f1a. <\/p>\n\n\n\n<figure class=\"wp-block-gallery has-nested-images columns-default is-cropped wp-block-gallery-1 is-layout-flex wp-block-gallery-is-layout-flex\">\n<figure class=\"wp-block-image size-large\"><img loading=\"lazy\" decoding=\"async\" width=\"589\" height=\"476\" data-attachment-id=\"148618\" data-permalink=\"https:\/\/www.hoymercedes.com.ar\/principal\/2022\/05\/29\/detienen-a-una-pareja-con-pedido-de-captura\/whatsapp-image-2022-05-28-at-9-19-39-pm\/#main\" data-orig-file=\"https:\/\/www.hoymercedes.com.ar\/principal\/wp-content\/uploads\/2022\/05\/WhatsApp-Image-2022-05-28-at-9.19.39-PM.jpeg\" data-orig-size=\"589,476\" data-comments-opened=\"0\" data-image-meta=\"{&quot;aperture&quot;:&quot;0&quot;,&quot;credit&quot;:&quot;&quot;,&quot;camera&quot;:&quot;&quot;,&quot;caption&quot;:&quot;&quot;,&quot;created_timestamp&quot;:&quot;0&quot;,&quot;copyright&quot;:&quot;&quot;,&quot;focal_length&quot;:&quot;0&quot;,&quot;iso&quot;:&quot;0&quot;,&quot;shutter_speed&quot;:&quot;0&quot;,&quot;title&quot;:&quot;&quot;,&quot;orientation&quot;:&quot;0&quot;}\" data-image-title=\"WhatsApp Image 2022-05-28 at 9.19.39 PM\" data-image-description=\"\" data-image-caption=\"\" data-large-file=\"https:\/\/www.hoymercedes.com.ar\/principal\/wp-content\/uploads\/2022\/05\/WhatsApp-Image-2022-05-28-at-9.19.39-PM.jpeg\" data-id=\"148618\" src=\"https:\/\/www.hoymercedes.com.ar\/principal\/wp-content\/uploads\/2022\/05\/WhatsApp-Image-2022-05-28-at-9.19.39-PM.jpeg\" alt=\"\" class=\"wp-image-148618\" srcset=\"https:\/\/www.hoymercedes.com.ar\/principal\/wp-content\/uploads\/2022\/05\/WhatsApp-Image-2022-05-28-at-9.19.39-PM.jpeg 589w, https:\/\/www.hoymercedes.com.ar\/principal\/wp-content\/uploads\/2022\/05\/WhatsApp-Image-2022-05-28-at-9.19.39-PM-150x121.jpeg 150w\" sizes=\"auto, (max-width: 589px) 100vw, 589px\" \/><\/figure>\n\n\n\n<figure class=\"wp-block-image size-large\"><img loading=\"lazy\" decoding=\"async\" width=\"589\" height=\"541\" data-attachment-id=\"148617\" data-permalink=\"https:\/\/www.hoymercedes.com.ar\/principal\/2022\/05\/29\/detienen-a-una-pareja-con-pedido-de-captura\/whatsapp-image-2022-05-28-at-9-19-38-pm\/#main\" data-orig-file=\"https:\/\/www.hoymercedes.com.ar\/principal\/wp-content\/uploads\/2022\/05\/WhatsApp-Image-2022-05-28-at-9.19.38-PM.jpeg\" data-orig-size=\"589,541\" data-comments-opened=\"0\" data-image-meta=\"{&quot;aperture&quot;:&quot;0&quot;,&quot;credit&quot;:&quot;&quot;,&quot;camera&quot;:&quot;&quot;,&quot;caption&quot;:&quot;&quot;,&quot;created_timestamp&quot;:&quot;0&quot;,&quot;copyright&quot;:&quot;&quot;,&quot;focal_length&quot;:&quot;0&quot;,&quot;iso&quot;:&quot;0&quot;,&quot;shutter_speed&quot;:&quot;0&quot;,&quot;title&quot;:&quot;&quot;,&quot;orientation&quot;:&quot;0&quot;}\" data-image-title=\"WhatsApp Image 2022-05-28 at 9.19.38 PM\" data-image-description=\"\" data-image-caption=\"\" data-large-file=\"https:\/\/www.hoymercedes.com.ar\/principal\/wp-content\/uploads\/2022\/05\/WhatsApp-Image-2022-05-28-at-9.19.38-PM.jpeg\" data-id=\"148617\" src=\"https:\/\/www.hoymercedes.com.ar\/principal\/wp-content\/uploads\/2022\/05\/WhatsApp-Image-2022-05-28-at-9.19.38-PM.jpeg\" alt=\"\" class=\"wp-image-148617\" srcset=\"https:\/\/www.hoymercedes.com.ar\/principal\/wp-content\/uploads\/2022\/05\/WhatsApp-Image-2022-05-28-at-9.19.38-PM.jpeg 589w, https:\/\/www.hoymercedes.com.ar\/principal\/wp-content\/uploads\/2022\/05\/WhatsApp-Image-2022-05-28-at-9.19.38-PM-150x138.jpeg 150w\" sizes=\"auto, (max-width: 589px) 100vw, 589px\" \/><\/figure>\n<\/figure>\n","protected":false},"excerpt":{"rendered":"<p>La Polic\u00eda Comunal confirm\u00f3 la detenci\u00f3n de una pareja &#8211; un hombre y una mujer &#8211; que ten\u00edan pedido de &#8230; <a title=\"Detienen a una pareja con pedido de captura\" class=\"read-more\" href=\"https:\/\/www.hoymercedes.com.ar\/principal\/2022\/05\/29\/detienen-a-una-pareja-con-pedido-de-captura\/\" aria-label=\"Leer m\u00e1s sobre Detienen a una pareja con pedido de captura\">Leer m\u00e1s<\/a><\/p>\n","protected":false},"author":1,"featured_media":148618,"comment_status":"closed","ping_status":"open","sticky":false,"template":"","format":"standard","meta":{"_monsterinsights_skip_tracking":false,"_monsterinsights_sitenote_active":false,"_monsterinsights_sitenote_note":"","_monsterinsights_sitenote_category":0,"jetpack_post_was_ever_published":false,"_jetpack_newsletter_access":"","_jetpack_dont_email_post_to_subs":false,"_jetpack_newsletter_tier_id":0,"_jetpack_memberships_contains_paywalled_content":false,"_jetpack_memberships_contains_paid_content":false,"footnotes":"","jetpack_publicize_message":"","jetpack_publicize_feature_enabled":true,"jetpack_social_post_already_shared":true,"jetpack_social_options":{"image_generator_settings":{"template":"highway","default_image_id":0,"font":"","enabled":false},"version":2},"_wpas_customize_per_network":false},"categories":[85],"tags":[],"class_list":["post-148616","post","type-post","status-publish","format-standard","has-post-thumbnail","hentry","category-policial","generate-columns","tablet-grid-50","mobile-grid-100","grid-parent","grid-50"],"jetpack_publicize_connections":[],"jetpack_featured_media_url":"https:\/\/www.hoymercedes.com.ar\/principal\/wp-content\/uploads\/2022\/05\/WhatsApp-Image-2022-05-28-at-9.19.39-PM.jpeg","wps_subtitle":"","jetpack_sharing_enabled":true,"_links":{"self":[{"href":"https:\/\/www.hoymercedes.com.ar\/principal\/wp-json\/wp\/v2\/posts\/148616","targetHints":{"allow":["GET"]}}],"collection":[{"href":"https:\/\/www.hoymercedes.com.ar\/principal\/wp-json\/wp\/v2\/posts"}],"about":[{"href":"https:\/\/www.hoymercedes.com.ar\/principal\/wp-json\/wp\/v2\/types\/post"}],"author":[{"embeddable":true,"href":"https:\/\/www.hoymercedes.com.ar\/principal\/wp-json\/wp\/v2\/users\/1"}],"replies":[{"embeddable":true,"href":"https:\/\/www.hoymercedes.com.ar\/principal\/wp-json\/wp\/v2\/comments?post=148616"}],"version-history":[{"count":0,"href":"https:\/\/www.hoymercedes.com.ar\/principal\/wp-json\/wp\/v2\/posts\/148616\/revisions"}],"wp:featuredmedia":[{"embeddable":true,"href":"https:\/\/www.hoymercedes.com.ar\/principal\/wp-json\/wp\/v2\/media\/148618"}],"wp:attachment":[{"href":"https:\/\/www.hoymercedes.com.ar\/principal\/wp-json\/wp\/v2\/media?parent=148616"}],"wp:term":[{"taxonomy":"category","embeddable":true,"href":"https:\/\/www.hoymercedes.com.ar\/principal\/wp-json\/wp\/v2\/categories?post=148616"},{"taxonomy":"post_tag","embeddable":true,"href":"https:\/\/www.hoymercedes.com.ar\/principal\/wp-json\/wp\/v2\/tags?post=148616"}],"curies":[{"name":"wp","href":"https:\/\/api.w.org\/{rel}","templated":true}]}}