{"id":148639,"date":"2022-05-29T20:18:27","date_gmt":"2022-05-29T23:18:27","guid":{"rendered":"https:\/\/www.hoymercedes.com.ar\/principal\/?p=148639"},"modified":"2022-05-29T20:18:31","modified_gmt":"2022-05-29T23:18:31","slug":"instituto-belgraniano-inauguro-espacio-con-charla-del-arq-moreno","status":"publish","type":"post","link":"https:\/\/www.hoymercedes.com.ar\/principal\/2022\/05\/29\/instituto-belgraniano-inauguro-espacio-con-charla-del-arq-moreno\/","title":{"rendered":"Instituto Belgraniano inaugur\u00f3 espacio con charla del Arq. Moreno"},"content":{"rendered":"\n<p>En la tarde del s\u00e1bado \u00faltimo, el Instituto Belgraniano de Mercedes realiz\u00f3 un sencillo acto en el marco del mes aniversario de la Revoluci\u00f3n de Mayo. En una charla con el Arquitecto Carlos Moreno, miembro de n\u00famero del Instituto Nacional Belgraniano y persona reconocida en nuestra ciudad por sus investigaciones y defensa patrimonial de la arquitectura urbana y rural, sobre el mismo Manuel Belgrano, el Instituto de investigaci\u00f3n hist\u00f3rica aprovech\u00f3 la oportunidad de inaugurar p\u00fablicamente la sede de la instituci\u00f3n en calle 12 N\u00b0 339. <\/p>\n\n\n<div class=\"wp-block-image\">\n<figure class=\"aligncenter size-full\"><img loading=\"lazy\" decoding=\"async\" width=\"800\" height=\"533\" data-attachment-id=\"148666\" data-permalink=\"https:\/\/www.hoymercedes.com.ar\/principal\/2022\/05\/29\/instituto-belgraniano-inauguro-espacio-con-charla-del-arq-moreno\/img_20220528_162019987\/#main\" data-orig-file=\"https:\/\/www.hoymercedes.com.ar\/principal\/wp-content\/uploads\/2022\/05\/IMG_20220528_162019987.jpg\" data-orig-size=\"800,533\" data-comments-opened=\"0\" data-image-meta=\"{&quot;aperture&quot;:&quot;0&quot;,&quot;credit&quot;:&quot;&quot;,&quot;camera&quot;:&quot;&quot;,&quot;caption&quot;:&quot;&quot;,&quot;created_timestamp&quot;:&quot;1653754820&quot;,&quot;copyright&quot;:&quot;&quot;,&quot;focal_length&quot;:&quot;0&quot;,&quot;iso&quot;:&quot;0&quot;,&quot;shutter_speed&quot;:&quot;0&quot;,&quot;title&quot;:&quot;&quot;,&quot;orientation&quot;:&quot;1&quot;}\" data-image-title=\"IMG_20220528_162019987\" data-image-description=\"\" data-image-caption=\"\" data-large-file=\"https:\/\/www.hoymercedes.com.ar\/principal\/wp-content\/uploads\/2022\/05\/IMG_20220528_162019987.jpg\" src=\"https:\/\/www.hoymercedes.com.ar\/principal\/wp-content\/uploads\/2022\/05\/IMG_20220528_162019987.jpg\" alt=\"\" class=\"wp-image-148666\" srcset=\"https:\/\/www.hoymercedes.com.ar\/principal\/wp-content\/uploads\/2022\/05\/IMG_20220528_162019987.jpg 800w, https:\/\/www.hoymercedes.com.ar\/principal\/wp-content\/uploads\/2022\/05\/IMG_20220528_162019987-630x420.jpg 630w, https:\/\/www.hoymercedes.com.ar\/principal\/wp-content\/uploads\/2022\/05\/IMG_20220528_162019987-150x100.jpg 150w, https:\/\/www.hoymercedes.com.ar\/principal\/wp-content\/uploads\/2022\/05\/IMG_20220528_162019987-700x465.jpg 700w\" sizes=\"auto, (max-width: 800px) 100vw, 800px\" \/><\/figure>\n<\/div>\n\n\n<p>La presidente del Instituto Belgraniano de Mercedes, la Profesora de Historia M\u00f3nica Brown, le sdio la bienvenida a los presentes que se hicieron eco de la invitaci\u00f3n a la charla y a la inauguraci\u00f3n de la sede. \u00abEste espacio nos permitir\u00e1 hacer m\u00e1s actividades y hoy iniciamos con la charla del Arquitecto Carlos Moreno para hablar &#8216;del muchacho Belgrano&#8217;. La figura de Manuel Belgrano en la Revoluci\u00f3n de Mayo\u00bb, dijo M\u00f3nica. <\/p>\n\n\n\n<p>A su lado, el Arquitecto invitado inici\u00f3 su exposici\u00f3n explicando que se centrar\u00eda en la figura de la historia Argentina \u00abque termin\u00f3 desdibujado en su importancia\u00bb. \u00abManuel Belgrano no es segundo, es de los protagonistas fundamentales. Fue militar cuando se lo necesit\u00f3, pero fue un estadista y un humanista. Lo que plante\u00f3 fue un mundo distinto para un futuro que era incierto. Un futuro que se construy\u00f3 en base a un mundo que ya se hab\u00eda agotado y que quer\u00eda tener espacios nuevos que se concretar\u00edan en 1810 con esa primera declaraci\u00f3n que para muchos fue la independencia. Belgrano es un hombre que vivi\u00f3 hace 200 a\u00f1os, pero sus ideas son actuales, son como asignaturas pendientes\u00bb, agreg\u00f3 Carlos Moreno para luego contextualizar el pensamiento belgraniano en un mundo de revoluciones civiles y sociales y finalmente, relacionarlas con la actualidad<\/p>\n\n\n\n<p><strong>Aniversario <\/strong><\/p>\n\n\n\n<p>El d\u00eda 4 de junio de 2020 el Instituto Belgraniano de Mercedes cumpli\u00f3 40 a\u00f1os de labor ininterrumpida en la difusi\u00f3n de la historia nacional a trav\u00e9s de la figura del Padre de la Patria, Manuel Belgrano. La situaci\u00f3n de aislamiento a causa de la pandemia impidi\u00f3 la conmemoraci\u00f3n de la fecha tal y como sus miembros deseaban. <\/p>\n\n\n\n<p>Es por ello que este a\u00f1o, al cumplirse el cumplea\u00f1os 42, se proceder\u00e1 a otorgar un reconocimiento a aquellos miembros fundadores que a\u00fan contin\u00faan en la promoci\u00f3n e investigaci\u00f3n belgraniana; en la misma ocasi\u00f3n se har\u00e1 formal recibimiento de vecinos y vecinas mercedinos interesados en integrar el instituto y sumarse a su tarea de divulgaci\u00f3n belgraniana.<\/p>\n\n\n\n<p>La reuni\u00f3n tendr\u00e1 lugar el pr\u00f3ximo s\u00e1bado 4 de junio a las 18 hs en la sede del instituto (calle 12 N\u00b0 339, casi 15). El Instituto Belgraniano hace extensiva la invitaci\u00f3n a familiares, vecinos e interesados en general a compartir este momento. <\/p>\n","protected":false},"excerpt":{"rendered":"<p>En la tarde del s\u00e1bado \u00faltimo, el Instituto Belgraniano de Mercedes realiz\u00f3 un sencillo acto en el marco del mes &#8230; <a title=\"Instituto Belgraniano inaugur\u00f3 espacio con charla del Arq. Moreno\" class=\"read-more\" href=\"https:\/\/www.hoymercedes.com.ar\/principal\/2022\/05\/29\/instituto-belgraniano-inauguro-espacio-con-charla-del-arq-moreno\/\" aria-label=\"Leer m\u00e1s sobre Instituto Belgraniano inaugur\u00f3 espacio con charla del Arq. Moreno\">Leer m\u00e1s<\/a><\/p>\n","protected":false},"author":1,"featured_media":148666,"comment_status":"closed","ping_status":"open","sticky":false,"template":"","format":"standard","meta":{"_monsterinsights_skip_tracking":false,"_monsterinsights_sitenote_active":false,"_monsterinsights_sitenote_note":"","_monsterinsights_sitenote_category":0,"jetpack_post_was_ever_published":false,"_jetpack_newsletter_access":"","_jetpack_dont_email_post_to_subs":false,"_jetpack_newsletter_tier_id":0,"_jetpack_memberships_contains_paywalled_content":false,"_jetpack_memberships_contains_paid_content":false,"footnotes":"","jetpack_publicize_message":"","jetpack_publicize_feature_enabled":true,"jetpack_social_post_already_shared":true,"jetpack_social_options":{"image_generator_settings":{"template":"highway","default_image_id":0,"font":"","enabled":false},"version":2},"_wpas_customize_per_network":false},"categories":[104],"tags":[7805],"class_list":["post-148639","post","type-post","status-publish","format-standard","has-post-thumbnail","hentry","category-cultura","tag-cultura","generate-columns","tablet-grid-50","mobile-grid-100","grid-parent","grid-50"],"jetpack_publicize_connections":[],"jetpack_featured_media_url":"https:\/\/www.hoymercedes.com.ar\/principal\/wp-content\/uploads\/2022\/05\/IMG_20220528_162019987.jpg","wps_subtitle":"","jetpack_sharing_enabled":true,"_links":{"self":[{"href":"https:\/\/www.hoymercedes.com.ar\/principal\/wp-json\/wp\/v2\/posts\/148639","targetHints":{"allow":["GET"]}}],"collection":[{"href":"https:\/\/www.hoymercedes.com.ar\/principal\/wp-json\/wp\/v2\/posts"}],"about":[{"href":"https:\/\/www.hoymercedes.com.ar\/principal\/wp-json\/wp\/v2\/types\/post"}],"author":[{"embeddable":true,"href":"https:\/\/www.hoymercedes.com.ar\/principal\/wp-json\/wp\/v2\/users\/1"}],"replies":[{"embeddable":true,"href":"https:\/\/www.hoymercedes.com.ar\/principal\/wp-json\/wp\/v2\/comments?post=148639"}],"version-history":[{"count":0,"href":"https:\/\/www.hoymercedes.com.ar\/principal\/wp-json\/wp\/v2\/posts\/148639\/revisions"}],"wp:featuredmedia":[{"embeddable":true,"href":"https:\/\/www.hoymercedes.com.ar\/principal\/wp-json\/wp\/v2\/media\/148666"}],"wp:attachment":[{"href":"https:\/\/www.hoymercedes.com.ar\/principal\/wp-json\/wp\/v2\/media?parent=148639"}],"wp:term":[{"taxonomy":"category","embeddable":true,"href":"https:\/\/www.hoymercedes.com.ar\/principal\/wp-json\/wp\/v2\/categories?post=148639"},{"taxonomy":"post_tag","embeddable":true,"href":"https:\/\/www.hoymercedes.com.ar\/principal\/wp-json\/wp\/v2\/tags?post=148639"}],"curies":[{"name":"wp","href":"https:\/\/api.w.org\/{rel}","templated":true}]}}