{"id":148649,"date":"2022-05-29T19:13:03","date_gmt":"2022-05-29T22:13:03","guid":{"rendered":"https:\/\/www.hoymercedes.com.ar\/principal\/?p=148649"},"modified":"2022-05-29T19:13:06","modified_gmt":"2022-05-29T22:13:06","slug":"detienen-en-mercedes-a-sospechosos-que-huian-desde-suipacha","status":"publish","type":"post","link":"https:\/\/www.hoymercedes.com.ar\/principal\/2022\/05\/29\/detienen-en-mercedes-a-sospechosos-que-huian-desde-suipacha\/","title":{"rendered":"Detienen en Mercedes a sospechosos que hu\u00edan desde Suipacha"},"content":{"rendered":"\n<p>La Polic\u00eda Comunal de Mercedes inform\u00f3 que detuvo a sospechososo que eran perseguidos desde Suipacha luego de \u00abuna persecusi\u00f3n e intercambio de disparos\u00bb. Desde la vecina localidad emitieron el alerta de fuga y en la Ruta N\u00b0 5 se prepararon para detenerlos. <\/p>\n\n\n\n<p>Hu\u00edan en un autom\u00f3vil que fue sorteando controles policiales, hasta que se inicia el \u00aboperativo cerrojo\u00bb en Mercedes. Trascendi\u00f3 que el primer contacto visual del Renault Kwind Zen en el que se movilizaban se realiza a la altura de Ruta N\u00ba 5 en su empalme con Acceso Manuel Sanmart\u00edn. Los delincuentes continuaron con rumbo a la rotonda de acceso, pero en el trayecto fueron perseguidos por la Polic\u00eda de Mercedes. <\/p>\n\n\n\n<p><span style=\"font-size: revert;\">Intentan meterse en una calle cercana a la VTV, pero se ven nuevamente cercados y deciden descender del auto y emprender huida corriendo. En la ruta pasando ya hab\u00edan efectuado dos disparos a instancias de qui\u00e9n conduc\u00eda, se supo, pero sumamente rodeados finalmente intentan, como se dice en la jerga, \u201cdescartar el arma\u201d viendo que su destino estaba sellado.\u00a0\u00a0<\/span><\/p>\n\n\n\n<figure class=\"wp-block-gallery has-nested-images columns-default is-cropped wp-block-gallery-1 is-layout-flex wp-block-gallery-is-layout-flex\">\n<figure class=\"wp-block-image size-large\"><img loading=\"lazy\" decoding=\"async\" width=\"574\" height=\"562\" data-attachment-id=\"148652\" data-permalink=\"https:\/\/www.hoymercedes.com.ar\/principal\/2022\/05\/29\/detienen-en-mercedes-a-sospechosos-que-huian-desde-suipacha\/whatsapp-image-2022-05-29-at-4-51-32-pm-1\/#main\" data-orig-file=\"https:\/\/www.hoymercedes.com.ar\/principal\/wp-content\/uploads\/2022\/05\/WhatsApp-Image-2022-05-29-at-4.51.32-PM-1.jpeg\" data-orig-size=\"574,562\" data-comments-opened=\"0\" data-image-meta=\"{&quot;aperture&quot;:&quot;0&quot;,&quot;credit&quot;:&quot;&quot;,&quot;camera&quot;:&quot;&quot;,&quot;caption&quot;:&quot;&quot;,&quot;created_timestamp&quot;:&quot;1653850306&quot;,&quot;copyright&quot;:&quot;&quot;,&quot;focal_length&quot;:&quot;0&quot;,&quot;iso&quot;:&quot;0&quot;,&quot;shutter_speed&quot;:&quot;0&quot;,&quot;title&quot;:&quot;&quot;,&quot;orientation&quot;:&quot;1&quot;}\" data-image-title=\"WhatsApp Image 2022-05-29 at 4.51.32 PM (1)\" data-image-description=\"\" data-image-caption=\"\" data-large-file=\"https:\/\/www.hoymercedes.com.ar\/principal\/wp-content\/uploads\/2022\/05\/WhatsApp-Image-2022-05-29-at-4.51.32-PM-1.jpeg\" data-id=\"148652\" src=\"https:\/\/www.hoymercedes.com.ar\/principal\/wp-content\/uploads\/2022\/05\/WhatsApp-Image-2022-05-29-at-4.51.32-PM-1.jpeg\" alt=\"\" class=\"wp-image-148652\" srcset=\"https:\/\/www.hoymercedes.com.ar\/principal\/wp-content\/uploads\/2022\/05\/WhatsApp-Image-2022-05-29-at-4.51.32-PM-1.jpeg 574w, https:\/\/www.hoymercedes.com.ar\/principal\/wp-content\/uploads\/2022\/05\/WhatsApp-Image-2022-05-29-at-4.51.32-PM-1-150x147.jpeg 150w\" sizes=\"auto, (max-width: 574px) 100vw, 574px\" \/><\/figure>\n\n\n\n<figure class=\"wp-block-image size-large\"><img loading=\"lazy\" decoding=\"async\" width=\"800\" height=\"534\" data-attachment-id=\"148651\" data-permalink=\"https:\/\/www.hoymercedes.com.ar\/principal\/2022\/05\/29\/detienen-en-mercedes-a-sospechosos-que-huian-desde-suipacha\/whatsapp-image-2022-05-29-at-4-51-32-pm\/#main\" data-orig-file=\"https:\/\/www.hoymercedes.com.ar\/principal\/wp-content\/uploads\/2022\/05\/WhatsApp-Image-2022-05-29-at-4.51.32-PM.jpeg\" data-orig-size=\"800,534\" data-comments-opened=\"0\" data-image-meta=\"{&quot;aperture&quot;:&quot;0&quot;,&quot;credit&quot;:&quot;&quot;,&quot;camera&quot;:&quot;&quot;,&quot;caption&quot;:&quot;&quot;,&quot;created_timestamp&quot;:&quot;1653850300&quot;,&quot;copyright&quot;:&quot;&quot;,&quot;focal_length&quot;:&quot;0&quot;,&quot;iso&quot;:&quot;0&quot;,&quot;shutter_speed&quot;:&quot;0&quot;,&quot;title&quot;:&quot;&quot;,&quot;orientation&quot;:&quot;1&quot;}\" data-image-title=\"WhatsApp Image 2022-05-29 at 4.51.32 PM\" data-image-description=\"\" data-image-caption=\"\" data-large-file=\"https:\/\/www.hoymercedes.com.ar\/principal\/wp-content\/uploads\/2022\/05\/WhatsApp-Image-2022-05-29-at-4.51.32-PM.jpeg\" data-id=\"148651\" src=\"https:\/\/www.hoymercedes.com.ar\/principal\/wp-content\/uploads\/2022\/05\/WhatsApp-Image-2022-05-29-at-4.51.32-PM.jpeg\" alt=\"\" class=\"wp-image-148651\" srcset=\"https:\/\/www.hoymercedes.com.ar\/principal\/wp-content\/uploads\/2022\/05\/WhatsApp-Image-2022-05-29-at-4.51.32-PM.jpeg 800w, https:\/\/www.hoymercedes.com.ar\/principal\/wp-content\/uploads\/2022\/05\/WhatsApp-Image-2022-05-29-at-4.51.32-PM-630x421.jpeg 630w, https:\/\/www.hoymercedes.com.ar\/principal\/wp-content\/uploads\/2022\/05\/WhatsApp-Image-2022-05-29-at-4.51.32-PM-150x100.jpeg 150w\" sizes=\"auto, (max-width: 800px) 100vw, 800px\" \/><\/figure>\n<\/figure>\n\n\n\n<p>\u201cTrabajaron en el operativo la Polic\u00eda Comunal, efectivos de la Patrulla Rural y de la Delegaci\u00f3n Gowland\u201d cont\u00f3 Gonzalo Anselmo al ser consultado y manifest\u00f3 \u201cha sido una intervenci\u00f3n sumamente eficiente y eficaz\u201d dijo y remarc\u00f3 \u201cqueremos felicitarlos por el gran operativo y resultado obtenido. Era una banda que fue puesta ahora a disposici\u00f3n de la justicia, dando respuesta a la ciudadan\u00eda\u201d sostuvo.&nbsp;&nbsp;<\/p>\n\n\n\n<p>La banda ten\u00eda antecedentes de peligrosidad. El posterior rastrillaje de los efectivos permiti\u00f3 encontrar en elementos de prueba.\u00a0 Se supo tambi\u00e9n que el autom\u00f3vil ten\u00eda pedido de captura y era \u201cmellizo\u201d.\u00a0<\/p>\n\n\n\n<p>Investiga la Fiscal\u00eda de Turno del Departamento Judicial Mercedes. Por cuestiones que hacen a la investigaci\u00f3n no se pueden mostrar sus rostros p\u00fablicamente. <\/p>\n\n\n<div class=\"wp-block-image\">\n<figure class=\"aligncenter size-full\"><img loading=\"lazy\" decoding=\"async\" width=\"800\" height=\"533\" data-attachment-id=\"148653\" data-permalink=\"https:\/\/www.hoymercedes.com.ar\/principal\/2022\/05\/29\/detienen-en-mercedes-a-sospechosos-que-huian-desde-suipacha\/whatsapp-image-2022-05-29-at-4-51-32-pm-2\/#main\" data-orig-file=\"https:\/\/www.hoymercedes.com.ar\/principal\/wp-content\/uploads\/2022\/05\/WhatsApp-Image-2022-05-29-at-4.51.32-PM-2.jpeg\" data-orig-size=\"800,533\" data-comments-opened=\"0\" data-image-meta=\"{&quot;aperture&quot;:&quot;0&quot;,&quot;credit&quot;:&quot;&quot;,&quot;camera&quot;:&quot;&quot;,&quot;caption&quot;:&quot;&quot;,&quot;created_timestamp&quot;:&quot;1653850312&quot;,&quot;copyright&quot;:&quot;&quot;,&quot;focal_length&quot;:&quot;0&quot;,&quot;iso&quot;:&quot;0&quot;,&quot;shutter_speed&quot;:&quot;0&quot;,&quot;title&quot;:&quot;&quot;,&quot;orientation&quot;:&quot;1&quot;}\" data-image-title=\"WhatsApp Image 2022-05-29 at 4.51.32 PM (2)\" data-image-description=\"\" data-image-caption=\"\" data-large-file=\"https:\/\/www.hoymercedes.com.ar\/principal\/wp-content\/uploads\/2022\/05\/WhatsApp-Image-2022-05-29-at-4.51.32-PM-2.jpeg\" src=\"https:\/\/www.hoymercedes.com.ar\/principal\/wp-content\/uploads\/2022\/05\/WhatsApp-Image-2022-05-29-at-4.51.32-PM-2.jpeg\" alt=\"\" class=\"wp-image-148653\" srcset=\"https:\/\/www.hoymercedes.com.ar\/principal\/wp-content\/uploads\/2022\/05\/WhatsApp-Image-2022-05-29-at-4.51.32-PM-2.jpeg 800w, https:\/\/www.hoymercedes.com.ar\/principal\/wp-content\/uploads\/2022\/05\/WhatsApp-Image-2022-05-29-at-4.51.32-PM-2-630x420.jpeg 630w, https:\/\/www.hoymercedes.com.ar\/principal\/wp-content\/uploads\/2022\/05\/WhatsApp-Image-2022-05-29-at-4.51.32-PM-2-150x100.jpeg 150w, https:\/\/www.hoymercedes.com.ar\/principal\/wp-content\/uploads\/2022\/05\/WhatsApp-Image-2022-05-29-at-4.51.32-PM-2-700x465.jpeg 700w\" sizes=\"auto, (max-width: 800px) 100vw, 800px\" \/><\/figure>\n<\/div>","protected":false},"excerpt":{"rendered":"<p>La Polic\u00eda Comunal de Mercedes inform\u00f3 que detuvo a sospechososo que eran perseguidos desde Suipacha luego de \u00abuna persecusi\u00f3n e &#8230; <a title=\"Detienen en Mercedes a sospechosos que hu\u00edan desde Suipacha\" class=\"read-more\" href=\"https:\/\/www.hoymercedes.com.ar\/principal\/2022\/05\/29\/detienen-en-mercedes-a-sospechosos-que-huian-desde-suipacha\/\" aria-label=\"Leer m\u00e1s sobre Detienen en Mercedes a sospechosos que hu\u00edan desde Suipacha\">Leer m\u00e1s<\/a><\/p>\n","protected":false},"author":1,"featured_media":148653,"comment_status":"closed","ping_status":"open","sticky":false,"template":"","format":"standard","meta":{"_monsterinsights_skip_tracking":false,"_monsterinsights_sitenote_active":false,"_monsterinsights_sitenote_note":"","_monsterinsights_sitenote_category":0,"jetpack_post_was_ever_published":false,"_jetpack_newsletter_access":"","_jetpack_dont_email_post_to_subs":false,"_jetpack_newsletter_tier_id":0,"_jetpack_memberships_contains_paywalled_content":false,"_jetpack_memberships_contains_paid_content":false,"footnotes":"","jetpack_publicize_message":"","jetpack_publicize_feature_enabled":true,"jetpack_social_post_already_shared":true,"jetpack_social_options":{"image_generator_settings":{"template":"highway","default_image_id":0,"font":"","enabled":false},"version":2},"_wpas_customize_per_network":false},"categories":[85],"tags":[],"class_list":["post-148649","post","type-post","status-publish","format-standard","has-post-thumbnail","hentry","category-policial","generate-columns","tablet-grid-50","mobile-grid-100","grid-parent","grid-50"],"jetpack_publicize_connections":[],"jetpack_featured_media_url":"https:\/\/www.hoymercedes.com.ar\/principal\/wp-content\/uploads\/2022\/05\/WhatsApp-Image-2022-05-29-at-4.51.32-PM-2.jpeg","wps_subtitle":"","jetpack_sharing_enabled":true,"_links":{"self":[{"href":"https:\/\/www.hoymercedes.com.ar\/principal\/wp-json\/wp\/v2\/posts\/148649","targetHints":{"allow":["GET"]}}],"collection":[{"href":"https:\/\/www.hoymercedes.com.ar\/principal\/wp-json\/wp\/v2\/posts"}],"about":[{"href":"https:\/\/www.hoymercedes.com.ar\/principal\/wp-json\/wp\/v2\/types\/post"}],"author":[{"embeddable":true,"href":"https:\/\/www.hoymercedes.com.ar\/principal\/wp-json\/wp\/v2\/users\/1"}],"replies":[{"embeddable":true,"href":"https:\/\/www.hoymercedes.com.ar\/principal\/wp-json\/wp\/v2\/comments?post=148649"}],"version-history":[{"count":0,"href":"https:\/\/www.hoymercedes.com.ar\/principal\/wp-json\/wp\/v2\/posts\/148649\/revisions"}],"wp:featuredmedia":[{"embeddable":true,"href":"https:\/\/www.hoymercedes.com.ar\/principal\/wp-json\/wp\/v2\/media\/148653"}],"wp:attachment":[{"href":"https:\/\/www.hoymercedes.com.ar\/principal\/wp-json\/wp\/v2\/media?parent=148649"}],"wp:term":[{"taxonomy":"category","embeddable":true,"href":"https:\/\/www.hoymercedes.com.ar\/principal\/wp-json\/wp\/v2\/categories?post=148649"},{"taxonomy":"post_tag","embeddable":true,"href":"https:\/\/www.hoymercedes.com.ar\/principal\/wp-json\/wp\/v2\/tags?post=148649"}],"curies":[{"name":"wp","href":"https:\/\/api.w.org\/{rel}","templated":true}]}}