{"id":148674,"date":"2022-05-30T10:05:39","date_gmt":"2022-05-30T13:05:39","guid":{"rendered":"https:\/\/www.hoymercedes.com.ar\/principal\/?p=148674"},"modified":"2022-05-30T10:05:41","modified_gmt":"2022-05-30T13:05:41","slug":"inauguraron-paradas-seguras-en-distintos-puntos-de-la-ciudad","status":"publish","type":"post","link":"https:\/\/www.hoymercedes.com.ar\/principal\/2022\/05\/30\/inauguraron-paradas-seguras-en-distintos-puntos-de-la-ciudad\/","title":{"rendered":"Inauguraron \u00abparadas seguras\u00bb en distintos puntos de la ciudad"},"content":{"rendered":"\n<p>Los t\u00f3tems instaladores recientemente tienen c\u00e1maras de seguridad y est\u00e1n ubicados en las garitas de colectivo de la esquina de 40 y 17, en intersecci\u00f3n de avenidas 1 y 2, en Acceso Manuel Sanmart\u00edn y 132, en la 10 y 85, en la 29 y 8, en 29 y 38, en H\u00e9roes de Malvinas y 54, y en 12 y 35. Est\u00e1n conectadas con el Centro de Monitoreo. Asimismo, anunciaron que se construir\u00e1n nuevos refugios para los pasajeros del transporte p\u00fablico. <\/p>\n\n\n<div class=\"wp-block-image\">\n<figure class=\"aligncenter size-full\"><img loading=\"lazy\" decoding=\"async\" width=\"800\" height=\"533\" data-attachment-id=\"148687\" data-permalink=\"https:\/\/www.hoymercedes.com.ar\/principal\/2022\/05\/30\/inauguraron-paradas-seguras-en-distintos-puntos-de-la-ciudad\/whatsapp-image-2022-05-29-at-9-14-33-pm\/#main\" data-orig-file=\"https:\/\/www.hoymercedes.com.ar\/principal\/wp-content\/uploads\/2022\/05\/WhatsApp-Image-2022-05-29-at-9.14.33-PM.jpeg\" data-orig-size=\"800,533\" data-comments-opened=\"0\" data-image-meta=\"{&quot;aperture&quot;:&quot;0&quot;,&quot;credit&quot;:&quot;&quot;,&quot;camera&quot;:&quot;&quot;,&quot;caption&quot;:&quot;&quot;,&quot;created_timestamp&quot;:&quot;0&quot;,&quot;copyright&quot;:&quot;&quot;,&quot;focal_length&quot;:&quot;0&quot;,&quot;iso&quot;:&quot;0&quot;,&quot;shutter_speed&quot;:&quot;0&quot;,&quot;title&quot;:&quot;&quot;,&quot;orientation&quot;:&quot;0&quot;}\" data-image-title=\"WhatsApp Image 2022-05-29 at 9.14.33 PM\" data-image-description=\"\" data-image-caption=\"\" data-large-file=\"https:\/\/www.hoymercedes.com.ar\/principal\/wp-content\/uploads\/2022\/05\/WhatsApp-Image-2022-05-29-at-9.14.33-PM.jpeg\" src=\"https:\/\/www.hoymercedes.com.ar\/principal\/wp-content\/uploads\/2022\/05\/WhatsApp-Image-2022-05-29-at-9.14.33-PM.jpeg\" alt=\"\" class=\"wp-image-148687\" srcset=\"https:\/\/www.hoymercedes.com.ar\/principal\/wp-content\/uploads\/2022\/05\/WhatsApp-Image-2022-05-29-at-9.14.33-PM.jpeg 800w, https:\/\/www.hoymercedes.com.ar\/principal\/wp-content\/uploads\/2022\/05\/WhatsApp-Image-2022-05-29-at-9.14.33-PM-630x420.jpeg 630w, https:\/\/www.hoymercedes.com.ar\/principal\/wp-content\/uploads\/2022\/05\/WhatsApp-Image-2022-05-29-at-9.14.33-PM-150x100.jpeg 150w, https:\/\/www.hoymercedes.com.ar\/principal\/wp-content\/uploads\/2022\/05\/WhatsApp-Image-2022-05-29-at-9.14.33-PM-700x465.jpeg 700w\" sizes=\"auto, (max-width: 800px) 100vw, 800px\" \/><\/figure>\n<\/div>\n\n\n<p>Desde el Municipio de Mercedes informaron que colocaron ocho t\u00f3tems de seguridad en distintos puntos de la ciudad con el fin de \u00abbrindar mayor seguridad\u00bb a los vecinos. En las paradas de colectivos, los t\u00f3tems tienen c\u00e1maras y un intercomunicador que se contactar\u00e1 con el Centro de Monitoreo para que los vecinos puedan alertar un il\u00edcito &#8211; como robo, hurto o hechos de violencia &#8211; as\u00ed como un siniestro vial.  Asimismo, las autoridades explicaron que son \u00abantivand\u00e1licos\u00bb<\/p>\n\n\n\n<p>Desde la comunicaci\u00f3n enviada por la comuna, el Jefe Comunal Juan Ignacio Ustarroz agradeci\u00f3 a la Secretar\u00eda de Seguridad por  el trabajo que viene haciendo. \u00abEsta es una inversi\u00f3n muy importante para toda la ciudad, que se hace con un aporte del Estado Nacional que hemos gestionado, pensando en mejorar la seguridad en nuestra ciudad\u201d.\u00a0A lo que agreg\u00f3 que es una gesti\u00f3n del Municipio a trav\u00e9s de la Secretar\u00eda de Seguridad ante el Ministerio de Transporte de la Naci\u00f3n. <\/p>\n","protected":false},"excerpt":{"rendered":"<p>Los t\u00f3tems instaladores recientemente tienen c\u00e1maras de seguridad y est\u00e1n ubicados en las garitas de colectivo de la esquina de &#8230; <a title=\"Inauguraron \u00abparadas seguras\u00bb en distintos puntos de la ciudad\" class=\"read-more\" href=\"https:\/\/www.hoymercedes.com.ar\/principal\/2022\/05\/30\/inauguraron-paradas-seguras-en-distintos-puntos-de-la-ciudad\/\" aria-label=\"Leer m\u00e1s sobre Inauguraron \u00abparadas seguras\u00bb en distintos puntos de la ciudad\">Leer m\u00e1s<\/a><\/p>\n","protected":false},"author":1,"featured_media":148686,"comment_status":"closed","ping_status":"open","sticky":false,"template":"","format":"standard","meta":{"_monsterinsights_skip_tracking":false,"_monsterinsights_sitenote_active":false,"_monsterinsights_sitenote_note":"","_monsterinsights_sitenote_category":0,"jetpack_post_was_ever_published":false,"_jetpack_newsletter_access":"","_jetpack_dont_email_post_to_subs":false,"_jetpack_newsletter_tier_id":0,"_jetpack_memberships_contains_paywalled_content":false,"_jetpack_memberships_contains_paid_content":false,"footnotes":"","jetpack_publicize_message":"","jetpack_publicize_feature_enabled":true,"jetpack_social_post_already_shared":true,"jetpack_social_options":{"image_generator_settings":{"template":"highway","default_image_id":0,"font":"","enabled":false},"version":2},"_wpas_customize_per_network":false},"categories":[30],"tags":[244],"class_list":["post-148674","post","type-post","status-publish","format-standard","has-post-thumbnail","hentry","category-municipio","tag-municipio-2","generate-columns","tablet-grid-50","mobile-grid-100","grid-parent","grid-50"],"jetpack_publicize_connections":[],"jetpack_featured_media_url":"https:\/\/www.hoymercedes.com.ar\/principal\/wp-content\/uploads\/2022\/05\/DSC03530.jpg","wps_subtitle":"","jetpack_sharing_enabled":true,"_links":{"self":[{"href":"https:\/\/www.hoymercedes.com.ar\/principal\/wp-json\/wp\/v2\/posts\/148674","targetHints":{"allow":["GET"]}}],"collection":[{"href":"https:\/\/www.hoymercedes.com.ar\/principal\/wp-json\/wp\/v2\/posts"}],"about":[{"href":"https:\/\/www.hoymercedes.com.ar\/principal\/wp-json\/wp\/v2\/types\/post"}],"author":[{"embeddable":true,"href":"https:\/\/www.hoymercedes.com.ar\/principal\/wp-json\/wp\/v2\/users\/1"}],"replies":[{"embeddable":true,"href":"https:\/\/www.hoymercedes.com.ar\/principal\/wp-json\/wp\/v2\/comments?post=148674"}],"version-history":[{"count":0,"href":"https:\/\/www.hoymercedes.com.ar\/principal\/wp-json\/wp\/v2\/posts\/148674\/revisions"}],"wp:featuredmedia":[{"embeddable":true,"href":"https:\/\/www.hoymercedes.com.ar\/principal\/wp-json\/wp\/v2\/media\/148686"}],"wp:attachment":[{"href":"https:\/\/www.hoymercedes.com.ar\/principal\/wp-json\/wp\/v2\/media?parent=148674"}],"wp:term":[{"taxonomy":"category","embeddable":true,"href":"https:\/\/www.hoymercedes.com.ar\/principal\/wp-json\/wp\/v2\/categories?post=148674"},{"taxonomy":"post_tag","embeddable":true,"href":"https:\/\/www.hoymercedes.com.ar\/principal\/wp-json\/wp\/v2\/tags?post=148674"}],"curies":[{"name":"wp","href":"https:\/\/api.w.org\/{rel}","templated":true}]}}