{"id":148778,"date":"2022-05-31T12:50:00","date_gmt":"2022-05-31T15:50:00","guid":{"rendered":"https:\/\/www.hoymercedes.com.ar\/principal\/?p=148778"},"modified":"2022-05-31T12:42:45","modified_gmt":"2022-05-31T15:42:45","slug":"celebracion-con-una-feria-por-el-dia-del-ambiente","status":"publish","type":"post","link":"https:\/\/www.hoymercedes.com.ar\/principal\/2022\/05\/31\/celebracion-con-una-feria-por-el-dia-del-ambiente\/","title":{"rendered":"Celebraci\u00f3n con una feria por el D\u00eda del Ambiente"},"content":{"rendered":"\n<p>El pr\u00f3ximo 5 de junio se realizar\u00e1 una jornada con diversas actividades. \u201cEstaremos realizando una feria ambientas donde contaremos con m\u00faltiples propuestas\u201d cont\u00f3 Valeria D\u00b4Angelo, desde la Direcci\u00f3n de Ambiente comunal. \u00a0<\/p>\n\n\n<div class=\"wp-block-image\">\n<figure class=\"alignleft size-full is-resized\"><img loading=\"lazy\" decoding=\"async\" data-attachment-id=\"148779\" data-permalink=\"https:\/\/www.hoymercedes.com.ar\/principal\/2022\/05\/31\/celebracion-con-una-feria-por-el-dia-del-ambiente\/feria-ambiente\/#main\" data-orig-file=\"https:\/\/www.hoymercedes.com.ar\/principal\/wp-content\/uploads\/2022\/05\/feria-ambiente.jpg\" data-orig-size=\"526,526\" data-comments-opened=\"0\" data-image-meta=\"{&quot;aperture&quot;:&quot;0&quot;,&quot;credit&quot;:&quot;&quot;,&quot;camera&quot;:&quot;&quot;,&quot;caption&quot;:&quot;&quot;,&quot;created_timestamp&quot;:&quot;0&quot;,&quot;copyright&quot;:&quot;&quot;,&quot;focal_length&quot;:&quot;0&quot;,&quot;iso&quot;:&quot;0&quot;,&quot;shutter_speed&quot;:&quot;0&quot;,&quot;title&quot;:&quot;&quot;,&quot;orientation&quot;:&quot;0&quot;}\" data-image-title=\"feria ambiente\" data-image-description=\"\" data-image-caption=\"\" data-large-file=\"https:\/\/www.hoymercedes.com.ar\/principal\/wp-content\/uploads\/2022\/05\/feria-ambiente.jpg\" src=\"https:\/\/www.hoymercedes.com.ar\/principal\/wp-content\/uploads\/2022\/05\/feria-ambiente.jpg\" alt=\"\" class=\"wp-image-148779\" width=\"473\" height=\"473\" srcset=\"https:\/\/www.hoymercedes.com.ar\/principal\/wp-content\/uploads\/2022\/05\/feria-ambiente.jpg 526w, https:\/\/www.hoymercedes.com.ar\/principal\/wp-content\/uploads\/2022\/05\/feria-ambiente-150x150.jpg 150w\" sizes=\"auto, (max-width: 473px) 100vw, 473px\" \/><\/figure>\n<\/div>\n\n\n<p>\u201cSer\u00e1 el s\u00e1bado 4 con exposiciones de especialistas, el paseo del jacarand\u00e1, mercado sustentables, stand con proyectos que se vienen realizando en Mercedes, espacio dedicado a la ni\u00f1ez, promoveremos intervenciones en el Balta\u201d entre otras intervenciones, cont\u00f3. &nbsp;<\/p>\n\n\n\n<p>Tambi\u00e9n mencion\u00f3 que el \u201cobjetivo es generar una propuesta integral, de difusi\u00f3n, informaci\u00f3n, compartir conocimientos, dando la importancia que tiene el cuidado del ambiente y los espacios verdes para la biodiversidad y la recreaci\u00f3n tambi\u00e9n\u201d expres\u00f3 D\u00b4Angelo &nbsp;<\/p>\n\n\n\n<p>Por \u00faltimo, destac\u00f3 que \u201cla ciudad tiene muchas actividades en producci\u00f3n verde, se avanza mucho con el h\u00e1bitat, la vivienda, el reciclaje, son muchas las iniciativas, hay muchas iniciativas en este camino hacia una sociedad m\u00e1s sustentable\u201d, sostuvo quien es parte de los equipos de la Secretar\u00eda de Salud, a cargo del Dr. N\u00e9stor Pisapia. &nbsp;<\/p>\n\n\n\n<p>La Feria Ambiental contar\u00e1 con especialistas de Ong\u00b4s, proyectos j\u00f3venes por el ambiente, Estaci\u00f3n Juego frena en el Balta, Desarrolladores Ambientales, Mesa de Agroecolog\u00eda, Vivero Sustentable, ProEBa, 1000 D\u00edas, Stands, Arte y Cultura por el Ambiente, Diversidad, Producci\u00f3n Verde, Conversatorio y m\u00e1s. &nbsp;<\/p>\n\n\n\n<p>La cita es este 4 de junio de 10hs a 15hs en el Complejo Cultural La Trocha. \u00a0<\/p>\n\n\n\n<p>Fuente: Prensa Municipal<\/p>\n","protected":false},"excerpt":{"rendered":"<p>El pr\u00f3ximo 5 de junio se realizar\u00e1 una jornada con diversas actividades. \u201cEstaremos realizando una feria ambientas donde contaremos con &#8230; <a title=\"Celebraci\u00f3n con una feria por el D\u00eda del Ambiente\" class=\"read-more\" href=\"https:\/\/www.hoymercedes.com.ar\/principal\/2022\/05\/31\/celebracion-con-una-feria-por-el-dia-del-ambiente\/\" aria-label=\"Leer m\u00e1s sobre Celebraci\u00f3n con una feria por el D\u00eda del Ambiente\">Leer m\u00e1s<\/a><\/p>\n","protected":false},"author":1,"featured_media":148779,"comment_status":"closed","ping_status":"open","sticky":false,"template":"","format":"standard","meta":{"_monsterinsights_skip_tracking":false,"_monsterinsights_sitenote_active":false,"_monsterinsights_sitenote_note":"","_monsterinsights_sitenote_category":0,"jetpack_post_was_ever_published":false,"_jetpack_newsletter_access":"","_jetpack_dont_email_post_to_subs":false,"_jetpack_newsletter_tier_id":0,"_jetpack_memberships_contains_paywalled_content":false,"_jetpack_memberships_contains_paid_content":false,"footnotes":"","jetpack_publicize_message":"","jetpack_publicize_feature_enabled":true,"jetpack_social_post_already_shared":true,"jetpack_social_options":{"image_generator_settings":{"template":"highway","default_image_id":0,"font":"","enabled":false},"version":2},"_wpas_customize_per_network":false},"categories":[30],"tags":[244],"class_list":["post-148778","post","type-post","status-publish","format-standard","has-post-thumbnail","hentry","category-municipio","tag-municipio-2","generate-columns","tablet-grid-50","mobile-grid-100","grid-parent","grid-50"],"jetpack_publicize_connections":[],"jetpack_featured_media_url":"https:\/\/www.hoymercedes.com.ar\/principal\/wp-content\/uploads\/2022\/05\/feria-ambiente.jpg","wps_subtitle":"","jetpack_sharing_enabled":true,"_links":{"self":[{"href":"https:\/\/www.hoymercedes.com.ar\/principal\/wp-json\/wp\/v2\/posts\/148778","targetHints":{"allow":["GET"]}}],"collection":[{"href":"https:\/\/www.hoymercedes.com.ar\/principal\/wp-json\/wp\/v2\/posts"}],"about":[{"href":"https:\/\/www.hoymercedes.com.ar\/principal\/wp-json\/wp\/v2\/types\/post"}],"author":[{"embeddable":true,"href":"https:\/\/www.hoymercedes.com.ar\/principal\/wp-json\/wp\/v2\/users\/1"}],"replies":[{"embeddable":true,"href":"https:\/\/www.hoymercedes.com.ar\/principal\/wp-json\/wp\/v2\/comments?post=148778"}],"version-history":[{"count":0,"href":"https:\/\/www.hoymercedes.com.ar\/principal\/wp-json\/wp\/v2\/posts\/148778\/revisions"}],"wp:featuredmedia":[{"embeddable":true,"href":"https:\/\/www.hoymercedes.com.ar\/principal\/wp-json\/wp\/v2\/media\/148779"}],"wp:attachment":[{"href":"https:\/\/www.hoymercedes.com.ar\/principal\/wp-json\/wp\/v2\/media?parent=148778"}],"wp:term":[{"taxonomy":"category","embeddable":true,"href":"https:\/\/www.hoymercedes.com.ar\/principal\/wp-json\/wp\/v2\/categories?post=148778"},{"taxonomy":"post_tag","embeddable":true,"href":"https:\/\/www.hoymercedes.com.ar\/principal\/wp-json\/wp\/v2\/tags?post=148778"}],"curies":[{"name":"wp","href":"https:\/\/api.w.org\/{rel}","templated":true}]}}