{"id":148819,"date":"2022-06-01T13:45:00","date_gmt":"2022-06-01T16:45:00","guid":{"rendered":"https:\/\/www.hoymercedes.com.ar\/principal\/?p=148819"},"modified":"2022-06-01T14:47:51","modified_gmt":"2022-06-01T17:47:51","slug":"la-oficina-de-empleo-municipal-impulsa-pasantias-rentadas","status":"publish","type":"post","link":"https:\/\/www.hoymercedes.com.ar\/principal\/2022\/06\/01\/la-oficina-de-empleo-municipal-impulsa-pasantias-rentadas\/","title":{"rendered":"La Oficina de Empleo Municipal impulsa pasant\u00edas rentadas"},"content":{"rendered":"\n<p>A trav\u00e9s de la Direcci\u00f3n de Producci\u00f3n y su Oficina de Empleo, se est\u00e1 promueve el programa Pasantes Rentados, a trav\u00e9s del cual, empresas, industrias, comercios, consultorios, estudios jur\u00eddicos, etc, pueden ampliar su staff de trabajo, formando y capacitando a futuros empleados. El objetivo, es poder brindarles un primer empleo a aquellos j\u00f3venes que inician su camino laboral, donde gracias al impulso del Ministerio de Trabajo, est\u00e1s pasant\u00edas son rentadas.<\/p>\n\n\n\n<p>Griselda Villordo del \u00e1rea de empleo inform\u00f3 \u201csiempre invitamos a las empresas, para brindarles una oportunidad a los j\u00f3venes, que necesitan obtener su primer empleo, para que les den la posibilidad de pasant\u00edas. En este caso son rentadas ya que el Ministerio de Trabajo lo que hace es otorgarles a los pasantes una ayuda econ\u00f3mica para que se pueda capacitar,<\/p>\n\n\n\n<p>En este sentido, Villordo indic\u00f3 \u201cpor lo que la idea es que las empresas, los comercios, las industrias, consultorios m\u00e9dicos, estudios jur\u00eddicos o contables, etc, les pedimos que se acerquen a la Oficina de Empleo de la Municipalidad, que nos consulten por el programa Entrenamiento para el Trabajo\u201d y ahond\u00f3 \u201cles contamos los beneficios y ayudas del Ministerio de Trabajo para poder capacitar y contratar gente\u201d.<\/p>\n\n\n\n<p>\u201cEl tiempo que desarrollan las actividades depender\u00e1 del trabajo que vayan a realizar y aprender, la ayuda va de 3 a 6 meses\u201d y reiter\u00f3 \u201cse pueden acercar a la oficina y les brindamos toda la informaci\u00f3n necesaria, les sacamos todas las dudas antes de implementar el programa, para luego tener el seguimiento y acompa\u00f1amiento de la oficina para ambas partes, tanto para el empleador como para el futuro pasante\u201d.<\/p>\n\n\n\n<p>Para informaci\u00f3n, tanto aquellos j\u00f3venes a quienes les interesa esta propuesta como as\u00ed tambi\u00e9n los diferentes empleadores, pueden acercarse a la Oficina de Empleo Municipal (calle 29, 26 y 28) de 08:00 a 14:00 horas, escribir \u00a0<a rel=\"noreferrer noopener\" href=\"mailto:oetrabajomercedes@gmail.com\" target=\"_blank\">oetrabajomercedes@gmail.com<\/a>\u00a0 o llamar a los tel\u00e9fonos: 15585372 \u2013 15461109.<\/p>\n\n\n<div class=\"wp-block-image\">\n<figure class=\"aligncenter size-full\"><img loading=\"lazy\" decoding=\"async\" width=\"670\" height=\"670\" data-attachment-id=\"148821\" data-permalink=\"https:\/\/www.hoymercedes.com.ar\/principal\/2022\/06\/01\/la-oficina-de-empleo-municipal-impulsa-pasantias-rentadas\/empleo-mercedes\/#main\" data-orig-file=\"https:\/\/www.hoymercedes.com.ar\/principal\/wp-content\/uploads\/2022\/06\/empleo-mercedes.jpg\" data-orig-size=\"670,670\" data-comments-opened=\"0\" data-image-meta=\"{&quot;aperture&quot;:&quot;0&quot;,&quot;credit&quot;:&quot;&quot;,&quot;camera&quot;:&quot;&quot;,&quot;caption&quot;:&quot;&quot;,&quot;created_timestamp&quot;:&quot;0&quot;,&quot;copyright&quot;:&quot;&quot;,&quot;focal_length&quot;:&quot;0&quot;,&quot;iso&quot;:&quot;0&quot;,&quot;shutter_speed&quot;:&quot;0&quot;,&quot;title&quot;:&quot;&quot;,&quot;orientation&quot;:&quot;0&quot;}\" data-image-title=\"empleo mercedes\" data-image-description=\"\" data-image-caption=\"\" data-large-file=\"https:\/\/www.hoymercedes.com.ar\/principal\/wp-content\/uploads\/2022\/06\/empleo-mercedes.jpg\" src=\"https:\/\/www.hoymercedes.com.ar\/principal\/wp-content\/uploads\/2022\/06\/empleo-mercedes.jpg\" alt=\"\" class=\"wp-image-148821\" srcset=\"https:\/\/www.hoymercedes.com.ar\/principal\/wp-content\/uploads\/2022\/06\/empleo-mercedes.jpg 670w, https:\/\/www.hoymercedes.com.ar\/principal\/wp-content\/uploads\/2022\/06\/empleo-mercedes-620x620.jpg 620w, https:\/\/www.hoymercedes.com.ar\/principal\/wp-content\/uploads\/2022\/06\/empleo-mercedes-150x150.jpg 150w\" sizes=\"auto, (max-width: 670px) 100vw, 670px\" \/><\/figure>\n<\/div>","protected":false},"excerpt":{"rendered":"<p>A trav\u00e9s de la Direcci\u00f3n de Producci\u00f3n y su Oficina de Empleo, se est\u00e1 promueve el programa Pasantes Rentados, a &#8230; <a title=\"La Oficina de Empleo Municipal impulsa pasant\u00edas rentadas\" class=\"read-more\" href=\"https:\/\/www.hoymercedes.com.ar\/principal\/2022\/06\/01\/la-oficina-de-empleo-municipal-impulsa-pasantias-rentadas\/\" aria-label=\"Leer m\u00e1s sobre La Oficina de Empleo Municipal impulsa pasant\u00edas rentadas\">Leer m\u00e1s<\/a><\/p>\n","protected":false},"author":1,"featured_media":148821,"comment_status":"closed","ping_status":"open","sticky":false,"template":"","format":"standard","meta":{"_monsterinsights_skip_tracking":false,"_monsterinsights_sitenote_active":false,"_monsterinsights_sitenote_note":"","_monsterinsights_sitenote_category":0,"jetpack_post_was_ever_published":false,"_jetpack_newsletter_access":"","_jetpack_dont_email_post_to_subs":false,"_jetpack_newsletter_tier_id":0,"_jetpack_memberships_contains_paywalled_content":false,"_jetpack_memberships_contains_paid_content":false,"footnotes":"","jetpack_publicize_message":"","jetpack_publicize_feature_enabled":true,"jetpack_social_post_already_shared":true,"jetpack_social_options":{"image_generator_settings":{"template":"highway","default_image_id":0,"font":"","enabled":false},"version":2},"_wpas_customize_per_network":false},"categories":[30],"tags":[244],"class_list":["post-148819","post","type-post","status-publish","format-standard","has-post-thumbnail","hentry","category-municipio","tag-municipio-2","generate-columns","tablet-grid-50","mobile-grid-100","grid-parent","grid-50"],"jetpack_publicize_connections":[],"jetpack_featured_media_url":"https:\/\/www.hoymercedes.com.ar\/principal\/wp-content\/uploads\/2022\/06\/empleo-mercedes.jpg","wps_subtitle":"","jetpack_sharing_enabled":true,"_links":{"self":[{"href":"https:\/\/www.hoymercedes.com.ar\/principal\/wp-json\/wp\/v2\/posts\/148819","targetHints":{"allow":["GET"]}}],"collection":[{"href":"https:\/\/www.hoymercedes.com.ar\/principal\/wp-json\/wp\/v2\/posts"}],"about":[{"href":"https:\/\/www.hoymercedes.com.ar\/principal\/wp-json\/wp\/v2\/types\/post"}],"author":[{"embeddable":true,"href":"https:\/\/www.hoymercedes.com.ar\/principal\/wp-json\/wp\/v2\/users\/1"}],"replies":[{"embeddable":true,"href":"https:\/\/www.hoymercedes.com.ar\/principal\/wp-json\/wp\/v2\/comments?post=148819"}],"version-history":[{"count":0,"href":"https:\/\/www.hoymercedes.com.ar\/principal\/wp-json\/wp\/v2\/posts\/148819\/revisions"}],"wp:featuredmedia":[{"embeddable":true,"href":"https:\/\/www.hoymercedes.com.ar\/principal\/wp-json\/wp\/v2\/media\/148821"}],"wp:attachment":[{"href":"https:\/\/www.hoymercedes.com.ar\/principal\/wp-json\/wp\/v2\/media?parent=148819"}],"wp:term":[{"taxonomy":"category","embeddable":true,"href":"https:\/\/www.hoymercedes.com.ar\/principal\/wp-json\/wp\/v2\/categories?post=148819"},{"taxonomy":"post_tag","embeddable":true,"href":"https:\/\/www.hoymercedes.com.ar\/principal\/wp-json\/wp\/v2\/tags?post=148819"}],"curies":[{"name":"wp","href":"https:\/\/api.w.org\/{rel}","templated":true}]}}