{"id":148872,"date":"2022-06-02T13:38:00","date_gmt":"2022-06-02T16:38:00","guid":{"rendered":"https:\/\/www.hoymercedes.com.ar\/principal\/?p=148872"},"modified":"2022-06-02T17:56:04","modified_gmt":"2022-06-02T20:56:04","slug":"encuentro-de-formacion-e-intercambio-sobre-la-economia-popular","status":"publish","type":"post","link":"https:\/\/www.hoymercedes.com.ar\/principal\/2022\/06\/02\/encuentro-de-formacion-e-intercambio-sobre-la-economia-popular\/","title":{"rendered":"Encuentro de formaci\u00f3n e intercambio sobre la Econom\u00eda Popular"},"content":{"rendered":"\n<p>La Municipalidad de Mercedes inform\u00f3 que d\u00edas atr\u00e1s se llev\u00f3 adelante un encuentro de capacitaci\u00f3n y formaci\u00f3n sobre \u201ceconom\u00eda popular\u201d a cargo del licenciado Marcos Solis, un reconocido profesional con amplio desarrollo en la tem\u00e1tica, co-autor de la ley de microcr\u00e9dito vigente . La reuni\u00f3n se efectu\u00f3 en las aulas del Centro Universitario regional de Mercedes. <\/p>\n\n\n<div class=\"wp-block-image\">\n<figure class=\"aligncenter size-full\"><img loading=\"lazy\" decoding=\"async\" width=\"922\" height=\"615\" data-attachment-id=\"148875\" data-permalink=\"https:\/\/www.hoymercedes.com.ar\/principal\/2022\/06\/02\/encuentro-de-formacion-e-intercambio-sobre-la-economia-popular\/dsc02541\/#main\" data-orig-file=\"https:\/\/www.hoymercedes.com.ar\/principal\/wp-content\/uploads\/2022\/06\/DSC02541.jpg\" data-orig-size=\"922,615\" data-comments-opened=\"0\" data-image-meta=\"{&quot;aperture&quot;:&quot;0&quot;,&quot;credit&quot;:&quot;&quot;,&quot;camera&quot;:&quot;&quot;,&quot;caption&quot;:&quot;&quot;,&quot;created_timestamp&quot;:&quot;0&quot;,&quot;copyright&quot;:&quot;&quot;,&quot;focal_length&quot;:&quot;0&quot;,&quot;iso&quot;:&quot;0&quot;,&quot;shutter_speed&quot;:&quot;0&quot;,&quot;title&quot;:&quot;&quot;,&quot;orientation&quot;:&quot;0&quot;}\" data-image-title=\"DSC02541\" data-image-description=\"\" data-image-caption=\"\" data-large-file=\"https:\/\/www.hoymercedes.com.ar\/principal\/wp-content\/uploads\/2022\/06\/DSC02541.jpg\" src=\"https:\/\/www.hoymercedes.com.ar\/principal\/wp-content\/uploads\/2022\/06\/DSC02541.jpg\" alt=\"\" class=\"wp-image-148875\" srcset=\"https:\/\/www.hoymercedes.com.ar\/principal\/wp-content\/uploads\/2022\/06\/DSC02541.jpg 922w, https:\/\/www.hoymercedes.com.ar\/principal\/wp-content\/uploads\/2022\/06\/DSC02541-630x420.jpg 630w, https:\/\/www.hoymercedes.com.ar\/principal\/wp-content\/uploads\/2022\/06\/DSC02541-150x100.jpg 150w\" sizes=\"auto, (max-width: 922px) 100vw, 922px\" \/><\/figure>\n<\/div>\n\n\n<p>\u00abSe gener\u00f3 una clase-taller donde tambi\u00e9n participamos funcionarios de distintas \u00e1reas municipales que venimos trabajando en econom\u00eda popular, con un aporte fundamental de las y los trabajadores municipales, recorriendo distintos paradigmas para la econom\u00eda popular\u201d explic\u00f3 la Secretaria de Desarrollo de la Comunidad Jorgelina Silva. <\/p>\n\n\n\n<p>La funcionaria agreg\u00f3 que contaron con la presencia del intendente y otras autoridades de la comuna. \u00abDebemos pensar nuevas formas de producir y colaborar en la generaci\u00f3n de empleo y econom\u00edas populares\u201d destac\u00f3.  \u00a0<\/p>\n\n\n\n<p>El intendente Ustarroz, por su parte, resalt\u00f3 la importancia de estos encuentros. \u00abDe la generaci\u00f3n, transmisi\u00f3n y distribuci\u00f3n de saberes\u00bb y agradeci\u00f3 a los equipos de la Municipalidad, por el compromiso, la dedicaci\u00f3n. As\u00edmismo, destac\u00f3 la presencia de Marcos Solis \u00abque siempre est\u00e1 acompa\u00f1\u00e1ndonos en estas tareas tan valiosas, como lo es la formaci\u00f3n de cada uno de nosotros y nosotras\u201d.\u00a0\u00a0<\/p>\n\n\n\n<p>Fuente: Prensa Municipal<\/p>\n","protected":false},"excerpt":{"rendered":"<p>La Municipalidad de Mercedes inform\u00f3 que d\u00edas atr\u00e1s se llev\u00f3 adelante un encuentro de capacitaci\u00f3n y formaci\u00f3n sobre \u201ceconom\u00eda popular\u201d &#8230; <a title=\"Encuentro de formaci\u00f3n e intercambio sobre la Econom\u00eda Popular\" class=\"read-more\" href=\"https:\/\/www.hoymercedes.com.ar\/principal\/2022\/06\/02\/encuentro-de-formacion-e-intercambio-sobre-la-economia-popular\/\" aria-label=\"Leer m\u00e1s sobre Encuentro de formaci\u00f3n e intercambio sobre la Econom\u00eda Popular\">Leer m\u00e1s<\/a><\/p>\n","protected":false},"author":1,"featured_media":148875,"comment_status":"closed","ping_status":"open","sticky":false,"template":"","format":"standard","meta":{"_monsterinsights_skip_tracking":false,"_monsterinsights_sitenote_active":false,"_monsterinsights_sitenote_note":"","_monsterinsights_sitenote_category":0,"jetpack_post_was_ever_published":false,"_jetpack_newsletter_access":"","_jetpack_dont_email_post_to_subs":false,"_jetpack_newsletter_tier_id":0,"_jetpack_memberships_contains_paywalled_content":false,"_jetpack_memberships_contains_paid_content":false,"footnotes":"","jetpack_publicize_message":"","jetpack_publicize_feature_enabled":true,"jetpack_social_post_already_shared":true,"jetpack_social_options":{"image_generator_settings":{"template":"highway","default_image_id":0,"font":"","enabled":false},"version":2},"_wpas_customize_per_network":false},"categories":[30],"tags":[244],"class_list":["post-148872","post","type-post","status-publish","format-standard","has-post-thumbnail","hentry","category-municipio","tag-municipio-2","generate-columns","tablet-grid-50","mobile-grid-100","grid-parent","grid-50"],"jetpack_publicize_connections":[],"jetpack_featured_media_url":"https:\/\/www.hoymercedes.com.ar\/principal\/wp-content\/uploads\/2022\/06\/DSC02541.jpg","wps_subtitle":"","jetpack_sharing_enabled":true,"_links":{"self":[{"href":"https:\/\/www.hoymercedes.com.ar\/principal\/wp-json\/wp\/v2\/posts\/148872","targetHints":{"allow":["GET"]}}],"collection":[{"href":"https:\/\/www.hoymercedes.com.ar\/principal\/wp-json\/wp\/v2\/posts"}],"about":[{"href":"https:\/\/www.hoymercedes.com.ar\/principal\/wp-json\/wp\/v2\/types\/post"}],"author":[{"embeddable":true,"href":"https:\/\/www.hoymercedes.com.ar\/principal\/wp-json\/wp\/v2\/users\/1"}],"replies":[{"embeddable":true,"href":"https:\/\/www.hoymercedes.com.ar\/principal\/wp-json\/wp\/v2\/comments?post=148872"}],"version-history":[{"count":0,"href":"https:\/\/www.hoymercedes.com.ar\/principal\/wp-json\/wp\/v2\/posts\/148872\/revisions"}],"wp:featuredmedia":[{"embeddable":true,"href":"https:\/\/www.hoymercedes.com.ar\/principal\/wp-json\/wp\/v2\/media\/148875"}],"wp:attachment":[{"href":"https:\/\/www.hoymercedes.com.ar\/principal\/wp-json\/wp\/v2\/media?parent=148872"}],"wp:term":[{"taxonomy":"category","embeddable":true,"href":"https:\/\/www.hoymercedes.com.ar\/principal\/wp-json\/wp\/v2\/categories?post=148872"},{"taxonomy":"post_tag","embeddable":true,"href":"https:\/\/www.hoymercedes.com.ar\/principal\/wp-json\/wp\/v2\/tags?post=148872"}],"curies":[{"name":"wp","href":"https:\/\/api.w.org\/{rel}","templated":true}]}}