{"id":148886,"date":"2022-06-02T19:13:12","date_gmt":"2022-06-02T22:13:12","guid":{"rendered":"https:\/\/www.hoymercedes.com.ar\/principal\/?p=148886"},"modified":"2022-06-02T19:13:13","modified_gmt":"2022-06-02T22:13:13","slug":"alerta-del-centro-de-camaras-y-detencion-a-sujeto-con-inhibidor-de-autos","status":"publish","type":"post","link":"https:\/\/www.hoymercedes.com.ar\/principal\/2022\/06\/02\/alerta-del-centro-de-camaras-y-detencion-a-sujeto-con-inhibidor-de-autos\/","title":{"rendered":"Alerta del Centro de C\u00e1maras y detenci\u00f3n a sujeto con inhibidor de autos"},"content":{"rendered":"\n<figure class=\"wp-block-image size-large\"><img loading=\"lazy\" decoding=\"async\" width=\"1024\" height=\"819\" data-attachment-id=\"148893\" data-permalink=\"https:\/\/www.hoymercedes.com.ar\/principal\/2022\/06\/02\/alerta-del-centro-de-camaras-y-detencion-a-sujeto-con-inhibidor-de-autos\/seg2\/#main\" data-orig-file=\"https:\/\/www.hoymercedes.com.ar\/principal\/wp-content\/uploads\/2022\/06\/seg2.jpeg\" data-orig-size=\"1200,960\" data-comments-opened=\"0\" data-image-meta=\"{&quot;aperture&quot;:&quot;0&quot;,&quot;credit&quot;:&quot;&quot;,&quot;camera&quot;:&quot;&quot;,&quot;caption&quot;:&quot;&quot;,&quot;created_timestamp&quot;:&quot;0&quot;,&quot;copyright&quot;:&quot;&quot;,&quot;focal_length&quot;:&quot;0&quot;,&quot;iso&quot;:&quot;0&quot;,&quot;shutter_speed&quot;:&quot;0&quot;,&quot;title&quot;:&quot;&quot;,&quot;orientation&quot;:&quot;0&quot;}\" data-image-title=\"seg2\" data-image-description=\"\" data-image-caption=\"\" data-large-file=\"https:\/\/www.hoymercedes.com.ar\/principal\/wp-content\/uploads\/2022\/06\/seg2-1024x819.jpeg\" src=\"https:\/\/www.hoymercedes.com.ar\/principal\/wp-content\/uploads\/2022\/06\/seg2-1024x819.jpeg\" alt=\"\" class=\"wp-image-148893\" srcset=\"https:\/\/www.hoymercedes.com.ar\/principal\/wp-content\/uploads\/2022\/06\/seg2-1024x819.jpeg 1024w, https:\/\/www.hoymercedes.com.ar\/principal\/wp-content\/uploads\/2022\/06\/seg2-630x504.jpeg 630w, https:\/\/www.hoymercedes.com.ar\/principal\/wp-content\/uploads\/2022\/06\/seg2-150x120.jpeg 150w, https:\/\/www.hoymercedes.com.ar\/principal\/wp-content\/uploads\/2022\/06\/seg2.jpeg 1200w\" sizes=\"auto, (max-width: 1024px) 100vw, 1024px\" \/><\/figure>\n\n\n\n<p>El Centro de Monitoreo detecta en el ingreso a la ciudad un auto sospechoso. Las alertas de patentes permitieron al personal de la secretar\u00eda de seguridad dar aviso a la Polic\u00eda Comunal del ingreso a Mercedes de un veh\u00edculo sospechoso. A partir de los datos suministrados se inicia el amplio operativo de b\u00fasqueda y posterior detenci\u00f3n.<\/p>\n\n\n\n<p>El accionar de la polic\u00eda permiti\u00f3 no s\u00f3lo detener al sujeto, sino tambi\u00e9n esclarecer un hurto sucedido tiempo atr\u00e1s. El mencionado se movilizaba en un Ford EsoSport y era el \u00fanico ocupante del veh\u00edculo.<\/p>\n\n\n\n<p>Con un seguimiento a trav\u00e9s de las c\u00e1maras de seguridad fueron viendo el recorrido que efectuaba por la ciudad. El personal de prevenci\u00f3n de distintas cuadriculas de calle con dicha informaci\u00f3n fueron montando un operativo cerrojo que finalmente permiti\u00f3 detener en calle 20 y 31 al delincuente.<\/p>\n\n\n\n<p>Del hecho participaron varias cuadriculas de la Polic\u00eda Comunal y se dio lugar a la U.F.I n\u00ba4 del Departamento Judicial Mercedes.<br>Se incautaron inhibidores para desbloquear cerraduras de autom\u00f3viles, entre otros elementos. Se le imputa, adem\u00e1s, ser autor de un hurto en el pasado.<\/p>\n\n\n\n<figure class=\"wp-block-image size-large\"><img loading=\"lazy\" decoding=\"async\" width=\"1024\" height=\"811\" data-attachment-id=\"148894\" data-permalink=\"https:\/\/www.hoymercedes.com.ar\/principal\/2022\/06\/02\/alerta-del-centro-de-camaras-y-detencion-a-sujeto-con-inhibidor-de-autos\/seg\/#main\" data-orig-file=\"https:\/\/www.hoymercedes.com.ar\/principal\/wp-content\/uploads\/2022\/06\/seg.jpeg\" data-orig-size=\"1200,950\" data-comments-opened=\"0\" data-image-meta=\"{&quot;aperture&quot;:&quot;0&quot;,&quot;credit&quot;:&quot;&quot;,&quot;camera&quot;:&quot;&quot;,&quot;caption&quot;:&quot;&quot;,&quot;created_timestamp&quot;:&quot;0&quot;,&quot;copyright&quot;:&quot;&quot;,&quot;focal_length&quot;:&quot;0&quot;,&quot;iso&quot;:&quot;0&quot;,&quot;shutter_speed&quot;:&quot;0&quot;,&quot;title&quot;:&quot;&quot;,&quot;orientation&quot;:&quot;0&quot;}\" data-image-title=\"seg\" data-image-description=\"\" data-image-caption=\"\" data-large-file=\"https:\/\/www.hoymercedes.com.ar\/principal\/wp-content\/uploads\/2022\/06\/seg-1024x811.jpeg\" src=\"https:\/\/www.hoymercedes.com.ar\/principal\/wp-content\/uploads\/2022\/06\/seg-1024x811.jpeg\" alt=\"\" class=\"wp-image-148894\" srcset=\"https:\/\/www.hoymercedes.com.ar\/principal\/wp-content\/uploads\/2022\/06\/seg-1024x811.jpeg 1024w, https:\/\/www.hoymercedes.com.ar\/principal\/wp-content\/uploads\/2022\/06\/seg-630x499.jpeg 630w, https:\/\/www.hoymercedes.com.ar\/principal\/wp-content\/uploads\/2022\/06\/seg-150x119.jpeg 150w, https:\/\/www.hoymercedes.com.ar\/principal\/wp-content\/uploads\/2022\/06\/seg.jpeg 1200w\" sizes=\"auto, (max-width: 1024px) 100vw, 1024px\" \/><\/figure>\n\n\n\n<p>El secretario de seguridad, Gonzalo Anselmo, al ser consultado, manifest\u00f3 que \u201cnuevamente vemos el importante grado de eficiencia y eficacia del personal de la Polic\u00eda Comunal, como as\u00ed tambi\u00e9n del Centro de Monitoreo, que en un valioso trabajo en conjunto lograron resolver un caso, ser auxiliares de la justicia y poner tras las rejas a quien realizaba actos delictivos y proviniendo de Capital Federal quiso en Mercedes ejecutar un acto delictivo\u201d y remarc\u00f3 \u201ces muy importante esta tarea en conjunto y reitero mis felicitaciones a todo el personal involucrado por volver a llevar tranquilidad y respuestas a las y los vecinos de Mercedes\u201d.<\/p>\n","protected":false},"excerpt":{"rendered":"<p>El Centro de Monitoreo detecta en el ingreso a la ciudad un auto sospechoso. Las alertas de patentes permitieron al &#8230; <a title=\"Alerta del Centro de C\u00e1maras y detenci\u00f3n a sujeto con inhibidor de autos\" class=\"read-more\" href=\"https:\/\/www.hoymercedes.com.ar\/principal\/2022\/06\/02\/alerta-del-centro-de-camaras-y-detencion-a-sujeto-con-inhibidor-de-autos\/\" aria-label=\"Leer m\u00e1s sobre Alerta del Centro de C\u00e1maras y detenci\u00f3n a sujeto con inhibidor de autos\">Leer m\u00e1s<\/a><\/p>\n","protected":false},"author":1,"featured_media":148893,"comment_status":"closed","ping_status":"open","sticky":false,"template":"","format":"standard","meta":{"_monsterinsights_skip_tracking":false,"_monsterinsights_sitenote_active":false,"_monsterinsights_sitenote_note":"","_monsterinsights_sitenote_category":0,"jetpack_post_was_ever_published":false,"_jetpack_newsletter_access":"","_jetpack_dont_email_post_to_subs":false,"_jetpack_newsletter_tier_id":0,"_jetpack_memberships_contains_paywalled_content":false,"_jetpack_memberships_contains_paid_content":false,"footnotes":"","jetpack_publicize_message":"","jetpack_publicize_feature_enabled":true,"jetpack_social_post_already_shared":true,"jetpack_social_options":{"image_generator_settings":{"template":"highway","default_image_id":0,"font":"","enabled":false},"version":2},"_wpas_customize_per_network":false},"categories":[85],"tags":[18384,5766],"class_list":["post-148886","post","type-post","status-publish","format-standard","has-post-thumbnail","hentry","category-policial","tag-detencion-con-inhibidor","tag-policia-comunal","generate-columns","tablet-grid-50","mobile-grid-100","grid-parent","grid-50"],"jetpack_publicize_connections":[],"jetpack_featured_media_url":"https:\/\/www.hoymercedes.com.ar\/principal\/wp-content\/uploads\/2022\/06\/seg2.jpeg","wps_subtitle":"A disposici\u00f3n de la justicia","jetpack_sharing_enabled":true,"_links":{"self":[{"href":"https:\/\/www.hoymercedes.com.ar\/principal\/wp-json\/wp\/v2\/posts\/148886","targetHints":{"allow":["GET"]}}],"collection":[{"href":"https:\/\/www.hoymercedes.com.ar\/principal\/wp-json\/wp\/v2\/posts"}],"about":[{"href":"https:\/\/www.hoymercedes.com.ar\/principal\/wp-json\/wp\/v2\/types\/post"}],"author":[{"embeddable":true,"href":"https:\/\/www.hoymercedes.com.ar\/principal\/wp-json\/wp\/v2\/users\/1"}],"replies":[{"embeddable":true,"href":"https:\/\/www.hoymercedes.com.ar\/principal\/wp-json\/wp\/v2\/comments?post=148886"}],"version-history":[{"count":0,"href":"https:\/\/www.hoymercedes.com.ar\/principal\/wp-json\/wp\/v2\/posts\/148886\/revisions"}],"wp:featuredmedia":[{"embeddable":true,"href":"https:\/\/www.hoymercedes.com.ar\/principal\/wp-json\/wp\/v2\/media\/148893"}],"wp:attachment":[{"href":"https:\/\/www.hoymercedes.com.ar\/principal\/wp-json\/wp\/v2\/media?parent=148886"}],"wp:term":[{"taxonomy":"category","embeddable":true,"href":"https:\/\/www.hoymercedes.com.ar\/principal\/wp-json\/wp\/v2\/categories?post=148886"},{"taxonomy":"post_tag","embeddable":true,"href":"https:\/\/www.hoymercedes.com.ar\/principal\/wp-json\/wp\/v2\/tags?post=148886"}],"curies":[{"name":"wp","href":"https:\/\/api.w.org\/{rel}","templated":true}]}}