{"id":148908,"date":"2022-06-03T00:12:00","date_gmt":"2022-06-03T03:12:00","guid":{"rendered":"https:\/\/www.hoymercedes.com.ar\/principal\/?p=148908"},"modified":"2022-06-02T23:53:43","modified_gmt":"2022-06-03T02:53:43","slug":"seguridad-incorporan-seis-nuevos-patrulleros","status":"publish","type":"post","link":"https:\/\/www.hoymercedes.com.ar\/principal\/2022\/06\/03\/seguridad-incorporan-seis-nuevos-patrulleros\/","title":{"rendered":"Seguridad: incorporan seis nuevos patrulleros"},"content":{"rendered":"\n<p>Los seis nuevos patrulleros son aportados por la Provincia de Buenos Aires. Se complementan a los 27 polic\u00edas sumados hace unas semanas y los otros 14 tambi\u00e9n incorporados este a\u00f1o. El intendente Ustarroz hizo la entrega a los efectivos acompa\u00f1ado del subsecretario de seguridad provincial, Eduardo Aparicio. Fueron parte de la actividad el secretario de seguridad, Gonzalo Anselmo y los representantes de la Sociedad Rural, Leonardo Fabundez y Jos\u00e9 Lu\u00eds Casaretto, dado que dichos m\u00f3viles reforzar\u00e1n los caminos rurales. \u00a0<\/p>\n\n\n<div class=\"wp-block-image\">\n<figure class=\"aligncenter size-full\"><img loading=\"lazy\" decoding=\"async\" width=\"922\" height=\"615\" data-attachment-id=\"148910\" data-permalink=\"https:\/\/www.hoymercedes.com.ar\/principal\/2022\/06\/03\/seguridad-incorporan-seis-nuevos-patrulleros\/dsc04002\/#main\" data-orig-file=\"https:\/\/www.hoymercedes.com.ar\/principal\/wp-content\/uploads\/2022\/06\/DSC04002.jpg\" data-orig-size=\"922,615\" data-comments-opened=\"0\" data-image-meta=\"{&quot;aperture&quot;:&quot;0&quot;,&quot;credit&quot;:&quot;&quot;,&quot;camera&quot;:&quot;&quot;,&quot;caption&quot;:&quot;&quot;,&quot;created_timestamp&quot;:&quot;0&quot;,&quot;copyright&quot;:&quot;&quot;,&quot;focal_length&quot;:&quot;0&quot;,&quot;iso&quot;:&quot;0&quot;,&quot;shutter_speed&quot;:&quot;0&quot;,&quot;title&quot;:&quot;&quot;,&quot;orientation&quot;:&quot;0&quot;}\" data-image-title=\"DSC04002\" data-image-description=\"\" data-image-caption=\"\" data-large-file=\"https:\/\/www.hoymercedes.com.ar\/principal\/wp-content\/uploads\/2022\/06\/DSC04002.jpg\" src=\"https:\/\/www.hoymercedes.com.ar\/principal\/wp-content\/uploads\/2022\/06\/DSC04002.jpg\" alt=\"\" class=\"wp-image-148910\" srcset=\"https:\/\/www.hoymercedes.com.ar\/principal\/wp-content\/uploads\/2022\/06\/DSC04002.jpg 922w, https:\/\/www.hoymercedes.com.ar\/principal\/wp-content\/uploads\/2022\/06\/DSC04002-630x420.jpg 630w, https:\/\/www.hoymercedes.com.ar\/principal\/wp-content\/uploads\/2022\/06\/DSC04002-150x100.jpg 150w\" sizes=\"auto, (max-width: 922px) 100vw, 922px\" \/><\/figure>\n<\/div>\n\n\n<p>All\u00ed estuvo presente el intendente Juan Ignacio Ustarroz qui\u00e9n expres\u00f3 \u201ceste es un gran d\u00eda para todo el pueblo de Mercedes por lo que queremos agradecer al equipo del ministro Sergio Berni y al gobernador Axel Kicillof por haber cumplido con su palabra y transformarla en esta realidad concreta\u201d. &nbsp;<\/p>\n\n\n\n<p>\u201cHoy se entregan 6 patrulleros para la polic\u00eda rural y hace muy poco se incorporaron 27 efectivos para la zona rural, este es un Gobierno que invierte much\u00edsimo en seguridad, y nosotros como municipio sentimos permanentemente el acompa\u00f1amiento en todas las \u00e1reas, pero en particular en seguridad\u201d destac\u00f3 el intendente Ustarroz y agreg\u00f3 \u201ctodos sabemos que no existe la ciudad con delito cero, que la problem\u00e1tica de seguridad es muy compleja pero con el apoyo, por un lado, del Ministerio de Seguridad y por otro lado nuestra comunidad organizada, realizando un trabajo en conjunto, todos aportando nuestro granito de arena, buscando garantizar una ciudad con mejores niveles de seguridad\u201d. &nbsp;<\/p>\n\n\n\n<p>En este sentido, el intendente Ustarroz se\u00f1al\u00f3 \u201cmuy agradecido, muy contento con estas nuevas herramientas que se le brinda a la polic\u00eda rural, sabemos que es complejo el delito en la zona rural, por la extensi\u00f3n que tiene nuestra ciudad\u201d y remarc\u00f3 \u201ccreo que frente a la problem\u00e1tica de la seguridad no hay una receta, la forma es comprometerse y trabajar\u201d. &nbsp;<\/p>\n\n\n\n<p>El secretario de seguridad, Gonzalo Anselmo cont\u00f3 \u201cesto nos representa un orgullo y una satisfacci\u00f3n muy grande, hace poco tiempo atr\u00e1s recibimos una tanda de nombramientos de 27 efectivos policiales para integrar el cuerpo del comando de patrulla rural a lo que hoy sumamos importantes insumos, que tienen que ver con la log\u00edstica, son estos 6 nuevos patrulleros los cuales se suman a los 14 que recibimos oportunamente para la polic\u00eda comunal\u201d y destac\u00f3 \u201cesto para nuestra ciudad es hecho hist\u00f3rico por lo que quiero agradecer al Ministro Berni, al gobernador Axel Kicillof, quienes abordan problemas profundos, que tienen que ver con la seguridad\u201d. \u00a0<\/p>\n\n\n<div class=\"wp-block-image\">\n<figure class=\"aligncenter size-full\"><img loading=\"lazy\" decoding=\"async\" width=\"922\" height=\"615\" data-attachment-id=\"148909\" data-permalink=\"https:\/\/www.hoymercedes.com.ar\/principal\/2022\/06\/03\/seguridad-incorporan-seis-nuevos-patrulleros\/dsc04016-1\/#main\" data-orig-file=\"https:\/\/www.hoymercedes.com.ar\/principal\/wp-content\/uploads\/2022\/06\/DSC04016-1.jpg\" data-orig-size=\"922,615\" data-comments-opened=\"0\" data-image-meta=\"{&quot;aperture&quot;:&quot;0&quot;,&quot;credit&quot;:&quot;&quot;,&quot;camera&quot;:&quot;&quot;,&quot;caption&quot;:&quot;&quot;,&quot;created_timestamp&quot;:&quot;0&quot;,&quot;copyright&quot;:&quot;&quot;,&quot;focal_length&quot;:&quot;0&quot;,&quot;iso&quot;:&quot;0&quot;,&quot;shutter_speed&quot;:&quot;0&quot;,&quot;title&quot;:&quot;&quot;,&quot;orientation&quot;:&quot;0&quot;}\" data-image-title=\"DSC04016 (1)\" data-image-description=\"\" data-image-caption=\"\" data-large-file=\"https:\/\/www.hoymercedes.com.ar\/principal\/wp-content\/uploads\/2022\/06\/DSC04016-1.jpg\" src=\"https:\/\/www.hoymercedes.com.ar\/principal\/wp-content\/uploads\/2022\/06\/DSC04016-1.jpg\" alt=\"\" class=\"wp-image-148909\" srcset=\"https:\/\/www.hoymercedes.com.ar\/principal\/wp-content\/uploads\/2022\/06\/DSC04016-1.jpg 922w, https:\/\/www.hoymercedes.com.ar\/principal\/wp-content\/uploads\/2022\/06\/DSC04016-1-630x420.jpg 630w, https:\/\/www.hoymercedes.com.ar\/principal\/wp-content\/uploads\/2022\/06\/DSC04016-1-150x100.jpg 150w\" sizes=\"auto, (max-width: 922px) 100vw, 922px\" \/><\/figure>\n<\/div>\n\n\n<p><strong>Provincia &nbsp;<\/strong><\/p>\n\n\n\n<p>Eduardo Aparicio \u201cac\u00e1 estamos acompa\u00f1ando al intendente Ustarroz qui\u00e9n se preocupa y gestiona por la seguridad de los mercedinos\u201d y dijo \u201chace un tiempo el ministro Berni junto al gobernador Axel Kicillof hab\u00edan dado la palabra de equipar a la polic\u00eda rural y sobre todo formar la Escuela de Polic\u00eda Rural, y eso es un hecho\u201d. &nbsp;<\/p>\n\n\n\n<p>\u201cCon el intendente Ustarroz estamos trabajando codo a codo, \u00e9l est\u00e1 haciendo una fuerte inversi\u00f3n en temas de seguridad en c\u00e1maras, dispositivos y equipamiento, con un solo objetivo, brindar mayor y mejor seguridad\u201d ratific\u00f3 Eduardo Aparicio, subsecretario de seguridad de la Provincia de Buenos Aires. &nbsp;<\/p>\n\n\n\n<p>Previo a la entrega se concret\u00f3 una reuni\u00f3n de trabajo y planificaci\u00f3n en las dependencias del ex Mart\u00edn Rodr\u00edguez con los equipos de seguridad local y provincial, junto a V\u00edctor Palazzo, Lucas Pulitti, Guillermo Calvi\u00f1o, Ignacio Pacho, entre otros funcionarios y t\u00e9cnicos. \u00a0<\/p>\n\n\n\n<p>Por Prensa Municipal<\/p>\n","protected":false},"excerpt":{"rendered":"<p>Los seis nuevos patrulleros son aportados por la Provincia de Buenos Aires. Se complementan a los 27 polic\u00edas sumados hace &#8230; <a title=\"Seguridad: incorporan seis nuevos patrulleros\" class=\"read-more\" href=\"https:\/\/www.hoymercedes.com.ar\/principal\/2022\/06\/03\/seguridad-incorporan-seis-nuevos-patrulleros\/\" aria-label=\"Leer m\u00e1s sobre Seguridad: incorporan seis nuevos patrulleros\">Leer m\u00e1s<\/a><\/p>\n","protected":false},"author":1,"featured_media":148909,"comment_status":"closed","ping_status":"open","sticky":false,"template":"","format":"standard","meta":{"_monsterinsights_skip_tracking":false,"_monsterinsights_sitenote_active":false,"_monsterinsights_sitenote_note":"","_monsterinsights_sitenote_category":0,"jetpack_post_was_ever_published":false,"_jetpack_newsletter_access":"","_jetpack_dont_email_post_to_subs":false,"_jetpack_newsletter_tier_id":0,"_jetpack_memberships_contains_paywalled_content":false,"_jetpack_memberships_contains_paid_content":false,"footnotes":"","jetpack_publicize_message":"","jetpack_publicize_feature_enabled":true,"jetpack_social_post_already_shared":true,"jetpack_social_options":{"image_generator_settings":{"template":"highway","default_image_id":0,"font":"","enabled":false},"version":2},"_wpas_customize_per_network":false},"categories":[30],"tags":[244],"class_list":["post-148908","post","type-post","status-publish","format-standard","has-post-thumbnail","hentry","category-municipio","tag-municipio-2","generate-columns","tablet-grid-50","mobile-grid-100","grid-parent","grid-50"],"jetpack_publicize_connections":[],"jetpack_featured_media_url":"https:\/\/www.hoymercedes.com.ar\/principal\/wp-content\/uploads\/2022\/06\/DSC04016-1.jpg","wps_subtitle":"","jetpack_sharing_enabled":true,"_links":{"self":[{"href":"https:\/\/www.hoymercedes.com.ar\/principal\/wp-json\/wp\/v2\/posts\/148908","targetHints":{"allow":["GET"]}}],"collection":[{"href":"https:\/\/www.hoymercedes.com.ar\/principal\/wp-json\/wp\/v2\/posts"}],"about":[{"href":"https:\/\/www.hoymercedes.com.ar\/principal\/wp-json\/wp\/v2\/types\/post"}],"author":[{"embeddable":true,"href":"https:\/\/www.hoymercedes.com.ar\/principal\/wp-json\/wp\/v2\/users\/1"}],"replies":[{"embeddable":true,"href":"https:\/\/www.hoymercedes.com.ar\/principal\/wp-json\/wp\/v2\/comments?post=148908"}],"version-history":[{"count":0,"href":"https:\/\/www.hoymercedes.com.ar\/principal\/wp-json\/wp\/v2\/posts\/148908\/revisions"}],"wp:featuredmedia":[{"embeddable":true,"href":"https:\/\/www.hoymercedes.com.ar\/principal\/wp-json\/wp\/v2\/media\/148909"}],"wp:attachment":[{"href":"https:\/\/www.hoymercedes.com.ar\/principal\/wp-json\/wp\/v2\/media?parent=148908"}],"wp:term":[{"taxonomy":"category","embeddable":true,"href":"https:\/\/www.hoymercedes.com.ar\/principal\/wp-json\/wp\/v2\/categories?post=148908"},{"taxonomy":"post_tag","embeddable":true,"href":"https:\/\/www.hoymercedes.com.ar\/principal\/wp-json\/wp\/v2\/tags?post=148908"}],"curies":[{"name":"wp","href":"https:\/\/api.w.org\/{rel}","templated":true}]}}