{"id":148924,"date":"2022-06-03T11:00:00","date_gmt":"2022-06-03T14:00:00","guid":{"rendered":"https:\/\/www.hoymercedes.com.ar\/principal\/?p=148924"},"modified":"2022-06-03T09:33:08","modified_gmt":"2022-06-03T12:33:08","slug":"firman-convenio-para-utilizar-el-oficinas-locales-del-correo","status":"publish","type":"post","link":"https:\/\/www.hoymercedes.com.ar\/principal\/2022\/06\/03\/firman-convenio-para-utilizar-el-oficinas-locales-del-correo\/","title":{"rendered":"Firman convenio para utilizar el oficinas locales del Correo"},"content":{"rendered":"\n<p>D\u00edas atr\u00e1s se confirm\u00f3 que el Instendente Juan Ustarroz y el Vicepresidente de Adminitraci\u00f3n de Bienes del Estado (ABBE), Juan Debandi, firmaron el convenio para que el Munidipio de Mercedes pueda utilizar espacios del edificio donde funciona Correo Argentino. La Comuna las utilizar\u00e1 para oficinas de gesti\u00f3n y servicios. \u00a0<\/p>\n\n\n<div class=\"wp-block-image\">\n<figure class=\"aligncenter size-large\"><img loading=\"lazy\" decoding=\"async\" width=\"1024\" height=\"683\" data-attachment-id=\"148925\" data-permalink=\"https:\/\/www.hoymercedes.com.ar\/principal\/2022\/06\/03\/firman-convenio-para-utilizar-el-oficinas-locales-del-correo\/img_0706\/#main\" data-orig-file=\"https:\/\/www.hoymercedes.com.ar\/principal\/wp-content\/uploads\/2022\/06\/IMG_0706-scaled.jpg\" data-orig-size=\"2560,1707\" data-comments-opened=\"0\" data-image-meta=\"{&quot;aperture&quot;:&quot;4.5&quot;,&quot;credit&quot;:&quot;&quot;,&quot;camera&quot;:&quot;Canon EOS 6D Mark II&quot;,&quot;caption&quot;:&quot;&quot;,&quot;created_timestamp&quot;:&quot;1654080178&quot;,&quot;copyright&quot;:&quot;&quot;,&quot;focal_length&quot;:&quot;45&quot;,&quot;iso&quot;:&quot;2000&quot;,&quot;shutter_speed&quot;:&quot;0.0125&quot;,&quot;title&quot;:&quot;&quot;,&quot;orientation&quot;:&quot;0&quot;}\" data-image-title=\"IMG_0706\" data-image-description=\"\" data-image-caption=\"\" data-large-file=\"https:\/\/www.hoymercedes.com.ar\/principal\/wp-content\/uploads\/2022\/06\/IMG_0706-1024x683.jpg\" src=\"https:\/\/www.hoymercedes.com.ar\/principal\/wp-content\/uploads\/2022\/06\/IMG_0706-1024x683.jpg\" alt=\"\" class=\"wp-image-148925\" srcset=\"https:\/\/www.hoymercedes.com.ar\/principal\/wp-content\/uploads\/2022\/06\/IMG_0706-1024x683.jpg 1024w, https:\/\/www.hoymercedes.com.ar\/principal\/wp-content\/uploads\/2022\/06\/IMG_0706-630x420.jpg 630w, https:\/\/www.hoymercedes.com.ar\/principal\/wp-content\/uploads\/2022\/06\/IMG_0706-150x100.jpg 150w, https:\/\/www.hoymercedes.com.ar\/principal\/wp-content\/uploads\/2022\/06\/IMG_0706-1536x1024.jpg 1536w, https:\/\/www.hoymercedes.com.ar\/principal\/wp-content\/uploads\/2022\/06\/IMG_0706-2048x1365.jpg 2048w\" sizes=\"auto, (max-width: 1024px) 100vw, 1024px\" \/><\/figure>\n<\/div>\n\n\n<p>Se trata del primer piso del inmueble ubicado en la Calle 29 y 28, donde funciona la sucursal local del Correo Oficial de la Rep\u00fablica Argentina S.A., que cuenta con una superficie total aproximada de 1159 m2. Se destinar\u00e1 a alojar oficinas municipales para continuar sosteniendo servicios y ampliando prestaciones.\u00a0\u00a0\u00a0\u00a0<\/p>\n\n\n\n<p>La firma se concret\u00f3 en Capital Federal, en la sede del organismo encargado de la Agencia de Administraci\u00f3n de Bienes del Estado. Del acto participaron el vicepresidente de la AABE, Juan Debandi; el intendente de Mercedes, Juan Ignacio Ustarroz, y la presidenta del Correo Argentino, Vanesa Piesciorovski. &nbsp;<\/p>\n\n\n\n<p>El intendente Ustarroz agradeci\u00f3 \u201clas gestiones realizadas por el personal municipal para lograr este gran paso, como as\u00ed tambi\u00e9n a Miguel Cosentino Moreto, presidente de ABBE, a Juan Debandi, vice, a y Vanesa Piesciorovski, vicepresidenta del Correo por el acompa\u00f1amiento a nuestro pueblo\u201d y destac\u00f3 que \u201cser\u00e1 muy valioso para continuar ampliando servicios, atenciones, prestaciones y potencias la destacada eficiencia y eficacia de las \u00e1reas municipales\u201d, entre otros conceptos. \u00a0<\/p>\n\n\n\n<p>Fuente: Prensa Municipal<\/p>\n","protected":false},"excerpt":{"rendered":"<p>D\u00edas atr\u00e1s se confirm\u00f3 que el Instendente Juan Ustarroz y el Vicepresidente de Adminitraci\u00f3n de Bienes del Estado (ABBE), Juan &#8230; <a title=\"Firman convenio para utilizar el oficinas locales del Correo\" class=\"read-more\" href=\"https:\/\/www.hoymercedes.com.ar\/principal\/2022\/06\/03\/firman-convenio-para-utilizar-el-oficinas-locales-del-correo\/\" aria-label=\"Leer m\u00e1s sobre Firman convenio para utilizar el oficinas locales del Correo\">Leer m\u00e1s<\/a><\/p>\n","protected":false},"author":1,"featured_media":148925,"comment_status":"closed","ping_status":"open","sticky":false,"template":"","format":"standard","meta":{"_monsterinsights_skip_tracking":false,"_monsterinsights_sitenote_active":false,"_monsterinsights_sitenote_note":"","_monsterinsights_sitenote_category":0,"jetpack_post_was_ever_published":false,"_jetpack_newsletter_access":"","_jetpack_dont_email_post_to_subs":false,"_jetpack_newsletter_tier_id":0,"_jetpack_memberships_contains_paywalled_content":false,"_jetpack_memberships_contains_paid_content":false,"footnotes":"","jetpack_publicize_message":"","jetpack_publicize_feature_enabled":true,"jetpack_social_post_already_shared":true,"jetpack_social_options":{"image_generator_settings":{"template":"highway","default_image_id":0,"font":"","enabled":false},"version":2},"_wpas_customize_per_network":false},"categories":[30],"tags":[244],"class_list":["post-148924","post","type-post","status-publish","format-standard","has-post-thumbnail","hentry","category-municipio","tag-municipio-2","generate-columns","tablet-grid-50","mobile-grid-100","grid-parent","grid-50"],"jetpack_publicize_connections":[],"jetpack_featured_media_url":"https:\/\/www.hoymercedes.com.ar\/principal\/wp-content\/uploads\/2022\/06\/IMG_0706-scaled.jpg","wps_subtitle":"","jetpack_sharing_enabled":true,"_links":{"self":[{"href":"https:\/\/www.hoymercedes.com.ar\/principal\/wp-json\/wp\/v2\/posts\/148924","targetHints":{"allow":["GET"]}}],"collection":[{"href":"https:\/\/www.hoymercedes.com.ar\/principal\/wp-json\/wp\/v2\/posts"}],"about":[{"href":"https:\/\/www.hoymercedes.com.ar\/principal\/wp-json\/wp\/v2\/types\/post"}],"author":[{"embeddable":true,"href":"https:\/\/www.hoymercedes.com.ar\/principal\/wp-json\/wp\/v2\/users\/1"}],"replies":[{"embeddable":true,"href":"https:\/\/www.hoymercedes.com.ar\/principal\/wp-json\/wp\/v2\/comments?post=148924"}],"version-history":[{"count":0,"href":"https:\/\/www.hoymercedes.com.ar\/principal\/wp-json\/wp\/v2\/posts\/148924\/revisions"}],"wp:featuredmedia":[{"embeddable":true,"href":"https:\/\/www.hoymercedes.com.ar\/principal\/wp-json\/wp\/v2\/media\/148925"}],"wp:attachment":[{"href":"https:\/\/www.hoymercedes.com.ar\/principal\/wp-json\/wp\/v2\/media?parent=148924"}],"wp:term":[{"taxonomy":"category","embeddable":true,"href":"https:\/\/www.hoymercedes.com.ar\/principal\/wp-json\/wp\/v2\/categories?post=148924"},{"taxonomy":"post_tag","embeddable":true,"href":"https:\/\/www.hoymercedes.com.ar\/principal\/wp-json\/wp\/v2\/tags?post=148924"}],"curies":[{"name":"wp","href":"https:\/\/api.w.org\/{rel}","templated":true}]}}