{"id":148943,"date":"2022-06-03T16:20:00","date_gmt":"2022-06-03T19:20:00","guid":{"rendered":"https:\/\/www.hoymercedes.com.ar\/principal\/?p=148943"},"modified":"2022-06-03T15:55:11","modified_gmt":"2022-06-03T18:55:11","slug":"provincia-anuncio-recompensa-en-la-busqueda-de-un-profugo","status":"publish","type":"post","link":"https:\/\/www.hoymercedes.com.ar\/principal\/2022\/06\/03\/provincia-anuncio-recompensa-en-la-busqueda-de-un-profugo\/","title":{"rendered":"Provincia anunci\u00f3 recompensa en la b\u00fasqueda de un pr\u00f3fugo"},"content":{"rendered":"\n<p>El Ministerio de Seguridad de la Provincia de Buenos Aires ofrece p\u00fablica recompensa entre las sumas de dos millones quinientos mil pesos ($ 2.500.000) y cinco millones de pesoso ($ 5.000.000),\u00a0a todo aquel que aporte informaci\u00f3n fehaciente que permita la localizaci\u00f3n y detenci\u00f3n de Carlos Adri\u00e1n Camargo, imputado por el delito de abuso sexual gravemente ultrajante\u00a0agravado y reiterado, en la localidad de Bosques, Florencio Varela.<\/p>\n\n\n\n<p>La orden de captura ha sido dictada por ser imputado por el delito de abuso sexual gravemente ultrajante agravado y reiterado. En efecto, durante los a\u00f1os 2013 y 2015,\u00a0en reiteradas oportunidades, el imputado abus\u00f3 sexualmente de una ni\u00f1a y un ni\u00f1o en la localidad de Bosques, partido de Florencio Varela, provincia de Buenos Aires.\u00a0<\/p>\n\n\n\n<p>Interviene la\u00a0Unidad Funcional de Instrucci\u00f3n y Juicio N\u00b0 8 descentralizada de Florencio Varela del Departamento Judicial Quilmes (IPP N\u00b0 13-02-011413-17 e IPP N\u00b0 13-02-003277-18).<\/p>\n\n\n\n<p>La persona que tenga informaci\u00f3n pueden comunicarse al tel\u00e9fono 0221-4293091 o comunicate con la Fiscal\u00eda que interviene en la causa. Mencionar la recompensa, reserva de identidad y confidencialidad. <\/p>\n\n\n<div class=\"wp-block-image\">\n<figure class=\"aligncenter size-large is-resized\"><img decoding=\"async\" data-attachment-id=\"148944\" data-permalink=\"https:\/\/www.hoymercedes.com.ar\/principal\/2022\/06\/03\/provincia-anuncio-recompensa-en-la-busqueda-de-un-profugo\/mail-5-2\/#main\" data-orig-file=\"https:\/\/www.hoymercedes.com.ar\/principal\/wp-content\/uploads\/2022\/06\/mail-5-e1654282502800.png\" data-orig-size=\"800,450\" data-comments-opened=\"0\" data-image-meta=\"{&quot;aperture&quot;:&quot;0&quot;,&quot;credit&quot;:&quot;&quot;,&quot;camera&quot;:&quot;&quot;,&quot;caption&quot;:&quot;&quot;,&quot;created_timestamp&quot;:&quot;0&quot;,&quot;copyright&quot;:&quot;&quot;,&quot;focal_length&quot;:&quot;0&quot;,&quot;iso&quot;:&quot;0&quot;,&quot;shutter_speed&quot;:&quot;0&quot;,&quot;title&quot;:&quot;&quot;,&quot;orientation&quot;:&quot;0&quot;}\" data-image-title=\"mail (5)\" data-image-description=\"\" data-image-caption=\"\" data-large-file=\"https:\/\/www.hoymercedes.com.ar\/principal\/wp-content\/uploads\/2022\/06\/mail-5-1024x576.png\" src=\"https:\/\/www.hoymercedes.com.ar\/principal\/wp-content\/uploads\/2022\/06\/mail-5-1024x576.png\" alt=\"\" class=\"wp-image-148944\" width=\"-42\" height=\"-23\"\/><\/figure>\n<\/div>\n\n\n<p>.<\/p>\n","protected":false},"excerpt":{"rendered":"<p>El Ministerio de Seguridad de la Provincia de Buenos Aires ofrece p\u00fablica recompensa entre las sumas de dos millones quinientos &#8230; <a title=\"Provincia anunci\u00f3 recompensa en la b\u00fasqueda de un pr\u00f3fugo\" class=\"read-more\" href=\"https:\/\/www.hoymercedes.com.ar\/principal\/2022\/06\/03\/provincia-anuncio-recompensa-en-la-busqueda-de-un-profugo\/\" aria-label=\"Leer m\u00e1s sobre Provincia anunci\u00f3 recompensa en la b\u00fasqueda de un pr\u00f3fugo\">Leer m\u00e1s<\/a><\/p>\n","protected":false},"author":1,"featured_media":148944,"comment_status":"closed","ping_status":"open","sticky":false,"template":"","format":"standard","meta":{"_monsterinsights_skip_tracking":false,"_monsterinsights_sitenote_active":false,"_monsterinsights_sitenote_note":"","_monsterinsights_sitenote_category":0,"jetpack_post_was_ever_published":false,"_jetpack_newsletter_access":"","_jetpack_dont_email_post_to_subs":false,"_jetpack_newsletter_tier_id":0,"_jetpack_memberships_contains_paywalled_content":false,"_jetpack_memberships_contains_paid_content":false,"footnotes":"","jetpack_publicize_message":"","jetpack_publicize_feature_enabled":true,"jetpack_social_post_already_shared":true,"jetpack_social_options":{"image_generator_settings":{"template":"highway","default_image_id":0,"font":"","enabled":false},"version":2},"_wpas_customize_per_network":false},"categories":[85,8881],"tags":[],"class_list":["post-148943","post","type-post","status-publish","format-standard","has-post-thumbnail","hentry","category-policial","category-provincia","generate-columns","tablet-grid-50","mobile-grid-100","grid-parent","grid-50"],"jetpack_publicize_connections":[],"jetpack_featured_media_url":"https:\/\/www.hoymercedes.com.ar\/principal\/wp-content\/uploads\/2022\/06\/mail-5-e1654282502800.png","wps_subtitle":"","jetpack_sharing_enabled":true,"_links":{"self":[{"href":"https:\/\/www.hoymercedes.com.ar\/principal\/wp-json\/wp\/v2\/posts\/148943","targetHints":{"allow":["GET"]}}],"collection":[{"href":"https:\/\/www.hoymercedes.com.ar\/principal\/wp-json\/wp\/v2\/posts"}],"about":[{"href":"https:\/\/www.hoymercedes.com.ar\/principal\/wp-json\/wp\/v2\/types\/post"}],"author":[{"embeddable":true,"href":"https:\/\/www.hoymercedes.com.ar\/principal\/wp-json\/wp\/v2\/users\/1"}],"replies":[{"embeddable":true,"href":"https:\/\/www.hoymercedes.com.ar\/principal\/wp-json\/wp\/v2\/comments?post=148943"}],"version-history":[{"count":0,"href":"https:\/\/www.hoymercedes.com.ar\/principal\/wp-json\/wp\/v2\/posts\/148943\/revisions"}],"wp:featuredmedia":[{"embeddable":true,"href":"https:\/\/www.hoymercedes.com.ar\/principal\/wp-json\/wp\/v2\/media\/148944"}],"wp:attachment":[{"href":"https:\/\/www.hoymercedes.com.ar\/principal\/wp-json\/wp\/v2\/media?parent=148943"}],"wp:term":[{"taxonomy":"category","embeddable":true,"href":"https:\/\/www.hoymercedes.com.ar\/principal\/wp-json\/wp\/v2\/categories?post=148943"},{"taxonomy":"post_tag","embeddable":true,"href":"https:\/\/www.hoymercedes.com.ar\/principal\/wp-json\/wp\/v2\/tags?post=148943"}],"curies":[{"name":"wp","href":"https:\/\/api.w.org\/{rel}","templated":true}]}}