{"id":148946,"date":"2022-06-03T19:55:00","date_gmt":"2022-06-03T22:55:00","guid":{"rendered":"https:\/\/www.hoymercedes.com.ar\/principal\/?p=148946"},"modified":"2022-06-04T10:15:46","modified_gmt":"2022-06-04T13:15:46","slug":"claudio-mateo-dirigira-la-comedia-municipal-2022","status":"publish","type":"post","link":"https:\/\/www.hoymercedes.com.ar\/principal\/2022\/06\/03\/claudio-mateo-dirigira-la-comedia-municipal-2022\/","title":{"rendered":"Claudio Mateo dirigir\u00e1 la Comedia Municipal 2022"},"content":{"rendered":"\n<p>D\u00edas atr\u00e1s se anunci\u00f3 el director teatral que dirigir\u00e1 la Comedia Municipal \u00abRa\u00fal Bustos Berrondo\u00bb este a\u00f1o. Se trata de Claudio Mateo, un acto y director con m\u00e1s de 30 a\u00f1os de experiencia que present\u00f3 como proyecto la puesta en escena de la obra \u00abEl Coraz\u00f3n del Incauto\u00bb con la dramaturgia de Sandra Franzen y Patricia Su\u00e1rez. En los pr\u00f3ximos d\u00edas anunciar\u00e1n la convocatoria para realizar las audiciones con el fin de estrenar en el mes de octubre.  <\/p>\n\n\n<div class=\"wp-block-image\">\n<figure class=\"aligncenter size-full\"><img loading=\"lazy\" decoding=\"async\" width=\"800\" height=\"533\" data-attachment-id=\"148940\" data-permalink=\"https:\/\/www.hoymercedes.com.ar\/principal\/2022\/06\/03\/jorge-blanco-presenta-desnudo-en-el-hcd\/comedia-municipal\/#main\" data-orig-file=\"https:\/\/www.hoymercedes.com.ar\/principal\/wp-content\/uploads\/2022\/06\/comedia-municipal.jpg\" data-orig-size=\"800,533\" data-comments-opened=\"0\" data-image-meta=\"{&quot;aperture&quot;:&quot;0&quot;,&quot;credit&quot;:&quot;&quot;,&quot;camera&quot;:&quot;&quot;,&quot;caption&quot;:&quot;&quot;,&quot;created_timestamp&quot;:&quot;1654082495&quot;,&quot;copyright&quot;:&quot;&quot;,&quot;focal_length&quot;:&quot;0&quot;,&quot;iso&quot;:&quot;0&quot;,&quot;shutter_speed&quot;:&quot;0&quot;,&quot;title&quot;:&quot;&quot;,&quot;orientation&quot;:&quot;1&quot;}\" data-image-title=\"comedia municipal\" data-image-description=\"\" data-image-caption=\"\" data-large-file=\"https:\/\/www.hoymercedes.com.ar\/principal\/wp-content\/uploads\/2022\/06\/comedia-municipal.jpg\" src=\"https:\/\/www.hoymercedes.com.ar\/principal\/wp-content\/uploads\/2022\/06\/comedia-municipal.jpg\" alt=\"\" class=\"wp-image-148940\" srcset=\"https:\/\/www.hoymercedes.com.ar\/principal\/wp-content\/uploads\/2022\/06\/comedia-municipal.jpg 800w, https:\/\/www.hoymercedes.com.ar\/principal\/wp-content\/uploads\/2022\/06\/comedia-municipal-630x420.jpg 630w, https:\/\/www.hoymercedes.com.ar\/principal\/wp-content\/uploads\/2022\/06\/comedia-municipal-150x100.jpg 150w, https:\/\/www.hoymercedes.com.ar\/principal\/wp-content\/uploads\/2022\/06\/comedia-municipal-700x465.jpg 700w\" sizes=\"auto, (max-width: 800px) 100vw, 800px\" \/><\/figure>\n<\/div>\n\n\n<p>A trav\u00e9s de una conferencia de prensa, el responsable del Teatro Argentino Julio C. Gioscio, Francisco Dinova, junto a la directora teatral Gabriela Lorusso (representando al jurado) y al ganador de la convocatoria Claudio Mateo, dieron detalles del proceso de selecci\u00f3n de la obra ganadora para la Comedia Municipal \u201cRa\u00fal Bustos Berrondo\u201d 2022, as\u00ed como un adelanto de lo que ser\u00e1 la puesta en escena y los pasos a seguir. De los cuatro proyectos, la obra ganadora es la que propuso el actor y director Claudio Mateo. La pieza teatral se llama \u201cEl coraz\u00f3n del incauto\u201d, obra escrita por las dramaturgas argentinas Sandra Franzen y Patricia Su\u00e1rez.\u00a0\u00a0\u00a0\u00a0<\/p>\n\n\n\n<p>Tras la presentaci\u00f3n oficial de Dinova y un resumen de los puntos tenidos en cuenta por los tres integrantes del jurado de Lorusso. Claudio Mateo cont\u00f3 que la obra plantea el tema de g\u00e9nero en el \u00e1mbito rural, con la particularidad de estar ambientada en 1920. \u201cEsta obra la vi hace unos a\u00f1os y me encant\u00f3, y pensaba &#8216;ojal\u00e1 alg\u00fan d\u00eda la pueda hacerla&#8217; y se me dio. Mi idea es hacer una puesta en escena donde lo fundamental sea el texto y los vestuarios y que los actores desarrollen sus personajes y sostengan este texto que es maravilloso. La obra transcurre en la d\u00e9cada del \u201820 del Siglo pasado, en el campo argentino. Es un tri\u00e1ngulo amoroso. Uno de los personajes entra en conflicto con su identidad de g\u00e9nero\u201d, adelant\u00f3. \u00a0<\/p>\n\n\n\n<p>Precisamente, uno de los puntos que colabor\u00f3 a que la obra fuese seleccionada fue el visto bueno de las autoras al ser contactadas. Los tr\u00e1mites de autorizaci\u00f3n ante argentores est\u00e1n en proceso, por lo tanto, est\u00e1n programando la agenda para anunciar la fecha de las audiciones. Son tres personajes. Dos masculinos y uno femenino, entre los \u00abveintilargos\u00bb y los \u00abcuarentis\u00bb<\/p>\n\n\n\n<p>Por otro lado, Dinova adelant\u00f3 \u201cya teniendo el proyecto seleccionado, nos tenemos que poner a trabajar en todo lo que tiene que ver con el proceso de audiciones, ensayos, escenograf\u00eda, producci\u00f3n y fijar las funciones que ser\u00e1n para el segundo semestre del a\u00f1o, pensando en octubre tal vez\u201d.\u00a0\u00a0\u00a0\u00a0<\/p>\n","protected":false},"excerpt":{"rendered":"<p>D\u00edas atr\u00e1s se anunci\u00f3 el director teatral que dirigir\u00e1 la Comedia Municipal \u00abRa\u00fal Bustos Berrondo\u00bb este a\u00f1o. Se trata de &#8230; <a title=\"Claudio Mateo dirigir\u00e1 la Comedia Municipal 2022\" class=\"read-more\" href=\"https:\/\/www.hoymercedes.com.ar\/principal\/2022\/06\/03\/claudio-mateo-dirigira-la-comedia-municipal-2022\/\" aria-label=\"Leer m\u00e1s sobre Claudio Mateo dirigir\u00e1 la Comedia Municipal 2022\">Leer m\u00e1s<\/a><\/p>\n","protected":false},"author":1,"featured_media":148948,"comment_status":"closed","ping_status":"open","sticky":false,"template":"","format":"standard","meta":{"_monsterinsights_skip_tracking":false,"_monsterinsights_sitenote_active":false,"_monsterinsights_sitenote_note":"","_monsterinsights_sitenote_category":0,"jetpack_post_was_ever_published":false,"_jetpack_newsletter_access":"","_jetpack_dont_email_post_to_subs":false,"_jetpack_newsletter_tier_id":0,"_jetpack_memberships_contains_paywalled_content":false,"_jetpack_memberships_contains_paid_content":false,"footnotes":"","jetpack_publicize_message":"","jetpack_publicize_feature_enabled":true,"jetpack_social_post_already_shared":true,"jetpack_social_options":{"image_generator_settings":{"template":"highway","default_image_id":0,"font":"","enabled":false},"version":2},"_wpas_customize_per_network":false},"categories":[104],"tags":[7805],"class_list":["post-148946","post","type-post","status-publish","format-standard","has-post-thumbnail","hentry","category-cultura","tag-cultura","generate-columns","tablet-grid-50","mobile-grid-100","grid-parent","grid-50"],"jetpack_publicize_connections":[],"jetpack_featured_media_url":"https:\/\/www.hoymercedes.com.ar\/principal\/wp-content\/uploads\/2022\/06\/IMG_20220601_112135120.jpg","wps_subtitle":"","jetpack_sharing_enabled":true,"_links":{"self":[{"href":"https:\/\/www.hoymercedes.com.ar\/principal\/wp-json\/wp\/v2\/posts\/148946","targetHints":{"allow":["GET"]}}],"collection":[{"href":"https:\/\/www.hoymercedes.com.ar\/principal\/wp-json\/wp\/v2\/posts"}],"about":[{"href":"https:\/\/www.hoymercedes.com.ar\/principal\/wp-json\/wp\/v2\/types\/post"}],"author":[{"embeddable":true,"href":"https:\/\/www.hoymercedes.com.ar\/principal\/wp-json\/wp\/v2\/users\/1"}],"replies":[{"embeddable":true,"href":"https:\/\/www.hoymercedes.com.ar\/principal\/wp-json\/wp\/v2\/comments?post=148946"}],"version-history":[{"count":0,"href":"https:\/\/www.hoymercedes.com.ar\/principal\/wp-json\/wp\/v2\/posts\/148946\/revisions"}],"wp:featuredmedia":[{"embeddable":true,"href":"https:\/\/www.hoymercedes.com.ar\/principal\/wp-json\/wp\/v2\/media\/148948"}],"wp:attachment":[{"href":"https:\/\/www.hoymercedes.com.ar\/principal\/wp-json\/wp\/v2\/media?parent=148946"}],"wp:term":[{"taxonomy":"category","embeddable":true,"href":"https:\/\/www.hoymercedes.com.ar\/principal\/wp-json\/wp\/v2\/categories?post=148946"},{"taxonomy":"post_tag","embeddable":true,"href":"https:\/\/www.hoymercedes.com.ar\/principal\/wp-json\/wp\/v2\/tags?post=148946"}],"curies":[{"name":"wp","href":"https:\/\/api.w.org\/{rel}","templated":true}]}}