{"id":148949,"date":"2022-06-04T20:01:00","date_gmt":"2022-06-04T23:01:00","guid":{"rendered":"https:\/\/www.hoymercedes.com.ar\/principal\/?p=148949"},"modified":"2022-06-04T16:20:28","modified_gmt":"2022-06-04T19:20:28","slug":"declaracion-de-patrimonio-cultural-de-las-obras-de-octimio-landi","status":"publish","type":"post","link":"https:\/\/www.hoymercedes.com.ar\/principal\/2022\/06\/04\/declaracion-de-patrimonio-cultural-de-las-obras-de-octimio-landi\/","title":{"rendered":"Declaraci\u00f3n de patrimonio cultural de las obras de Octimio Landi"},"content":{"rendered":"\n<p>En la casa de calle 39, donde Octimio Landi vivi\u00f3 hasta sus \u00faltimos d\u00edas, se realiz\u00f3 el acto que marc\u00f3 la declaraci\u00f3n de patrimionio cultural de los bienes muebles creados por el escultor. Quita Saavedra de Landi, a una semana de cumplir 100 a\u00f1os, abri\u00f3 las puertas de su casa para oficializar el reconocimiento al artista pl\u00e1stico fallecido hace m\u00e1s de 15 a\u00f1os. <\/p>\n\n\n\n<div class=\"wp-block-jetpack-slideshow aligncenter\" data-effect=\"slide\"><div class=\"wp-block-jetpack-slideshow_container swiper-container\"><ul class=\"wp-block-jetpack-slideshow_swiper-wrapper swiper-wrapper\"><li class=\"wp-block-jetpack-slideshow_slide swiper-slide\"><figure><img loading=\"lazy\" decoding=\"async\" width=\"800\" height=\"533\" alt=\"\" class=\"wp-block-jetpack-slideshow_image wp-image-148934\" data-id=\"148934\" src=\"https:\/\/www.hoymercedes.com.ar\/principal\/wp-content\/uploads\/2022\/06\/Landi-homenaje-1.jpg\" srcset=\"https:\/\/www.hoymercedes.com.ar\/principal\/wp-content\/uploads\/2022\/06\/Landi-homenaje-1.jpg 800w, https:\/\/www.hoymercedes.com.ar\/principal\/wp-content\/uploads\/2022\/06\/Landi-homenaje-1-630x420.jpg 630w, https:\/\/www.hoymercedes.com.ar\/principal\/wp-content\/uploads\/2022\/06\/Landi-homenaje-1-150x100.jpg 150w, https:\/\/www.hoymercedes.com.ar\/principal\/wp-content\/uploads\/2022\/06\/Landi-homenaje-1-700x465.jpg 700w\" sizes=\"(max-width: 800px) 100vw, 800px\" \/><\/figure><\/li><li class=\"wp-block-jetpack-slideshow_slide swiper-slide\"><figure><img loading=\"lazy\" decoding=\"async\" width=\"800\" height=\"533\" alt=\"\" class=\"wp-block-jetpack-slideshow_image wp-image-148933\" data-id=\"148933\" src=\"https:\/\/www.hoymercedes.com.ar\/principal\/wp-content\/uploads\/2022\/06\/Landi-homenaje-2.jpg\" srcset=\"https:\/\/www.hoymercedes.com.ar\/principal\/wp-content\/uploads\/2022\/06\/Landi-homenaje-2.jpg 800w, https:\/\/www.hoymercedes.com.ar\/principal\/wp-content\/uploads\/2022\/06\/Landi-homenaje-2-630x420.jpg 630w, https:\/\/www.hoymercedes.com.ar\/principal\/wp-content\/uploads\/2022\/06\/Landi-homenaje-2-150x100.jpg 150w, https:\/\/www.hoymercedes.com.ar\/principal\/wp-content\/uploads\/2022\/06\/Landi-homenaje-2-700x465.jpg 700w\" sizes=\"(max-width: 800px) 100vw, 800px\" \/><\/figure><\/li><li class=\"wp-block-jetpack-slideshow_slide swiper-slide\"><figure><img loading=\"lazy\" decoding=\"async\" width=\"800\" height=\"533\" alt=\"\" class=\"wp-block-jetpack-slideshow_image wp-image-148932\" data-id=\"148932\" src=\"https:\/\/www.hoymercedes.com.ar\/principal\/wp-content\/uploads\/2022\/06\/Landi-homenaje-3.jpg\" srcset=\"https:\/\/www.hoymercedes.com.ar\/principal\/wp-content\/uploads\/2022\/06\/Landi-homenaje-3.jpg 800w, https:\/\/www.hoymercedes.com.ar\/principal\/wp-content\/uploads\/2022\/06\/Landi-homenaje-3-630x420.jpg 630w, https:\/\/www.hoymercedes.com.ar\/principal\/wp-content\/uploads\/2022\/06\/Landi-homenaje-3-150x100.jpg 150w, https:\/\/www.hoymercedes.com.ar\/principal\/wp-content\/uploads\/2022\/06\/Landi-homenaje-3-700x465.jpg 700w\" sizes=\"(max-width: 800px) 100vw, 800px\" \/><\/figure><\/li><li class=\"wp-block-jetpack-slideshow_slide swiper-slide\"><figure><img loading=\"lazy\" decoding=\"async\" width=\"800\" height=\"533\" alt=\"\" class=\"wp-block-jetpack-slideshow_image wp-image-148931\" data-id=\"148931\" src=\"https:\/\/www.hoymercedes.com.ar\/principal\/wp-content\/uploads\/2022\/06\/Landi-homenaje-4.jpg\" srcset=\"https:\/\/www.hoymercedes.com.ar\/principal\/wp-content\/uploads\/2022\/06\/Landi-homenaje-4.jpg 800w, https:\/\/www.hoymercedes.com.ar\/principal\/wp-content\/uploads\/2022\/06\/Landi-homenaje-4-630x420.jpg 630w, https:\/\/www.hoymercedes.com.ar\/principal\/wp-content\/uploads\/2022\/06\/Landi-homenaje-4-150x100.jpg 150w, https:\/\/www.hoymercedes.com.ar\/principal\/wp-content\/uploads\/2022\/06\/Landi-homenaje-4-700x465.jpg 700w\" sizes=\"(max-width: 800px) 100vw, 800px\" \/><\/figure><\/li><li class=\"wp-block-jetpack-slideshow_slide swiper-slide\"><figure><img loading=\"lazy\" decoding=\"async\" width=\"800\" height=\"533\" alt=\"\" class=\"wp-block-jetpack-slideshow_image wp-image-148930\" data-id=\"148930\" src=\"https:\/\/www.hoymercedes.com.ar\/principal\/wp-content\/uploads\/2022\/06\/Landi-homenaje-6.jpg\" srcset=\"https:\/\/www.hoymercedes.com.ar\/principal\/wp-content\/uploads\/2022\/06\/Landi-homenaje-6.jpg 800w, https:\/\/www.hoymercedes.com.ar\/principal\/wp-content\/uploads\/2022\/06\/Landi-homenaje-6-630x420.jpg 630w, https:\/\/www.hoymercedes.com.ar\/principal\/wp-content\/uploads\/2022\/06\/Landi-homenaje-6-150x100.jpg 150w, https:\/\/www.hoymercedes.com.ar\/principal\/wp-content\/uploads\/2022\/06\/Landi-homenaje-6-700x465.jpg 700w\" sizes=\"(max-width: 800px) 100vw, 800px\" \/><\/figure><\/li><li class=\"wp-block-jetpack-slideshow_slide swiper-slide\"><figure><img loading=\"lazy\" decoding=\"async\" width=\"800\" height=\"533\" alt=\"\" class=\"wp-block-jetpack-slideshow_image wp-image-148929\" data-id=\"148929\" src=\"https:\/\/www.hoymercedes.com.ar\/principal\/wp-content\/uploads\/2022\/06\/Landi-homenaje-5.jpg\" srcset=\"https:\/\/www.hoymercedes.com.ar\/principal\/wp-content\/uploads\/2022\/06\/Landi-homenaje-5.jpg 800w, https:\/\/www.hoymercedes.com.ar\/principal\/wp-content\/uploads\/2022\/06\/Landi-homenaje-5-630x420.jpg 630w, https:\/\/www.hoymercedes.com.ar\/principal\/wp-content\/uploads\/2022\/06\/Landi-homenaje-5-150x100.jpg 150w, https:\/\/www.hoymercedes.com.ar\/principal\/wp-content\/uploads\/2022\/06\/Landi-homenaje-5-700x465.jpg 700w\" sizes=\"(max-width: 800px) 100vw, 800px\" \/><\/figure><\/li><\/ul><a class=\"wp-block-jetpack-slideshow_button-prev swiper-button-prev swiper-button-white\" role=\"button\"><\/a><a class=\"wp-block-jetpack-slideshow_button-next swiper-button-next swiper-button-white\" role=\"button\"><\/a><a aria-label=\"Pause Slideshow\" class=\"wp-block-jetpack-slideshow_button-pause\" role=\"button\"><\/a><div class=\"wp-block-jetpack-slideshow_pagination swiper-pagination swiper-pagination-white\"><\/div><\/div><\/div>\n\n\n\n<p>El acto realizado en la ma\u00f1ana del jueves \u00faltimo, cont\u00f3 con la presencia de funcionarios, concejales, vecinos de la familia Landi y amigos del artistas fallecido en 2005. La casa del artista fue el epicentro de las actividades. All\u00ed se expuso un video con sus obras, un fragmento de una entrevista a Landi en vida y se expusieron algunas de las obras en la vereda. l<\/p>\n\n\n\n<p>La artista pl\u00e1stica Marcela Brown, hoy Coordinadora de los Museos Muncipales, tom\u00f3 la palabra ante los presentes y destac\u00f3 la obra e historia de Octimio Landi. Las m\u00e1s de 700 obras fueron inventariadas y forman parte del patrimonio cultural de bienes muebles, una colecci\u00f3n de obras de artes que se suman los bienes comunales. <\/p>\n\n\n\n<p>En 2020, Octimio Landi hubiese cumplido 100 a\u00f1os. Su mujer, Quita, los cumple el 9 de junio pr\u00f3ximo y fue la protagonista del acto en que se declar\u00f3 de inter\u00e9s patrimonial los bienes muebles correspondientes a su obra art\u00edstica que se encuentra en la vivienda de calle 39. \u00a0Son 700 obras protegidas por la ordenanza 8455\/2020, siendo pinturas, esculturas, grabados, cer\u00e1micas, objetos utilitarios, m\u00e1scaras en metal, dibujos, entre otros. \u00a0<\/p>\n\n\n\n<p>Una copia de la ordenanza entregaron los Concejales Evangelina Cabral, Carlos Garro y Gustavo Mangoni. Por su parte, el Jefe Comunal Juan Ignacio Ustarroz que destac\u00f3 el darle continuidad a \u00ablos sue\u00f1os y proyectos\u00bb de Octimio Landi para que su obra perduren para la comunidad. <\/p>\n\n\n\n<p>El resguardo de la obra se da tras un largo trabajo de la Direcci\u00f3n de Cultura, la Comisi\u00f3n de Patrimonio Hist\u00f3rico y de los amigos de Quita Landi que la ayudan diariamente al reconocimiento de la obra de Octimio que trasciende su casa y su barrio. <\/p>\n","protected":false},"excerpt":{"rendered":"<p>En la casa de calle 39, donde Octimio Landi vivi\u00f3 hasta sus \u00faltimos d\u00edas, se realiz\u00f3 el acto que marc\u00f3 &#8230; <a title=\"Declaraci\u00f3n de patrimonio cultural de las obras de Octimio Landi\" class=\"read-more\" href=\"https:\/\/www.hoymercedes.com.ar\/principal\/2022\/06\/04\/declaracion-de-patrimonio-cultural-de-las-obras-de-octimio-landi\/\" aria-label=\"Leer m\u00e1s sobre Declaraci\u00f3n de patrimonio cultural de las obras de Octimio Landi\">Leer m\u00e1s<\/a><\/p>\n","protected":false},"author":1,"featured_media":148932,"comment_status":"closed","ping_status":"open","sticky":false,"template":"","format":"standard","meta":{"_monsterinsights_skip_tracking":false,"_monsterinsights_sitenote_active":false,"_monsterinsights_sitenote_note":"","_monsterinsights_sitenote_category":0,"jetpack_post_was_ever_published":false,"_jetpack_newsletter_access":"","_jetpack_dont_email_post_to_subs":false,"_jetpack_newsletter_tier_id":0,"_jetpack_memberships_contains_paywalled_content":false,"_jetpack_memberships_contains_paid_content":false,"footnotes":"","jetpack_publicize_message":"","jetpack_publicize_feature_enabled":true,"jetpack_social_post_already_shared":true,"jetpack_social_options":{"image_generator_settings":{"template":"highway","default_image_id":0,"font":"","enabled":false},"version":2},"_wpas_customize_per_network":false},"categories":[104],"tags":[7805],"class_list":["post-148949","post","type-post","status-publish","format-standard","has-post-thumbnail","hentry","category-cultura","tag-cultura","generate-columns","tablet-grid-50","mobile-grid-100","grid-parent","grid-50"],"jetpack_publicize_connections":[],"jetpack_featured_media_url":"https:\/\/www.hoymercedes.com.ar\/principal\/wp-content\/uploads\/2022\/06\/Landi-homenaje-3.jpg","wps_subtitle":"","jetpack_sharing_enabled":true,"_links":{"self":[{"href":"https:\/\/www.hoymercedes.com.ar\/principal\/wp-json\/wp\/v2\/posts\/148949","targetHints":{"allow":["GET"]}}],"collection":[{"href":"https:\/\/www.hoymercedes.com.ar\/principal\/wp-json\/wp\/v2\/posts"}],"about":[{"href":"https:\/\/www.hoymercedes.com.ar\/principal\/wp-json\/wp\/v2\/types\/post"}],"author":[{"embeddable":true,"href":"https:\/\/www.hoymercedes.com.ar\/principal\/wp-json\/wp\/v2\/users\/1"}],"replies":[{"embeddable":true,"href":"https:\/\/www.hoymercedes.com.ar\/principal\/wp-json\/wp\/v2\/comments?post=148949"}],"version-history":[{"count":0,"href":"https:\/\/www.hoymercedes.com.ar\/principal\/wp-json\/wp\/v2\/posts\/148949\/revisions"}],"wp:featuredmedia":[{"embeddable":true,"href":"https:\/\/www.hoymercedes.com.ar\/principal\/wp-json\/wp\/v2\/media\/148932"}],"wp:attachment":[{"href":"https:\/\/www.hoymercedes.com.ar\/principal\/wp-json\/wp\/v2\/media?parent=148949"}],"wp:term":[{"taxonomy":"category","embeddable":true,"href":"https:\/\/www.hoymercedes.com.ar\/principal\/wp-json\/wp\/v2\/categories?post=148949"},{"taxonomy":"post_tag","embeddable":true,"href":"https:\/\/www.hoymercedes.com.ar\/principal\/wp-json\/wp\/v2\/tags?post=148949"}],"curies":[{"name":"wp","href":"https:\/\/api.w.org\/{rel}","templated":true}]}}