{"id":148978,"date":"2022-06-04T15:41:44","date_gmt":"2022-06-04T18:41:44","guid":{"rendered":"https:\/\/www.hoymercedes.com.ar\/principal\/?p=148978"},"modified":"2022-06-04T15:41:48","modified_gmt":"2022-06-04T18:41:48","slug":"reflexiones-visuales-con-humor-en-cuadritos","status":"publish","type":"post","link":"https:\/\/www.hoymercedes.com.ar\/principal\/2022\/06\/04\/reflexiones-visuales-con-humor-en-cuadritos\/","title":{"rendered":"Reflexiones visuales con humor en cuadritos"},"content":{"rendered":"\n<p>El humor\u00edsta gr\u00e1fico Pablo Blasberg inaugur\u00f3 su muestra titulada \u00abHumor en Cuadritos\u00bb. Con impresiones de sus historietas publicadas en medrios gr\u00e1ficos, la exposici\u00f3n contin\u00faa este s\u00e1bado 4 y el domingo 5 de junio, a partir de la hora 18, en el Espacio de Arte Cueto e, calle 19 N\u00b0 427 (entre 20 y 18). <\/p>\n\n\n\n<figure class=\"wp-block-gallery has-nested-images columns-default is-cropped wp-block-gallery-1 is-layout-flex wp-block-gallery-is-layout-flex\">\n<figure class=\"wp-block-image size-large\"><img loading=\"lazy\" decoding=\"async\" width=\"800\" height=\"533\" data-attachment-id=\"148979\" data-permalink=\"https:\/\/www.hoymercedes.com.ar\/principal\/2022\/06\/04\/reflexiones-visuales-con-humor-en-cuadritos\/img_20220603_192845414\/#main\" data-orig-file=\"https:\/\/www.hoymercedes.com.ar\/principal\/wp-content\/uploads\/2022\/06\/IMG_20220603_192845414.jpg\" data-orig-size=\"800,533\" data-comments-opened=\"0\" data-image-meta=\"{&quot;aperture&quot;:&quot;0&quot;,&quot;credit&quot;:&quot;&quot;,&quot;camera&quot;:&quot;&quot;,&quot;caption&quot;:&quot;&quot;,&quot;created_timestamp&quot;:&quot;1654284526&quot;,&quot;copyright&quot;:&quot;&quot;,&quot;focal_length&quot;:&quot;0&quot;,&quot;iso&quot;:&quot;0&quot;,&quot;shutter_speed&quot;:&quot;0&quot;,&quot;title&quot;:&quot;&quot;,&quot;orientation&quot;:&quot;1&quot;}\" data-image-title=\"IMG_20220603_192845414\" data-image-description=\"\" data-image-caption=\"\" data-large-file=\"https:\/\/www.hoymercedes.com.ar\/principal\/wp-content\/uploads\/2022\/06\/IMG_20220603_192845414.jpg\" data-id=\"148979\" src=\"https:\/\/www.hoymercedes.com.ar\/principal\/wp-content\/uploads\/2022\/06\/IMG_20220603_192845414.jpg\" alt=\"\" class=\"wp-image-148979\" srcset=\"https:\/\/www.hoymercedes.com.ar\/principal\/wp-content\/uploads\/2022\/06\/IMG_20220603_192845414.jpg 800w, https:\/\/www.hoymercedes.com.ar\/principal\/wp-content\/uploads\/2022\/06\/IMG_20220603_192845414-630x420.jpg 630w, https:\/\/www.hoymercedes.com.ar\/principal\/wp-content\/uploads\/2022\/06\/IMG_20220603_192845414-150x100.jpg 150w, https:\/\/www.hoymercedes.com.ar\/principal\/wp-content\/uploads\/2022\/06\/IMG_20220603_192845414-700x465.jpg 700w\" sizes=\"auto, (max-width: 800px) 100vw, 800px\" \/><\/figure>\n\n\n\n<figure class=\"wp-block-image size-large\"><img loading=\"lazy\" decoding=\"async\" width=\"2560\" height=\"1707\" data-attachment-id=\"148981\" data-permalink=\"https:\/\/www.hoymercedes.com.ar\/principal\/2022\/06\/04\/reflexiones-visuales-con-humor-en-cuadritos\/img_20220603_192815904\/#main\" data-orig-file=\"https:\/\/www.hoymercedes.com.ar\/principal\/wp-content\/uploads\/2022\/06\/IMG_20220603_192815904-scaled.jpg\" data-orig-size=\"2560,1707\" data-comments-opened=\"0\" data-image-meta=\"{&quot;aperture&quot;:&quot;2&quot;,&quot;credit&quot;:&quot;&quot;,&quot;camera&quot;:&quot;Moto G (5S) Plus&quot;,&quot;caption&quot;:&quot;&quot;,&quot;created_timestamp&quot;:&quot;1654284497&quot;,&quot;copyright&quot;:&quot;&quot;,&quot;focal_length&quot;:&quot;3.59&quot;,&quot;iso&quot;:&quot;318&quot;,&quot;shutter_speed&quot;:&quot;0.03030303030303&quot;,&quot;title&quot;:&quot;&quot;,&quot;orientation&quot;:&quot;1&quot;}\" data-image-title=\"IMG_20220603_192815904\" data-image-description=\"\" data-image-caption=\"\" data-large-file=\"https:\/\/www.hoymercedes.com.ar\/principal\/wp-content\/uploads\/2022\/06\/IMG_20220603_192815904-1024x683.jpg\" data-id=\"148981\" src=\"https:\/\/www.hoymercedes.com.ar\/principal\/wp-content\/uploads\/2022\/06\/IMG_20220603_192815904-scaled.jpg\" alt=\"\" class=\"wp-image-148981\" srcset=\"https:\/\/www.hoymercedes.com.ar\/principal\/wp-content\/uploads\/2022\/06\/IMG_20220603_192815904-scaled.jpg 2560w, https:\/\/www.hoymercedes.com.ar\/principal\/wp-content\/uploads\/2022\/06\/IMG_20220603_192815904-630x420.jpg 630w, https:\/\/www.hoymercedes.com.ar\/principal\/wp-content\/uploads\/2022\/06\/IMG_20220603_192815904-1024x683.jpg 1024w, https:\/\/www.hoymercedes.com.ar\/principal\/wp-content\/uploads\/2022\/06\/IMG_20220603_192815904-150x100.jpg 150w, https:\/\/www.hoymercedes.com.ar\/principal\/wp-content\/uploads\/2022\/06\/IMG_20220603_192815904-1536x1024.jpg 1536w, https:\/\/www.hoymercedes.com.ar\/principal\/wp-content\/uploads\/2022\/06\/IMG_20220603_192815904-2048x1365.jpg 2048w\" sizes=\"auto, (max-width: 2560px) 100vw, 2560px\" \/><\/figure>\n<\/figure>\n\n\n\n<p>\u00abEl humor gr\u00e1fico, as\u00ed como la ilustraci\u00f3n, la caricatura y la historieta, son disciplinas art\u00edsticas que hist\u00f3ricamente han aparecido en medios de comunicaci\u00f3n masivos como diarios y revistas. Algunos lectores de peri\u00f3dicos suelen decir &#8216;Siempre empiezo a leer el diario por la p\u00e1gina de atr\u00e1s, la de los chistes&#8217;, como una manera de zambullirse en las noticias de actualidad con una sonrisa. Es decir, el humor como un airbag que amortigua el choque con la realidad\u00bb, explica Pablo Blasberg. <\/p>\n\n\n\n<p>\u00abAfortunadamente, en Argentina siempre hubo grandes humoristas que ayudaron a hacer m\u00e1s tolerables las p\u00e1ginas de los diarios. Quino, Garaycochea, Lino Palacio, Cal\u00e9, Oski, Caloi, Fontanarrosa, Landr\u00fa, Crist, S\u00e1bat, Nine, Moridillo&#8230;por mencionar s\u00f3lo algunos de los grandes maestros del dibujo y el humor, que hicieron escuela y siguen influyendo hasta el d\u00eda de hoy en las cuales generaciones de creadores\u00bb, destaca el dibujante. <\/p>\n\n\n\n<p>\u00abLa muestra &#8216;Humor en Cuadritos&#8217; presenta una selecci\u00f3n de chistes publicados en las p\u00e1ginas del Diario Muy, del grupo Clar\u00f3n, entre los a\u00f1os 2010 y 2015, reproducidos en alta resoluci\u00f3n sobre tela. La intenci\u00f3n de esta exposici\u00f3n es ofrecer una nueva experiencia visual con dibujos que se publicaron originalmente en papel de diario y en dimensiones reducidas. Estas ilustraciones devenidas en cuadro y en un espacio de arte, buscan que los espectadores puedan reflexionar y observar, casi con una lupa, el trabajo del humarista gr\u00e1fico en detalle\u00bb, destac\u00f3 Pablo Blasberg que extiende la invitaci\u00f3n a su muestra al p\u00fablico general para este s\u00e1bado 4 y domingo 5 de junio, desde la hora 18 y hasta las 21. <\/p>\n\n\n<div class=\"wp-block-image\">\n<figure class=\"aligncenter size-full\"><img loading=\"lazy\" decoding=\"async\" width=\"800\" height=\"533\" data-attachment-id=\"148980\" data-permalink=\"https:\/\/www.hoymercedes.com.ar\/principal\/2022\/06\/04\/reflexiones-visuales-con-humor-en-cuadritos\/img_20220603_194222356\/#main\" data-orig-file=\"https:\/\/www.hoymercedes.com.ar\/principal\/wp-content\/uploads\/2022\/06\/IMG_20220603_194222356.jpg\" data-orig-size=\"800,533\" data-comments-opened=\"0\" data-image-meta=\"{&quot;aperture&quot;:&quot;0&quot;,&quot;credit&quot;:&quot;&quot;,&quot;camera&quot;:&quot;&quot;,&quot;caption&quot;:&quot;&quot;,&quot;created_timestamp&quot;:&quot;1654285342&quot;,&quot;copyright&quot;:&quot;&quot;,&quot;focal_length&quot;:&quot;0&quot;,&quot;iso&quot;:&quot;0&quot;,&quot;shutter_speed&quot;:&quot;0&quot;,&quot;title&quot;:&quot;&quot;,&quot;orientation&quot;:&quot;1&quot;}\" data-image-title=\"IMG_20220603_194222356\" data-image-description=\"\" data-image-caption=\"\" data-large-file=\"https:\/\/www.hoymercedes.com.ar\/principal\/wp-content\/uploads\/2022\/06\/IMG_20220603_194222356.jpg\" src=\"https:\/\/www.hoymercedes.com.ar\/principal\/wp-content\/uploads\/2022\/06\/IMG_20220603_194222356.jpg\" alt=\"\" class=\"wp-image-148980\" srcset=\"https:\/\/www.hoymercedes.com.ar\/principal\/wp-content\/uploads\/2022\/06\/IMG_20220603_194222356.jpg 800w, https:\/\/www.hoymercedes.com.ar\/principal\/wp-content\/uploads\/2022\/06\/IMG_20220603_194222356-630x420.jpg 630w, https:\/\/www.hoymercedes.com.ar\/principal\/wp-content\/uploads\/2022\/06\/IMG_20220603_194222356-150x100.jpg 150w, https:\/\/www.hoymercedes.com.ar\/principal\/wp-content\/uploads\/2022\/06\/IMG_20220603_194222356-700x465.jpg 700w\" sizes=\"auto, (max-width: 800px) 100vw, 800px\" \/><\/figure>\n<\/div>\n\n\n<p><\/p>\n","protected":false},"excerpt":{"rendered":"<p>El humor\u00edsta gr\u00e1fico Pablo Blasberg inaugur\u00f3 su muestra titulada \u00abHumor en Cuadritos\u00bb. Con impresiones de sus historietas publicadas en medrios &#8230; <a title=\"Reflexiones visuales con humor en cuadritos\" class=\"read-more\" href=\"https:\/\/www.hoymercedes.com.ar\/principal\/2022\/06\/04\/reflexiones-visuales-con-humor-en-cuadritos\/\" aria-label=\"Leer m\u00e1s sobre Reflexiones visuales con humor en cuadritos\">Leer m\u00e1s<\/a><\/p>\n","protected":false},"author":1,"featured_media":148980,"comment_status":"closed","ping_status":"open","sticky":false,"template":"","format":"standard","meta":{"_monsterinsights_skip_tracking":false,"_monsterinsights_sitenote_active":false,"_monsterinsights_sitenote_note":"","_monsterinsights_sitenote_category":0,"jetpack_post_was_ever_published":false,"_jetpack_newsletter_access":"","_jetpack_dont_email_post_to_subs":false,"_jetpack_newsletter_tier_id":0,"_jetpack_memberships_contains_paywalled_content":false,"_jetpack_memberships_contains_paid_content":false,"footnotes":"","jetpack_publicize_message":"","jetpack_publicize_feature_enabled":true,"jetpack_social_post_already_shared":true,"jetpack_social_options":{"image_generator_settings":{"template":"highway","default_image_id":0,"font":"","enabled":false},"version":2},"_wpas_customize_per_network":false},"categories":[104],"tags":[7805],"class_list":["post-148978","post","type-post","status-publish","format-standard","has-post-thumbnail","hentry","category-cultura","tag-cultura","generate-columns","tablet-grid-50","mobile-grid-100","grid-parent","grid-50"],"jetpack_publicize_connections":[],"jetpack_featured_media_url":"https:\/\/www.hoymercedes.com.ar\/principal\/wp-content\/uploads\/2022\/06\/IMG_20220603_194222356.jpg","wps_subtitle":"","jetpack_sharing_enabled":true,"_links":{"self":[{"href":"https:\/\/www.hoymercedes.com.ar\/principal\/wp-json\/wp\/v2\/posts\/148978","targetHints":{"allow":["GET"]}}],"collection":[{"href":"https:\/\/www.hoymercedes.com.ar\/principal\/wp-json\/wp\/v2\/posts"}],"about":[{"href":"https:\/\/www.hoymercedes.com.ar\/principal\/wp-json\/wp\/v2\/types\/post"}],"author":[{"embeddable":true,"href":"https:\/\/www.hoymercedes.com.ar\/principal\/wp-json\/wp\/v2\/users\/1"}],"replies":[{"embeddable":true,"href":"https:\/\/www.hoymercedes.com.ar\/principal\/wp-json\/wp\/v2\/comments?post=148978"}],"version-history":[{"count":0,"href":"https:\/\/www.hoymercedes.com.ar\/principal\/wp-json\/wp\/v2\/posts\/148978\/revisions"}],"wp:featuredmedia":[{"embeddable":true,"href":"https:\/\/www.hoymercedes.com.ar\/principal\/wp-json\/wp\/v2\/media\/148980"}],"wp:attachment":[{"href":"https:\/\/www.hoymercedes.com.ar\/principal\/wp-json\/wp\/v2\/media?parent=148978"}],"wp:term":[{"taxonomy":"category","embeddable":true,"href":"https:\/\/www.hoymercedes.com.ar\/principal\/wp-json\/wp\/v2\/categories?post=148978"},{"taxonomy":"post_tag","embeddable":true,"href":"https:\/\/www.hoymercedes.com.ar\/principal\/wp-json\/wp\/v2\/tags?post=148978"}],"curies":[{"name":"wp","href":"https:\/\/api.w.org\/{rel}","templated":true}]}}