{"id":149166,"date":"2022-06-07T23:53:33","date_gmt":"2022-06-08T02:53:33","guid":{"rendered":"https:\/\/www.hoymercedes.com.ar\/principal\/?p=149166"},"modified":"2022-06-08T00:48:15","modified_gmt":"2022-06-08T03:48:15","slug":"lujan-investigo-solo-y-logro-lo-que-la-fiscalia-no-hizo-para-recuperar-su-auto","status":"publish","type":"post","link":"https:\/\/www.hoymercedes.com.ar\/principal\/2022\/06\/07\/lujan-investigo-solo-y-logro-lo-que-la-fiscalia-no-hizo-para-recuperar-su-auto\/","title":{"rendered":"Luj\u00e1n: investig\u00f3 solo y logr\u00f3 lo que la fiscal\u00eda no hizo para recuperar su auto"},"content":{"rendered":"\n<p>[El Civismo] Desde hace un a\u00f1o y siete meses, un vecino de Open Door busca un veh\u00edculo de su propiedad tras haber sido estafado por una persona que se hizo pasar por comprador.<\/p>\n\n\n\n<figure class=\"wp-block-image size-full is-resized\"><img loading=\"lazy\" decoding=\"async\" data-attachment-id=\"149167\" data-permalink=\"https:\/\/www.hoymercedes.com.ar\/principal\/2022\/06\/07\/lujan-investigo-solo-y-logro-lo-que-la-fiscalia-no-hizo-para-recuperar-su-auto\/civismo-auto\/#main\" data-orig-file=\"https:\/\/www.hoymercedes.com.ar\/principal\/wp-content\/uploads\/2022\/06\/Civismo-Auto.jpg\" data-orig-size=\"774,436\" data-comments-opened=\"0\" data-image-meta=\"{&quot;aperture&quot;:&quot;0&quot;,&quot;credit&quot;:&quot;&quot;,&quot;camera&quot;:&quot;&quot;,&quot;caption&quot;:&quot;&quot;,&quot;created_timestamp&quot;:&quot;0&quot;,&quot;copyright&quot;:&quot;&quot;,&quot;focal_length&quot;:&quot;0&quot;,&quot;iso&quot;:&quot;0&quot;,&quot;shutter_speed&quot;:&quot;0&quot;,&quot;title&quot;:&quot;&quot;,&quot;orientation&quot;:&quot;0&quot;}\" data-image-title=\"Civismo-Auto\" data-image-description=\"\" data-image-caption=\"\" data-large-file=\"https:\/\/www.hoymercedes.com.ar\/principal\/wp-content\/uploads\/2022\/06\/Civismo-Auto.jpg\" src=\"https:\/\/www.hoymercedes.com.ar\/principal\/wp-content\/uploads\/2022\/06\/Civismo-Auto.jpg\" alt=\"\" class=\"wp-image-149167\" width=\"957\" height=\"539\" srcset=\"https:\/\/www.hoymercedes.com.ar\/principal\/wp-content\/uploads\/2022\/06\/Civismo-Auto.jpg 774w, https:\/\/www.hoymercedes.com.ar\/principal\/wp-content\/uploads\/2022\/06\/Civismo-Auto-630x355.jpg 630w, https:\/\/www.hoymercedes.com.ar\/principal\/wp-content\/uploads\/2022\/06\/Civismo-Auto-150x84.jpg 150w\" sizes=\"auto, (max-width: 957px) 100vw, 957px\" \/><\/figure>\n\n\n\n<p>En todo ese tiempo, descubri\u00f3 que la Fiscal\u00eda 9 no hab\u00eda librado el pedido de secuestro del rodado. Mientras tanto, en paralelo, despleg\u00f3 una investigaci\u00f3n por su cuenta que lo llev\u00f3 hasta Necochea donde reside un sujeto que tendr\u00eda en su poder el automotor.<\/p>\n\n\n\n<p>La odisea de Fernando Aner comenz\u00f3 el 18 de noviembre de 2020 cuando se present\u00f3 en su domicilio un muchacho interesado en compra una Ford Ecosport modelo 2006 que ten\u00eda a la venta. Nada le hizo sospechar que estaba frente a un sofisticado estafador que dijo haber hecho una transferencia de dinero y hasta present\u00f3 un ticket del Banco de la Provincia que supuestamente avalaba el movimiento de fondos.<\/p>\n\n\n\n<p>Sin embargo, la realidad fue que se llev\u00f3 la Ecosports y la plata nunca lleg\u00f3 a manos del vendedor ya que no fue acreditada en su cuenta bancaria. Esto dio lugar a una denuncia en la Comisar\u00eda Luj\u00e1n Tercera que fue girada a la Fiscal\u00eda a cargo de Mariana Su\u00e1rez.<\/p>\n\n\n\n<p>La maniobra fraudulenta forma parte de una causa caratulada como \u201cEstafa\u201d. El expediente durmi\u00f3 el sue\u00f1o de los justos hasta hace unos d\u00edas.<\/p>\n\n\n\n<p>Aner no se qued\u00f3 con los brazos cruzados. Hizo todos los pasos legales al tiempo que inici\u00f3 averiguaciones para dar con el estafador y recuperar su veh\u00edculo.<\/p>\n\n\n\n<p>Descubri\u00f3 que la Ecosport ten\u00eda una multa por exceso de velocidad en la Autov\u00eda 6 y una deuda de patentes, ambas saldadas por un desconocido. En base a su expertise, encontr\u00f3 que un tal Javier Rodr\u00edguez, el sujeto que lo estaf\u00f3, est\u00e1 radicado en Villa Gessell y la Ecosport en poder de otro individuo que vive en Necochea, donde fue asegurada en R\u00edo Uruguay Seguros.<\/p>\n\n\n\n<p>En esa ciudad, adem\u00e1s de llegar hasta el domicilio de quien tiene a su nombre la Ecosport, se entrevist\u00f3 con la DDI. Los investigadores le sugirieron que hiciera una denuncia formal para comenzar actuaciones y comentaron que a esa persona la conocen por haber estado involucrado en delitos y cuenta con antecedentes penales.<\/p>\n\n\n\n<p>Pero lo que m\u00e1s les llam\u00f3 la atenci\u00f3n y es motivo de su indignaci\u00f3n fue que en la Fiscal\u00eda 9, nunca hab\u00edan librado el pedido de secuestro del veh\u00edculo como le dijeron en su momento y, por lo tanto, no pod\u00edan ordenar un allanamiento en Necochea.<\/p>\n\n\n\n<p>Aner regres\u00f3 a sede fiscal presentando un oficio con un c\u00famulo de pruebas que desnudan una serie de irregularidades que alcanzan tanto a la Polic\u00eda como la Fiscal\u00eda.<\/p>\n\n\n\n<p>Ante esto, el viernes a las 12.58 finalmente sali\u00f3 el pedido de secuestro de la Ecosport pese a que ese momento no demostr\u00f3 inter\u00e9s en profundizar las pistas dejadas por el estafador que muestran la concreci\u00f3n de una maniobra delictiva.<\/p>\n\n\n\n<p>\u201cJam\u00e1s pidieron la detenci\u00f3n de Rodr\u00edguez que es el autor de esto ni citaron al gerente del Banco Provincia, no pidieron las c\u00e1maras del cajero y del duplicado del ticket. No hicieron nada. Entonces, me siento agraviado por da\u00f1os y perjuicio, incumplimiento de funcionario p\u00fablico, retardo de justicia de la Fiscal\u00eda 9. Con esta gente estamos a la deriva porque no se hacen cargo de nada\u201d, dijo Aner antes de volver a sede fiscal este lunes donde dej\u00f3 un escrito con una serie de puntos suficientes como para que actuen quienes tienen a su cargo la causa.<\/p>\n\n\n\n<p>Fuente: https:\/\/www.elcivismo.com.ar\/notas\/47355\/el-derrotero-de-un-vecino-para-recuperar-un-vehiculo.html<\/p>\n\n\n\n<p><\/p>\n","protected":false},"excerpt":{"rendered":"<p>[El Civismo] Desde hace un a\u00f1o y siete meses, un vecino de Open Door busca un veh\u00edculo de su propiedad &#8230; <a title=\"Luj\u00e1n: investig\u00f3 solo y logr\u00f3 lo que la fiscal\u00eda no hizo para recuperar su auto\" class=\"read-more\" href=\"https:\/\/www.hoymercedes.com.ar\/principal\/2022\/06\/07\/lujan-investigo-solo-y-logro-lo-que-la-fiscalia-no-hizo-para-recuperar-su-auto\/\" aria-label=\"Leer m\u00e1s sobre Luj\u00e1n: investig\u00f3 solo y logr\u00f3 lo que la fiscal\u00eda no hizo para recuperar su auto\">Leer m\u00e1s<\/a><\/p>\n","protected":false},"author":1,"featured_media":149167,"comment_status":"closed","ping_status":"open","sticky":false,"template":"","format":"standard","meta":{"_monsterinsights_skip_tracking":false,"_monsterinsights_sitenote_active":false,"_monsterinsights_sitenote_note":"","_monsterinsights_sitenote_category":0,"jetpack_post_was_ever_published":false,"_jetpack_newsletter_access":"","_jetpack_dont_email_post_to_subs":false,"_jetpack_newsletter_tier_id":0,"_jetpack_memberships_contains_paywalled_content":false,"_jetpack_memberships_contains_paid_content":false,"footnotes":"","jetpack_publicize_message":"","jetpack_publicize_feature_enabled":true,"jetpack_social_post_already_shared":true,"jetpack_social_options":{"image_generator_settings":{"template":"highway","default_image_id":0,"font":"","enabled":false},"version":2},"_wpas_customize_per_network":false},"categories":[85],"tags":[18388,13269],"class_list":["post-149166","post","type-post","status-publish","format-standard","has-post-thumbnail","hentry","category-policial","tag-fiscalia-9","tag-robo-de-auto","generate-columns","tablet-grid-50","mobile-grid-100","grid-parent","grid-50"],"jetpack_publicize_connections":[],"jetpack_featured_media_url":"https:\/\/www.hoymercedes.com.ar\/principal\/wp-content\/uploads\/2022\/06\/Civismo-Auto.jpg","wps_subtitle":"La justicia que no hace justicia","jetpack_sharing_enabled":true,"_links":{"self":[{"href":"https:\/\/www.hoymercedes.com.ar\/principal\/wp-json\/wp\/v2\/posts\/149166","targetHints":{"allow":["GET"]}}],"collection":[{"href":"https:\/\/www.hoymercedes.com.ar\/principal\/wp-json\/wp\/v2\/posts"}],"about":[{"href":"https:\/\/www.hoymercedes.com.ar\/principal\/wp-json\/wp\/v2\/types\/post"}],"author":[{"embeddable":true,"href":"https:\/\/www.hoymercedes.com.ar\/principal\/wp-json\/wp\/v2\/users\/1"}],"replies":[{"embeddable":true,"href":"https:\/\/www.hoymercedes.com.ar\/principal\/wp-json\/wp\/v2\/comments?post=149166"}],"version-history":[{"count":0,"href":"https:\/\/www.hoymercedes.com.ar\/principal\/wp-json\/wp\/v2\/posts\/149166\/revisions"}],"wp:featuredmedia":[{"embeddable":true,"href":"https:\/\/www.hoymercedes.com.ar\/principal\/wp-json\/wp\/v2\/media\/149167"}],"wp:attachment":[{"href":"https:\/\/www.hoymercedes.com.ar\/principal\/wp-json\/wp\/v2\/media?parent=149166"}],"wp:term":[{"taxonomy":"category","embeddable":true,"href":"https:\/\/www.hoymercedes.com.ar\/principal\/wp-json\/wp\/v2\/categories?post=149166"},{"taxonomy":"post_tag","embeddable":true,"href":"https:\/\/www.hoymercedes.com.ar\/principal\/wp-json\/wp\/v2\/tags?post=149166"}],"curies":[{"name":"wp","href":"https:\/\/api.w.org\/{rel}","templated":true}]}}