{"id":14918,"date":"2012-08-01T11:30:15","date_gmt":"2012-08-01T11:30:15","guid":{"rendered":"http:\/\/www.hoymercedes.com.ar\/principal\/?p=14918"},"modified":"2012-08-01T11:30:29","modified_gmt":"2012-08-01T11:30:29","slug":"4-millones-y-medio-de-incremento-presupuestario","status":"publish","type":"post","link":"https:\/\/www.hoymercedes.com.ar\/principal\/2012\/08\/01\/4-millones-y-medio-de-incremento-presupuestario\/","title":{"rendered":"4 millones y medio de incremento presupuestario"},"content":{"rendered":"<p>El pedido del Departamento Ejecutivo finalmente lleg\u00f3 al Concejo Deliberante siendo en la sesi\u00f3n del lunes girado a la comisi\u00f3n de Econom\u00eda y Hacienda para efectuar su\u00a0tratamiento, propuestas, etc.<\/p>\n<p>El pedido del ejecutivo se llev\u00f3 a cabo al filo de la sesi\u00f3n quedando en 4 millones y medio de pesos que se utilizar\u00e1n desde dos fuentes de origen. Una de ellas es el ahorro de ejercicios anteriores de los cuales se tomar\u00e1n casi dos millones y medios mientras que los otros dos millones ser\u00e1n parte de una proyecci\u00f3n efectuada en relaci\u00f3n al incremento de la recaudaci\u00f3n dentro del segundo semestre donde hay tasas en las que ya se han visto mejoras en los niveles de recaudaci\u00f3n.<\/p>\n<p>El tema quedar\u00e1 cerrado en la pr\u00f3xima sesi\u00f3n del Cuerpo Deliberativo.<\/p>\n","protected":false},"excerpt":{"rendered":"<p>El pedido del Departamento Ejecutivo finalmente lleg\u00f3 al Concejo Deliberante siendo en la sesi\u00f3n del lunes girado a la comisi\u00f3n &#8230; <a title=\"4 millones y medio de incremento presupuestario\" class=\"read-more\" href=\"https:\/\/www.hoymercedes.com.ar\/principal\/2012\/08\/01\/4-millones-y-medio-de-incremento-presupuestario\/\" aria-label=\"Leer m\u00e1s sobre 4 millones y medio de incremento presupuestario\">Leer m\u00e1s<\/a><\/p>\n","protected":false},"author":1,"featured_media":0,"comment_status":"open","ping_status":"open","sticky":false,"template":"","format":"standard","meta":{"_monsterinsights_skip_tracking":false,"_monsterinsights_sitenote_active":false,"_monsterinsights_sitenote_note":"","_monsterinsights_sitenote_category":0,"jetpack_post_was_ever_published":false,"_jetpack_newsletter_access":"","_jetpack_dont_email_post_to_subs":false,"_jetpack_newsletter_tier_id":0,"_jetpack_memberships_contains_paywalled_content":false,"_jetpack_memberships_contains_paid_content":false,"footnotes":"","jetpack_publicize_message":"","jetpack_publicize_feature_enabled":true,"jetpack_social_post_already_shared":false,"jetpack_social_options":{"image_generator_settings":{"template":"highway","default_image_id":0,"font":"","enabled":false},"version":2},"_wpas_customize_per_network":false},"categories":[5],"tags":[32],"class_list":["post-14918","post","type-post","status-publish","format-standard","hentry","category-politica","tag-presupuesto-mercedes","generate-columns","tablet-grid-50","mobile-grid-100","grid-parent","grid-50"],"jetpack_publicize_connections":[],"jetpack_featured_media_url":"","wps_subtitle":"","jetpack_sharing_enabled":true,"_links":{"self":[{"href":"https:\/\/www.hoymercedes.com.ar\/principal\/wp-json\/wp\/v2\/posts\/14918","targetHints":{"allow":["GET"]}}],"collection":[{"href":"https:\/\/www.hoymercedes.com.ar\/principal\/wp-json\/wp\/v2\/posts"}],"about":[{"href":"https:\/\/www.hoymercedes.com.ar\/principal\/wp-json\/wp\/v2\/types\/post"}],"author":[{"embeddable":true,"href":"https:\/\/www.hoymercedes.com.ar\/principal\/wp-json\/wp\/v2\/users\/1"}],"replies":[{"embeddable":true,"href":"https:\/\/www.hoymercedes.com.ar\/principal\/wp-json\/wp\/v2\/comments?post=14918"}],"version-history":[{"count":0,"href":"https:\/\/www.hoymercedes.com.ar\/principal\/wp-json\/wp\/v2\/posts\/14918\/revisions"}],"wp:attachment":[{"href":"https:\/\/www.hoymercedes.com.ar\/principal\/wp-json\/wp\/v2\/media?parent=14918"}],"wp:term":[{"taxonomy":"category","embeddable":true,"href":"https:\/\/www.hoymercedes.com.ar\/principal\/wp-json\/wp\/v2\/categories?post=14918"},{"taxonomy":"post_tag","embeddable":true,"href":"https:\/\/www.hoymercedes.com.ar\/principal\/wp-json\/wp\/v2\/tags?post=14918"}],"curies":[{"name":"wp","href":"https:\/\/api.w.org\/{rel}","templated":true}]}}