{"id":149205,"date":"2022-06-08T13:53:55","date_gmt":"2022-06-08T16:53:55","guid":{"rendered":"https:\/\/www.hoymercedes.com.ar\/principal\/?p=149205"},"modified":"2022-06-08T13:53:59","modified_gmt":"2022-06-08T16:53:59","slug":"este-jueves-mercado-en-tu-barrio-llega-a-gowland-agote","status":"publish","type":"post","link":"https:\/\/www.hoymercedes.com.ar\/principal\/2022\/06\/08\/este-jueves-mercado-en-tu-barrio-llega-a-gowland-agote\/","title":{"rendered":"Este jueves Mercado en tu barrio llega a Gowland-Agote \u00a0"},"content":{"rendered":"\n<p>El pr\u00f3ximo jueves 9 de junio estar\u00e1 present\u00e1ndose la feria que vende verduras, panificados, carnes y l\u00e1cteos de Mercado en tu Barrio a precios promocionables, en la zona de Gowland \u2013 Agote. Desde la hora 10 y hasta agotar stock se podr\u00e1 adquirir los dieferentes productos. Tambi\u00e9n en el mismo predio las oficinas municipales, provinciales y nacionales descetralizar\u00e1n su atenci\u00f3n para llegar a los vecinos de la zona. <\/p>\n\n\n<div class=\"wp-block-image\">\n<figure class=\"aligncenter size-full\"><img loading=\"lazy\" decoding=\"async\" width=\"922\" height=\"615\" data-attachment-id=\"149206\" data-permalink=\"https:\/\/www.hoymercedes.com.ar\/principal\/2022\/06\/08\/este-jueves-mercado-en-tu-barrio-llega-a-gowland-agote\/dsc09815\/#main\" data-orig-file=\"https:\/\/www.hoymercedes.com.ar\/principal\/wp-content\/uploads\/2022\/06\/DSC09815.jpg\" data-orig-size=\"922,615\" data-comments-opened=\"0\" data-image-meta=\"{&quot;aperture&quot;:&quot;0&quot;,&quot;credit&quot;:&quot;&quot;,&quot;camera&quot;:&quot;&quot;,&quot;caption&quot;:&quot;&quot;,&quot;created_timestamp&quot;:&quot;0&quot;,&quot;copyright&quot;:&quot;&quot;,&quot;focal_length&quot;:&quot;0&quot;,&quot;iso&quot;:&quot;0&quot;,&quot;shutter_speed&quot;:&quot;0&quot;,&quot;title&quot;:&quot;&quot;,&quot;orientation&quot;:&quot;0&quot;}\" data-image-title=\"DSC09815\" data-image-description=\"\" data-image-caption=\"\" data-large-file=\"https:\/\/www.hoymercedes.com.ar\/principal\/wp-content\/uploads\/2022\/06\/DSC09815.jpg\" src=\"https:\/\/www.hoymercedes.com.ar\/principal\/wp-content\/uploads\/2022\/06\/DSC09815.jpg\" alt=\"\" class=\"wp-image-149206\" srcset=\"https:\/\/www.hoymercedes.com.ar\/principal\/wp-content\/uploads\/2022\/06\/DSC09815.jpg 922w, https:\/\/www.hoymercedes.com.ar\/principal\/wp-content\/uploads\/2022\/06\/DSC09815-630x420.jpg 630w, https:\/\/www.hoymercedes.com.ar\/principal\/wp-content\/uploads\/2022\/06\/DSC09815-150x100.jpg 150w\" sizes=\"auto, (max-width: 922px) 100vw, 922px\" \/><\/figure>\n<\/div>\n\n\n<p>Eugenia C\u00f3dega, quien est\u00e1 al frente del \u00e1rea municipal Defensa del Consumidor explic\u00f3 que el mercado ambulante \u00abrecorre diferentes ciudades con todo lo que es carnes, l\u00e1cteos, pastas, verduras, a precios populares y que estar\u00e1 en Mercedes, en cuanto a la verdura, pudimos sumar a la Uni\u00f3n de Trabajadores de la Tierra (UTT)\u201d. <\/p>\n\n\n\n<p>A su vez, destac\u00f3 que los vecinos de la zona rural podr\u00e1n acercarse para hacer tr\u00e1mites de los organismos oficiales de los distintos estamentos. <\/p>\n\n\n\n<p>Fuente: Prensa Municipal <\/p>\n","protected":false},"excerpt":{"rendered":"<p>El pr\u00f3ximo jueves 9 de junio estar\u00e1 present\u00e1ndose la feria que vende verduras, panificados, carnes y l\u00e1cteos de Mercado en &#8230; <a title=\"Este jueves Mercado en tu barrio llega a Gowland-Agote \u00a0\" class=\"read-more\" href=\"https:\/\/www.hoymercedes.com.ar\/principal\/2022\/06\/08\/este-jueves-mercado-en-tu-barrio-llega-a-gowland-agote\/\" aria-label=\"Leer m\u00e1s sobre Este jueves Mercado en tu barrio llega a Gowland-Agote \u00a0\">Leer m\u00e1s<\/a><\/p>\n","protected":false},"author":1,"featured_media":149206,"comment_status":"closed","ping_status":"open","sticky":false,"template":"","format":"standard","meta":{"_monsterinsights_skip_tracking":false,"_monsterinsights_sitenote_active":false,"_monsterinsights_sitenote_note":"","_monsterinsights_sitenote_category":0,"jetpack_post_was_ever_published":false,"_jetpack_newsletter_access":"","_jetpack_dont_email_post_to_subs":false,"_jetpack_newsletter_tier_id":0,"_jetpack_memberships_contains_paywalled_content":false,"_jetpack_memberships_contains_paid_content":false,"footnotes":"","jetpack_publicize_message":"","jetpack_publicize_feature_enabled":true,"jetpack_social_post_already_shared":true,"jetpack_social_options":{"image_generator_settings":{"template":"highway","default_image_id":0,"font":"","enabled":false},"version":2},"_wpas_customize_per_network":false},"categories":[30],"tags":[244],"class_list":["post-149205","post","type-post","status-publish","format-standard","has-post-thumbnail","hentry","category-municipio","tag-municipio-2","generate-columns","tablet-grid-50","mobile-grid-100","grid-parent","grid-50"],"jetpack_publicize_connections":[],"jetpack_featured_media_url":"https:\/\/www.hoymercedes.com.ar\/principal\/wp-content\/uploads\/2022\/06\/DSC09815.jpg","wps_subtitle":"","jetpack_sharing_enabled":true,"_links":{"self":[{"href":"https:\/\/www.hoymercedes.com.ar\/principal\/wp-json\/wp\/v2\/posts\/149205","targetHints":{"allow":["GET"]}}],"collection":[{"href":"https:\/\/www.hoymercedes.com.ar\/principal\/wp-json\/wp\/v2\/posts"}],"about":[{"href":"https:\/\/www.hoymercedes.com.ar\/principal\/wp-json\/wp\/v2\/types\/post"}],"author":[{"embeddable":true,"href":"https:\/\/www.hoymercedes.com.ar\/principal\/wp-json\/wp\/v2\/users\/1"}],"replies":[{"embeddable":true,"href":"https:\/\/www.hoymercedes.com.ar\/principal\/wp-json\/wp\/v2\/comments?post=149205"}],"version-history":[{"count":0,"href":"https:\/\/www.hoymercedes.com.ar\/principal\/wp-json\/wp\/v2\/posts\/149205\/revisions"}],"wp:featuredmedia":[{"embeddable":true,"href":"https:\/\/www.hoymercedes.com.ar\/principal\/wp-json\/wp\/v2\/media\/149206"}],"wp:attachment":[{"href":"https:\/\/www.hoymercedes.com.ar\/principal\/wp-json\/wp\/v2\/media?parent=149205"}],"wp:term":[{"taxonomy":"category","embeddable":true,"href":"https:\/\/www.hoymercedes.com.ar\/principal\/wp-json\/wp\/v2\/categories?post=149205"},{"taxonomy":"post_tag","embeddable":true,"href":"https:\/\/www.hoymercedes.com.ar\/principal\/wp-json\/wp\/v2\/tags?post=149205"}],"curies":[{"name":"wp","href":"https:\/\/api.w.org\/{rel}","templated":true}]}}