{"id":149213,"date":"2022-06-08T20:12:38","date_gmt":"2022-06-08T23:12:38","guid":{"rendered":"https:\/\/www.hoymercedes.com.ar\/principal\/?p=149213"},"modified":"2022-06-08T20:12:43","modified_gmt":"2022-06-08T23:12:43","slug":"fallece-vecina-en-siniestro-vial","status":"publish","type":"post","link":"https:\/\/www.hoymercedes.com.ar\/principal\/2022\/06\/08\/fallece-vecina-en-siniestro-vial\/","title":{"rendered":"Fallece vecina en siniestro vial"},"content":{"rendered":"\n<p>Cerca del mediod\u00eda Polic\u00eda Comunal y SAME acuden ante la alerta de un siniestro vial en avenida 2 y 109 donde se produce la colisi\u00f3n entre un Cami\u00f3n Mercedes Benz y una motocicleta 1100cc con consecuencias fatales para la mujer que conduc\u00eda el motovehiculo.<\/p>\n\n\n\n<p>La v\u00edctima ten\u00eda 29 a\u00f1os de edad y previo al fatal desenlace fue trasladada al hospital Dubarry. El conductor del cami\u00f3n, de 57 a\u00f1os de edad, ser\u00eda oriundo de 9 de Julio.<\/p>\n\n\n\n<p>Las causas del siniestro son materias de investigaci\u00f3n judicial e interviene la U.F.I N\u00ba4 del Departamento Judicial Mercedes.<\/p>\n","protected":false},"excerpt":{"rendered":"<p>Cerca del mediod\u00eda Polic\u00eda Comunal y SAME acuden ante la alerta de un siniestro vial en avenida 2 y 109 &#8230; <a title=\"Fallece vecina en siniestro vial\" class=\"read-more\" href=\"https:\/\/www.hoymercedes.com.ar\/principal\/2022\/06\/08\/fallece-vecina-en-siniestro-vial\/\" aria-label=\"Leer m\u00e1s sobre Fallece vecina en siniestro vial\">Leer m\u00e1s<\/a><\/p>\n","protected":false},"author":1,"featured_media":93308,"comment_status":"closed","ping_status":"open","sticky":false,"template":"","format":"standard","meta":{"_monsterinsights_skip_tracking":false,"_monsterinsights_sitenote_active":false,"_monsterinsights_sitenote_note":"","_monsterinsights_sitenote_category":0,"jetpack_post_was_ever_published":false,"_jetpack_newsletter_access":"","_jetpack_dont_email_post_to_subs":false,"_jetpack_newsletter_tier_id":0,"_jetpack_memberships_contains_paywalled_content":false,"_jetpack_memberships_contains_paid_content":false,"footnotes":"","jetpack_publicize_message":"","jetpack_publicize_feature_enabled":true,"jetpack_social_post_already_shared":true,"jetpack_social_options":{"image_generator_settings":{"template":"highway","default_image_id":0,"font":"","enabled":false},"version":2},"_wpas_customize_per_network":false},"categories":[85],"tags":[18390,10955,10395],"class_list":["post-149213","post","type-post","status-publish","format-standard","has-post-thumbnail","hentry","category-policial","tag-fallece-vecina","tag-same","tag-siniestro-vial","generate-columns","tablet-grid-50","mobile-grid-100","grid-parent","grid-50"],"jetpack_publicize_connections":[],"jetpack_featured_media_url":"https:\/\/www.hoymercedes.com.ar\/principal\/wp-content\/uploads\/2019\/05\/20-same-provincia.jpg","wps_subtitle":"Dolor ","jetpack_sharing_enabled":true,"_links":{"self":[{"href":"https:\/\/www.hoymercedes.com.ar\/principal\/wp-json\/wp\/v2\/posts\/149213","targetHints":{"allow":["GET"]}}],"collection":[{"href":"https:\/\/www.hoymercedes.com.ar\/principal\/wp-json\/wp\/v2\/posts"}],"about":[{"href":"https:\/\/www.hoymercedes.com.ar\/principal\/wp-json\/wp\/v2\/types\/post"}],"author":[{"embeddable":true,"href":"https:\/\/www.hoymercedes.com.ar\/principal\/wp-json\/wp\/v2\/users\/1"}],"replies":[{"embeddable":true,"href":"https:\/\/www.hoymercedes.com.ar\/principal\/wp-json\/wp\/v2\/comments?post=149213"}],"version-history":[{"count":0,"href":"https:\/\/www.hoymercedes.com.ar\/principal\/wp-json\/wp\/v2\/posts\/149213\/revisions"}],"wp:featuredmedia":[{"embeddable":true,"href":"https:\/\/www.hoymercedes.com.ar\/principal\/wp-json\/wp\/v2\/media\/93308"}],"wp:attachment":[{"href":"https:\/\/www.hoymercedes.com.ar\/principal\/wp-json\/wp\/v2\/media?parent=149213"}],"wp:term":[{"taxonomy":"category","embeddable":true,"href":"https:\/\/www.hoymercedes.com.ar\/principal\/wp-json\/wp\/v2\/categories?post=149213"},{"taxonomy":"post_tag","embeddable":true,"href":"https:\/\/www.hoymercedes.com.ar\/principal\/wp-json\/wp\/v2\/tags?post=149213"}],"curies":[{"name":"wp","href":"https:\/\/api.w.org\/{rel}","templated":true}]}}