{"id":149245,"date":"2022-06-09T15:00:00","date_gmt":"2022-06-09T18:00:00","guid":{"rendered":"https:\/\/www.hoymercedes.com.ar\/principal\/?p=149245"},"modified":"2022-06-09T13:36:08","modified_gmt":"2022-06-09T16:36:08","slug":"lucila-matteucci-presentara-su-primer-libro-de-poemas","status":"publish","type":"post","link":"https:\/\/www.hoymercedes.com.ar\/principal\/2022\/06\/09\/lucila-matteucci-presentara-su-primer-libro-de-poemas\/","title":{"rendered":"Lucila Matteucci presentar\u00e1 su primer libro de poemas"},"content":{"rendered":"\n<p>El venidero s\u00e1bado 11 de junio, 21 horas, La Cultural Dumer ser\u00e1 escenario de la presentaci\u00f3n del libro que la periodista y actriz Lucila Matteucci. \u201cLa excavaci\u00f3n del tiempo\u201d, tal es el t\u00edtulo de libro, es una recopilaci\u00f3n de cincuenta poemas. La presentaci\u00f3n del libro se contextualizar\u00e1 en la Fiesta Sin Nombre en el que participar\u00e1 Fractal con m\u00fasica en vivo. <\/p>\n\n\n<div class=\"wp-block-image\">\n<figure class=\"aligncenter size-full\"><img loading=\"lazy\" decoding=\"async\" width=\"800\" height=\"757\" data-attachment-id=\"149246\" data-permalink=\"https:\/\/www.hoymercedes.com.ar\/principal\/2022\/06\/09\/lucila-matteucci-presentara-su-primer-libro-de-poemas\/whatsapp-image-2022-06-09-at-1-05-19-pm\/#main\" data-orig-file=\"https:\/\/www.hoymercedes.com.ar\/principal\/wp-content\/uploads\/2022\/06\/WhatsApp-Image-2022-06-09-at-1.05.19-PM.jpeg\" data-orig-size=\"800,757\" data-comments-opened=\"0\" data-image-meta=\"{&quot;aperture&quot;:&quot;0&quot;,&quot;credit&quot;:&quot;&quot;,&quot;camera&quot;:&quot;&quot;,&quot;caption&quot;:&quot;&quot;,&quot;created_timestamp&quot;:&quot;0&quot;,&quot;copyright&quot;:&quot;&quot;,&quot;focal_length&quot;:&quot;0&quot;,&quot;iso&quot;:&quot;0&quot;,&quot;shutter_speed&quot;:&quot;0&quot;,&quot;title&quot;:&quot;&quot;,&quot;orientation&quot;:&quot;0&quot;}\" data-image-title=\"WhatsApp Image 2022-06-09 at 1.05.19 PM\" data-image-description=\"\" data-image-caption=\"\" data-large-file=\"https:\/\/www.hoymercedes.com.ar\/principal\/wp-content\/uploads\/2022\/06\/WhatsApp-Image-2022-06-09-at-1.05.19-PM.jpeg\" src=\"https:\/\/www.hoymercedes.com.ar\/principal\/wp-content\/uploads\/2022\/06\/WhatsApp-Image-2022-06-09-at-1.05.19-PM.jpeg\" alt=\"\" class=\"wp-image-149246\" srcset=\"https:\/\/www.hoymercedes.com.ar\/principal\/wp-content\/uploads\/2022\/06\/WhatsApp-Image-2022-06-09-at-1.05.19-PM.jpeg 800w, https:\/\/www.hoymercedes.com.ar\/principal\/wp-content\/uploads\/2022\/06\/WhatsApp-Image-2022-06-09-at-1.05.19-PM-630x596.jpeg 630w, https:\/\/www.hoymercedes.com.ar\/principal\/wp-content\/uploads\/2022\/06\/WhatsApp-Image-2022-06-09-at-1.05.19-PM-150x142.jpeg 150w\" sizes=\"auto, (max-width: 800px) 100vw, 800px\" \/><\/figure>\n<\/div>\n\n\n<p>El libro \u00abLa excavac\u00f3n del tiempo\u00bb de Matteucci fue publicado de manera independiente. Los 50 poemas cuentan con el pr\u00f3logo de la poeta mercedina Ver\u00f3nica Mateo quien adem\u00e1s, acompa\u00f1\u00f3 a Lucila en el proceso editorial. Por su parte, Magdalena Gimenez es la autora de la fotograf\u00eda de tapa y el dise\u00f1o de interior y tapa estuvo a cargo de Mostra Comunicaci\u00f3n.<\/p>\n\n\n\n<p>\u201cLa poes\u00eda de Lucila es urgente como quien dice \u2018ahora\u2019. Esto se mueve, se modifica. No para. No da descanso\u201d, escribe Mateo. \u201cHace un rescate a los recuerdos como punto de partida, necesario y vital, para que la memoria no sea polvo blanco en la mano. Para que las manos sigan hurgando en la tierra, la excavaci\u00f3n del tiempo\u201d, finaliza.<\/p>\n\n\n\n<p>La presentaci\u00f3n tendr\u00e1 lugar en la Cultura Dumer este s\u00e1bado 11 de junio a las 21h de una forma no convencional. La misma se contextualiza dentro de la llamada \u201cFiesta sin nombre\u201d. La misma comenzar\u00e1 con la presentaci\u00f3n de los 50 poemas, a cargo de Ver\u00f3nica Mateo y con la participaci\u00f3n de amigas y escritoras locales. Luego se podr\u00e1 disfrutar de m\u00fasica en vivo a cargo de Fractal para despu\u00e9s disfrutar de una noche de baile y fiesta con m\u00fasica de los \u201890 y \u201800 hasta la actualidad.<\/p>\n\n\n\n<p>La noche, que combinar\u00e1 la propuesta esc\u00e9nica mezcla de percusi\u00f3n (Marcelo Giorgione), sintetizadores y theremin (Sebastian Cirillo) y proyecciones visuales (Anabel Py\u00f1eiro), tendr\u00e1 su momento de baile y celebraci\u00f3n desde las bandejas de Federico Asenzo, adem\u00e1s de peque\u00f1as sorpresas.<\/p>\n\n\n\n<p>El libro estar\u00e1 a la venta esa misma noche, en donde tambi\u00e9n habr\u00e1 servicio de cantina. La Fiesta Sin Nombre tiene un valor de entrada de $500. <\/p>\n\n\n\n<p><\/p>\n","protected":false},"excerpt":{"rendered":"<p>El venidero s\u00e1bado 11 de junio, 21 horas, La Cultural Dumer ser\u00e1 escenario de la presentaci\u00f3n del libro que la &#8230; <a title=\"Lucila Matteucci presentar\u00e1 su primer libro de poemas\" class=\"read-more\" href=\"https:\/\/www.hoymercedes.com.ar\/principal\/2022\/06\/09\/lucila-matteucci-presentara-su-primer-libro-de-poemas\/\" aria-label=\"Leer m\u00e1s sobre Lucila Matteucci presentar\u00e1 su primer libro de poemas\">Leer m\u00e1s<\/a><\/p>\n","protected":false},"author":1,"featured_media":149246,"comment_status":"closed","ping_status":"open","sticky":false,"template":"","format":"standard","meta":{"_monsterinsights_skip_tracking":false,"_monsterinsights_sitenote_active":false,"_monsterinsights_sitenote_note":"","_monsterinsights_sitenote_category":0,"jetpack_post_was_ever_published":false,"_jetpack_newsletter_access":"","_jetpack_dont_email_post_to_subs":false,"_jetpack_newsletter_tier_id":0,"_jetpack_memberships_contains_paywalled_content":false,"_jetpack_memberships_contains_paid_content":false,"footnotes":"","jetpack_publicize_message":"","jetpack_publicize_feature_enabled":true,"jetpack_social_post_already_shared":true,"jetpack_social_options":{"image_generator_settings":{"template":"highway","default_image_id":0,"font":"","enabled":false},"version":2},"_wpas_customize_per_network":false},"categories":[104],"tags":[7805],"class_list":["post-149245","post","type-post","status-publish","format-standard","has-post-thumbnail","hentry","category-cultura","tag-cultura","generate-columns","tablet-grid-50","mobile-grid-100","grid-parent","grid-50"],"jetpack_publicize_connections":[],"jetpack_featured_media_url":"https:\/\/www.hoymercedes.com.ar\/principal\/wp-content\/uploads\/2022\/06\/WhatsApp-Image-2022-06-09-at-1.05.19-PM.jpeg","wps_subtitle":"","jetpack_sharing_enabled":true,"_links":{"self":[{"href":"https:\/\/www.hoymercedes.com.ar\/principal\/wp-json\/wp\/v2\/posts\/149245","targetHints":{"allow":["GET"]}}],"collection":[{"href":"https:\/\/www.hoymercedes.com.ar\/principal\/wp-json\/wp\/v2\/posts"}],"about":[{"href":"https:\/\/www.hoymercedes.com.ar\/principal\/wp-json\/wp\/v2\/types\/post"}],"author":[{"embeddable":true,"href":"https:\/\/www.hoymercedes.com.ar\/principal\/wp-json\/wp\/v2\/users\/1"}],"replies":[{"embeddable":true,"href":"https:\/\/www.hoymercedes.com.ar\/principal\/wp-json\/wp\/v2\/comments?post=149245"}],"version-history":[{"count":0,"href":"https:\/\/www.hoymercedes.com.ar\/principal\/wp-json\/wp\/v2\/posts\/149245\/revisions"}],"wp:featuredmedia":[{"embeddable":true,"href":"https:\/\/www.hoymercedes.com.ar\/principal\/wp-json\/wp\/v2\/media\/149246"}],"wp:attachment":[{"href":"https:\/\/www.hoymercedes.com.ar\/principal\/wp-json\/wp\/v2\/media?parent=149245"}],"wp:term":[{"taxonomy":"category","embeddable":true,"href":"https:\/\/www.hoymercedes.com.ar\/principal\/wp-json\/wp\/v2\/categories?post=149245"},{"taxonomy":"post_tag","embeddable":true,"href":"https:\/\/www.hoymercedes.com.ar\/principal\/wp-json\/wp\/v2\/tags?post=149245"}],"curies":[{"name":"wp","href":"https:\/\/api.w.org\/{rel}","templated":true}]}}