{"id":14928,"date":"2012-08-02T01:13:30","date_gmt":"2012-08-02T01:13:30","guid":{"rendered":"http:\/\/www.hoymercedes.com.ar\/principal\/?p=14928"},"modified":"2012-08-02T01:14:44","modified_gmt":"2012-08-02T01:14:44","slug":"suteba-manifiesta-adhesion-a-actos-por-inicio-de-juicio-por-el-asesinato-de-mariano-ferreyra","status":"publish","type":"post","link":"https:\/\/www.hoymercedes.com.ar\/principal\/2012\/08\/02\/suteba-manifiesta-adhesion-a-actos-por-inicio-de-juicio-por-el-asesinato-de-mariano-ferreyra\/","title":{"rendered":"Suteba manifiesta adhesi\u00f3n a actos por inicio de juicio por el asesinato de Mariano Ferreyra"},"content":{"rendered":"<p>La CTA regional mercedes, S.A de Giles y Suipacha, y el Suteba mercedes, comunican la adhesi\u00f3n y apoyo a las movilizaciones y dem\u00e1s actividades que se realizar\u00e1n ante el inicio del juicio oral a los responsables de la represi\u00f3n y asesinato del Compa\u00f1ero militante Mariano Ferreyra que se llevar\u00e1 a cabo en los tribunales de Comodoro Py el d\u00eda 6 de agosto.<\/p>\n<p>\u201cPara que ning\u00fan crimen quede impune, juicio y castigo a los responsables del asesinato de mariano Ferreyra\u00bb<\/p>\n<p>CTA &#8211; Suteba<\/p>\n<p>Mercedes<\/p>\n<p>&nbsp;<\/p>\n","protected":false},"excerpt":{"rendered":"<p>La CTA regional mercedes, S.A de Giles y Suipacha, y el Suteba mercedes, comunican la adhesi\u00f3n y apoyo a las &#8230; <a title=\"Suteba manifiesta adhesi\u00f3n a actos por inicio de juicio por el asesinato de Mariano Ferreyra\" class=\"read-more\" href=\"https:\/\/www.hoymercedes.com.ar\/principal\/2012\/08\/02\/suteba-manifiesta-adhesion-a-actos-por-inicio-de-juicio-por-el-asesinato-de-mariano-ferreyra\/\" aria-label=\"Leer m\u00e1s sobre Suteba manifiesta adhesi\u00f3n a actos por inicio de juicio por el asesinato de Mariano Ferreyra\">Leer m\u00e1s<\/a><\/p>\n","protected":false},"author":1,"featured_media":0,"comment_status":"open","ping_status":"open","sticky":false,"template":"","format":"standard","meta":{"_monsterinsights_skip_tracking":false,"_monsterinsights_sitenote_active":false,"_monsterinsights_sitenote_note":"","_monsterinsights_sitenote_category":0,"jetpack_post_was_ever_published":false,"_jetpack_newsletter_access":"","_jetpack_dont_email_post_to_subs":false,"_jetpack_newsletter_tier_id":0,"_jetpack_memberships_contains_paywalled_content":false,"_jetpack_memberships_contains_paid_content":false,"footnotes":"","jetpack_publicize_message":"","jetpack_publicize_feature_enabled":true,"jetpack_social_post_already_shared":false,"jetpack_social_options":{"image_generator_settings":{"template":"highway","default_image_id":0,"font":"","enabled":false},"version":2},"_wpas_customize_per_network":false},"categories":[5],"tags":[1217,78],"class_list":["post-14928","post","type-post","status-publish","format-standard","hentry","category-politica","tag-cta-mercedes","tag-suteba-mercedes","generate-columns","tablet-grid-50","mobile-grid-100","grid-parent","grid-50"],"jetpack_publicize_connections":[],"jetpack_featured_media_url":"","wps_subtitle":"","jetpack_sharing_enabled":true,"_links":{"self":[{"href":"https:\/\/www.hoymercedes.com.ar\/principal\/wp-json\/wp\/v2\/posts\/14928","targetHints":{"allow":["GET"]}}],"collection":[{"href":"https:\/\/www.hoymercedes.com.ar\/principal\/wp-json\/wp\/v2\/posts"}],"about":[{"href":"https:\/\/www.hoymercedes.com.ar\/principal\/wp-json\/wp\/v2\/types\/post"}],"author":[{"embeddable":true,"href":"https:\/\/www.hoymercedes.com.ar\/principal\/wp-json\/wp\/v2\/users\/1"}],"replies":[{"embeddable":true,"href":"https:\/\/www.hoymercedes.com.ar\/principal\/wp-json\/wp\/v2\/comments?post=14928"}],"version-history":[{"count":0,"href":"https:\/\/www.hoymercedes.com.ar\/principal\/wp-json\/wp\/v2\/posts\/14928\/revisions"}],"wp:attachment":[{"href":"https:\/\/www.hoymercedes.com.ar\/principal\/wp-json\/wp\/v2\/media?parent=14928"}],"wp:term":[{"taxonomy":"category","embeddable":true,"href":"https:\/\/www.hoymercedes.com.ar\/principal\/wp-json\/wp\/v2\/categories?post=14928"},{"taxonomy":"post_tag","embeddable":true,"href":"https:\/\/www.hoymercedes.com.ar\/principal\/wp-json\/wp\/v2\/tags?post=14928"}],"curies":[{"name":"wp","href":"https:\/\/api.w.org\/{rel}","templated":true}]}}