{"id":149344,"date":"2022-06-11T16:40:36","date_gmt":"2022-06-11T19:40:36","guid":{"rendered":"https:\/\/www.hoymercedes.com.ar\/principal\/?p=149344"},"modified":"2022-06-11T16:40:37","modified_gmt":"2022-06-11T19:40:37","slug":"policia-comunal-dos-allanamientos-y-tres-detenciones","status":"publish","type":"post","link":"https:\/\/www.hoymercedes.com.ar\/principal\/2022\/06\/11\/policia-comunal-dos-allanamientos-y-tres-detenciones\/","title":{"rendered":"Polic\u00eda Comunal: dos allanamientos y tres detenciones"},"content":{"rendered":"\n<figure class=\"wp-block-image size-large\"><img loading=\"lazy\" decoding=\"async\" width=\"1024\" height=\"822\" data-attachment-id=\"149345\" data-permalink=\"https:\/\/www.hoymercedes.com.ar\/principal\/2022\/06\/11\/policia-comunal-dos-allanamientos-y-tres-detenciones\/hurto-de2allanamiento\/#main\" data-orig-file=\"https:\/\/www.hoymercedes.com.ar\/principal\/wp-content\/uploads\/2022\/06\/Hurto-de2Allanamiento.jpeg\" data-orig-size=\"1200,963\" data-comments-opened=\"0\" data-image-meta=\"{&quot;aperture&quot;:&quot;0&quot;,&quot;credit&quot;:&quot;&quot;,&quot;camera&quot;:&quot;&quot;,&quot;caption&quot;:&quot;&quot;,&quot;created_timestamp&quot;:&quot;0&quot;,&quot;copyright&quot;:&quot;&quot;,&quot;focal_length&quot;:&quot;0&quot;,&quot;iso&quot;:&quot;0&quot;,&quot;shutter_speed&quot;:&quot;0&quot;,&quot;title&quot;:&quot;&quot;,&quot;orientation&quot;:&quot;0&quot;}\" data-image-title=\"Hurto-de2Allanamiento\" data-image-description=\"\" data-image-caption=\"\" data-large-file=\"https:\/\/www.hoymercedes.com.ar\/principal\/wp-content\/uploads\/2022\/06\/Hurto-de2Allanamiento-1024x822.jpeg\" src=\"https:\/\/www.hoymercedes.com.ar\/principal\/wp-content\/uploads\/2022\/06\/Hurto-de2Allanamiento-1024x822.jpeg\" alt=\"\" class=\"wp-image-149345\" srcset=\"https:\/\/www.hoymercedes.com.ar\/principal\/wp-content\/uploads\/2022\/06\/Hurto-de2Allanamiento-1024x822.jpeg 1024w, https:\/\/www.hoymercedes.com.ar\/principal\/wp-content\/uploads\/2022\/06\/Hurto-de2Allanamiento-630x506.jpeg 630w, https:\/\/www.hoymercedes.com.ar\/principal\/wp-content\/uploads\/2022\/06\/Hurto-de2Allanamiento-150x120.jpeg 150w, https:\/\/www.hoymercedes.com.ar\/principal\/wp-content\/uploads\/2022\/06\/Hurto-de2Allanamiento.jpeg 1200w\" sizes=\"auto, (max-width: 1024px) 100vw, 1024px\" \/><\/figure>\n\n\n\n<p>La Polic\u00eda Comunal y GTO realizaron allanamientos en barrio Malvinas donde lograron la detenci\u00f3n de tres masculinos sindicados como autores de al menos un hurto. Desde hace unos d\u00edas la Polic\u00eda ven\u00eda efectuando la investigaci\u00f3n que permiti\u00f3, tras la autorizaci\u00f3n de allanamiento del Juzgado de Garant\u00edas N\u00ba2, la detenci\u00f3n de los sujetos.<\/p>\n\n\n\n<p>El operativo no fue \u201csencillo\u201d dado que se concret\u00f3 una fuerte resistencia de los imputados, sobre todo porque dos son hermanos.<\/p>\n\n\n\n<p>As\u00ed y todo, el sigiloso actuar policial, durante la tarde de este viernes, permiti\u00f3 su detenci\u00f3n y puesta a disposici\u00f3n de la justicia.<\/p>\n\n\n\n<p>Los allanamientos fueron dos en la misma zona y con resultado positivo.<\/p>\n\n\n\n<p>Ahora deber\u00e1n rendir cuentas ante la U.F.I N\u00ba5 del Departamento Judicial Mercedes<\/p>\n","protected":false},"excerpt":{"rendered":"<p>La Polic\u00eda Comunal y GTO realizaron allanamientos en barrio Malvinas donde lograron la detenci\u00f3n de tres masculinos sindicados como autores &#8230; <a title=\"Polic\u00eda Comunal: dos allanamientos y tres detenciones\" class=\"read-more\" href=\"https:\/\/www.hoymercedes.com.ar\/principal\/2022\/06\/11\/policia-comunal-dos-allanamientos-y-tres-detenciones\/\" aria-label=\"Leer m\u00e1s sobre Polic\u00eda Comunal: dos allanamientos y tres detenciones\">Leer m\u00e1s<\/a><\/p>\n","protected":false},"author":1,"featured_media":149345,"comment_status":"closed","ping_status":"open","sticky":false,"template":"","format":"standard","meta":{"_monsterinsights_skip_tracking":false,"_monsterinsights_sitenote_active":false,"_monsterinsights_sitenote_note":"","_monsterinsights_sitenote_category":0,"jetpack_post_was_ever_published":false,"_jetpack_newsletter_access":"","_jetpack_dont_email_post_to_subs":false,"_jetpack_newsletter_tier_id":0,"_jetpack_memberships_contains_paywalled_content":false,"_jetpack_memberships_contains_paid_content":false,"footnotes":"","jetpack_publicize_message":"","jetpack_publicize_feature_enabled":true,"jetpack_social_post_already_shared":true,"jetpack_social_options":{"image_generator_settings":{"template":"highway","default_image_id":0,"font":"","enabled":false},"version":2},"_wpas_customize_per_network":false},"categories":[85],"tags":[7125],"class_list":["post-149344","post","type-post","status-publish","format-standard","has-post-thumbnail","hentry","category-policial","tag-allanamientos","generate-columns","tablet-grid-50","mobile-grid-100","grid-parent","grid-50"],"jetpack_publicize_connections":[],"jetpack_featured_media_url":"https:\/\/www.hoymercedes.com.ar\/principal\/wp-content\/uploads\/2022\/06\/Hurto-de2Allanamiento.jpeg","wps_subtitle":"Tras las rejas","jetpack_sharing_enabled":true,"_links":{"self":[{"href":"https:\/\/www.hoymercedes.com.ar\/principal\/wp-json\/wp\/v2\/posts\/149344","targetHints":{"allow":["GET"]}}],"collection":[{"href":"https:\/\/www.hoymercedes.com.ar\/principal\/wp-json\/wp\/v2\/posts"}],"about":[{"href":"https:\/\/www.hoymercedes.com.ar\/principal\/wp-json\/wp\/v2\/types\/post"}],"author":[{"embeddable":true,"href":"https:\/\/www.hoymercedes.com.ar\/principal\/wp-json\/wp\/v2\/users\/1"}],"replies":[{"embeddable":true,"href":"https:\/\/www.hoymercedes.com.ar\/principal\/wp-json\/wp\/v2\/comments?post=149344"}],"version-history":[{"count":0,"href":"https:\/\/www.hoymercedes.com.ar\/principal\/wp-json\/wp\/v2\/posts\/149344\/revisions"}],"wp:featuredmedia":[{"embeddable":true,"href":"https:\/\/www.hoymercedes.com.ar\/principal\/wp-json\/wp\/v2\/media\/149345"}],"wp:attachment":[{"href":"https:\/\/www.hoymercedes.com.ar\/principal\/wp-json\/wp\/v2\/media?parent=149344"}],"wp:term":[{"taxonomy":"category","embeddable":true,"href":"https:\/\/www.hoymercedes.com.ar\/principal\/wp-json\/wp\/v2\/categories?post=149344"},{"taxonomy":"post_tag","embeddable":true,"href":"https:\/\/www.hoymercedes.com.ar\/principal\/wp-json\/wp\/v2\/tags?post=149344"}],"curies":[{"name":"wp","href":"https:\/\/api.w.org\/{rel}","templated":true}]}}