{"id":149352,"date":"2022-06-12T09:44:00","date_gmt":"2022-06-12T12:44:00","guid":{"rendered":"https:\/\/www.hoymercedes.com.ar\/principal\/?p=149352"},"modified":"2022-06-11T16:46:29","modified_gmt":"2022-06-11T19:46:29","slug":"era-buscado-y-logran-detener-a-un-hombre-de-34-anos","status":"publish","type":"post","link":"https:\/\/www.hoymercedes.com.ar\/principal\/2022\/06\/12\/era-buscado-y-logran-detener-a-un-hombre-de-34-anos\/","title":{"rendered":"Era buscado y logran detener a un hombre de 34 a\u00f1os"},"content":{"rendered":"\n<p><\/p>\n\n\n\n<p>En calle 24 y 109 la Polic\u00eda Comunal visualiza en sus actividades habituales de prevenci\u00f3n y control a un masculino que era buscado por la justicia y logra su detenci\u00f3n. El sujeto de 34 a\u00f1os era buscado por \u201crobo agravado\u201d.<\/p>\n\n\n\n<p>Si bien no se obtuvieron detalles de la causa se supo que desde hac\u00eda un tiempo era rastreado por la polic\u00eda y la justicia.<\/p>\n\n\n\n<p>Finalmente, atentos a los diversos requerimientos judiciales, la Polic\u00eda Comunal pudo detenerlo y ponerlo a disposici\u00f3n de la justicia, siendo sindicado de un \u201crobo calificado\u201d.<\/p>\n\n\n\n<p>Ahora deber\u00e1 rendir cuentas ante la U.F.I N\u00ba3 del Departamento Judicial Mercedes.<\/p>\n","protected":false},"excerpt":{"rendered":"<p>En calle 24 y 109 la Polic\u00eda Comunal visualiza en sus actividades habituales de prevenci\u00f3n y control a un masculino &#8230; <a title=\"Era buscado y logran detener a un hombre de 34 a\u00f1os\" class=\"read-more\" href=\"https:\/\/www.hoymercedes.com.ar\/principal\/2022\/06\/12\/era-buscado-y-logran-detener-a-un-hombre-de-34-anos\/\" aria-label=\"Leer m\u00e1s sobre Era buscado y logran detener a un hombre de 34 a\u00f1os\">Leer m\u00e1s<\/a><\/p>\n","protected":false},"author":1,"featured_media":127982,"comment_status":"closed","ping_status":"open","sticky":false,"template":"","format":"standard","meta":{"_monsterinsights_skip_tracking":false,"_monsterinsights_sitenote_active":false,"_monsterinsights_sitenote_note":"","_monsterinsights_sitenote_category":0,"jetpack_post_was_ever_published":false,"_jetpack_newsletter_access":"","_jetpack_dont_email_post_to_subs":false,"_jetpack_newsletter_tier_id":0,"_jetpack_memberships_contains_paywalled_content":false,"_jetpack_memberships_contains_paid_content":false,"footnotes":"","jetpack_publicize_message":"","jetpack_publicize_feature_enabled":true,"jetpack_social_post_already_shared":true,"jetpack_social_options":{"image_generator_settings":{"template":"highway","default_image_id":0,"font":"","enabled":false},"version":2},"_wpas_customize_per_network":false},"categories":[85],"tags":[5766],"class_list":["post-149352","post","type-post","status-publish","format-standard","has-post-thumbnail","hentry","category-policial","tag-policia-comunal","generate-columns","tablet-grid-50","mobile-grid-100","grid-parent","grid-50"],"jetpack_publicize_connections":[],"jetpack_featured_media_url":"https:\/\/www.hoymercedes.com.ar\/principal\/wp-content\/uploads\/2021\/04\/PoliciaComual.jpg","wps_subtitle":"Tras las rejas","jetpack_sharing_enabled":true,"_links":{"self":[{"href":"https:\/\/www.hoymercedes.com.ar\/principal\/wp-json\/wp\/v2\/posts\/149352","targetHints":{"allow":["GET"]}}],"collection":[{"href":"https:\/\/www.hoymercedes.com.ar\/principal\/wp-json\/wp\/v2\/posts"}],"about":[{"href":"https:\/\/www.hoymercedes.com.ar\/principal\/wp-json\/wp\/v2\/types\/post"}],"author":[{"embeddable":true,"href":"https:\/\/www.hoymercedes.com.ar\/principal\/wp-json\/wp\/v2\/users\/1"}],"replies":[{"embeddable":true,"href":"https:\/\/www.hoymercedes.com.ar\/principal\/wp-json\/wp\/v2\/comments?post=149352"}],"version-history":[{"count":0,"href":"https:\/\/www.hoymercedes.com.ar\/principal\/wp-json\/wp\/v2\/posts\/149352\/revisions"}],"wp:featuredmedia":[{"embeddable":true,"href":"https:\/\/www.hoymercedes.com.ar\/principal\/wp-json\/wp\/v2\/media\/127982"}],"wp:attachment":[{"href":"https:\/\/www.hoymercedes.com.ar\/principal\/wp-json\/wp\/v2\/media?parent=149352"}],"wp:term":[{"taxonomy":"category","embeddable":true,"href":"https:\/\/www.hoymercedes.com.ar\/principal\/wp-json\/wp\/v2\/categories?post=149352"},{"taxonomy":"post_tag","embeddable":true,"href":"https:\/\/www.hoymercedes.com.ar\/principal\/wp-json\/wp\/v2\/tags?post=149352"}],"curies":[{"name":"wp","href":"https:\/\/api.w.org\/{rel}","templated":true}]}}