{"id":149360,"date":"2022-06-12T11:09:00","date_gmt":"2022-06-12T14:09:00","guid":{"rendered":"https:\/\/www.hoymercedes.com.ar\/principal\/?p=149360"},"modified":"2022-06-12T12:26:58","modified_gmt":"2022-06-12T15:26:58","slug":"del-lunes-13-al-jueves-16-campana-de-donacion-de-sangre-en-la-plaza-san-martin","status":"publish","type":"post","link":"https:\/\/www.hoymercedes.com.ar\/principal\/2022\/06\/12\/del-lunes-13-al-jueves-16-campana-de-donacion-de-sangre-en-la-plaza-san-martin\/","title":{"rendered":"Del lunes 13 al jueves 16: campa\u00f1a de donaci\u00f3n de sangre en la plaza San Mart\u00edn"},"content":{"rendered":"\n<p>En el marco del D\u00eda Mundial del Donante de Sangre, a celebrarse cada 14 de junio, esta semana, el \u00e1rea de Salud Municipal y el Servicio de Hemoterapia del Hospital Blas L. Dubarry llevar\u00e1 adelante una campa\u00f1a de dadores de sangre. En la Plaza San Mart\u00edn de Mercedes, entre las 8 y las 13 horas, desde el lunes 13 al jueves 16 de junio, se podr\u00e1 donar sangre. <\/p>\n\n\n\n<p>Los requisitos para poder ser donante son los siguientes:<br>-Concurrir con DNI<br>-Tener entre 16 y 65 a\u00f1os<br>-Pesar m\u00e1s de 50 kilos<br>-Sentirse en buen estado de salud<br>-No hace falta estar en ayunas (s\u00f3lo no se debe haber ingerido l\u00e1cteos ni grasas).\u00a0<\/p>\n\n\n\n<p>El Secretario de Salud, N\u00e9stor Pisapia cont\u00f3 que \u201cel Ministerio de Salud de la Naci\u00f3n nos dotar\u00e1 de un cami\u00f3n para realizar las donaciones de sangre, mismo que estar\u00e1 situado en la plaza San Mart\u00edn. Estamos muy contentos, trabajando mancomunadamente con el Servicio de Hemoterapia del Hospital Blas Dubarry, con el objetivo de poder concientizar sobre la importancia de la donaci\u00f3n\u201d.<\/p>\n\n\n\n<p>\u201cDurante la pandemia hubo mucha gente inmovilizada, aislada, se suspendieron todas las que eran cirug\u00edas programadas y ya desde fines del a\u00f1o pasado comenzaron a reactivarse todos los quir\u00f3fanos lo que ha hecho que se genere una demanda muy importante en cuanto al banco de sangre, por lo que es muy importante informar y concientizar sobre la donaci\u00f3n de sangre\u201d se\u00f1al\u00f3 Pisapia. <\/p>\n\n\n\n<p>Asimismo, el Secretario de Salud apunt\u00f3: \u201cestamos tratando de realizar una campa\u00f1a de concientizaci\u00f3n y donaci\u00f3n, como para poder tener el banco de sangre a disposici\u00f3n, uno nunca est\u00e1 exento de necesitar donantes de sangre por alg\u00fan problema quir\u00fargico o que surja y que se tenga que resolver, por lo cual el Banco de Sangre est\u00e1 a disposici\u00f3n de la gente, por lo que nos parece muy importante este acto solidario que hasta puede salvar vidas\u201d.<\/p>\n","protected":false},"excerpt":{"rendered":"<p>En el marco del D\u00eda Mundial del Donante de Sangre, a celebrarse cada 14 de junio, esta semana, el \u00e1rea &#8230; <a title=\"Del lunes 13 al jueves 16: campa\u00f1a de donaci\u00f3n de sangre en la plaza San Mart\u00edn\" class=\"read-more\" href=\"https:\/\/www.hoymercedes.com.ar\/principal\/2022\/06\/12\/del-lunes-13-al-jueves-16-campana-de-donacion-de-sangre-en-la-plaza-san-martin\/\" aria-label=\"Leer m\u00e1s sobre Del lunes 13 al jueves 16: campa\u00f1a de donaci\u00f3n de sangre en la plaza San Mart\u00edn\">Leer m\u00e1s<\/a><\/p>\n","protected":false},"author":1,"featured_media":149361,"comment_status":"closed","ping_status":"open","sticky":false,"template":"","format":"standard","meta":{"_monsterinsights_skip_tracking":false,"_monsterinsights_sitenote_active":false,"_monsterinsights_sitenote_note":"","_monsterinsights_sitenote_category":0,"jetpack_post_was_ever_published":false,"_jetpack_newsletter_access":"","_jetpack_dont_email_post_to_subs":false,"_jetpack_newsletter_tier_id":0,"_jetpack_memberships_contains_paywalled_content":false,"_jetpack_memberships_contains_paid_content":false,"footnotes":"","jetpack_publicize_message":"","jetpack_publicize_feature_enabled":true,"jetpack_social_post_already_shared":true,"jetpack_social_options":{"image_generator_settings":{"template":"highway","default_image_id":0,"font":"","enabled":false},"version":2},"_wpas_customize_per_network":false},"categories":[30],"tags":[244],"class_list":["post-149360","post","type-post","status-publish","format-standard","has-post-thumbnail","hentry","category-municipio","tag-municipio-2","generate-columns","tablet-grid-50","mobile-grid-100","grid-parent","grid-50"],"jetpack_publicize_connections":[],"jetpack_featured_media_url":"https:\/\/www.hoymercedes.com.ar\/principal\/wp-content\/uploads\/2022\/06\/950-2.jpeg","wps_subtitle":"","jetpack_sharing_enabled":true,"_links":{"self":[{"href":"https:\/\/www.hoymercedes.com.ar\/principal\/wp-json\/wp\/v2\/posts\/149360","targetHints":{"allow":["GET"]}}],"collection":[{"href":"https:\/\/www.hoymercedes.com.ar\/principal\/wp-json\/wp\/v2\/posts"}],"about":[{"href":"https:\/\/www.hoymercedes.com.ar\/principal\/wp-json\/wp\/v2\/types\/post"}],"author":[{"embeddable":true,"href":"https:\/\/www.hoymercedes.com.ar\/principal\/wp-json\/wp\/v2\/users\/1"}],"replies":[{"embeddable":true,"href":"https:\/\/www.hoymercedes.com.ar\/principal\/wp-json\/wp\/v2\/comments?post=149360"}],"version-history":[{"count":0,"href":"https:\/\/www.hoymercedes.com.ar\/principal\/wp-json\/wp\/v2\/posts\/149360\/revisions"}],"wp:featuredmedia":[{"embeddable":true,"href":"https:\/\/www.hoymercedes.com.ar\/principal\/wp-json\/wp\/v2\/media\/149361"}],"wp:attachment":[{"href":"https:\/\/www.hoymercedes.com.ar\/principal\/wp-json\/wp\/v2\/media?parent=149360"}],"wp:term":[{"taxonomy":"category","embeddable":true,"href":"https:\/\/www.hoymercedes.com.ar\/principal\/wp-json\/wp\/v2\/categories?post=149360"},{"taxonomy":"post_tag","embeddable":true,"href":"https:\/\/www.hoymercedes.com.ar\/principal\/wp-json\/wp\/v2\/tags?post=149360"}],"curies":[{"name":"wp","href":"https:\/\/api.w.org\/{rel}","templated":true}]}}