{"id":149391,"date":"2022-06-13T09:24:00","date_gmt":"2022-06-13T12:24:00","guid":{"rendered":"https:\/\/www.hoymercedes.com.ar\/principal\/?p=149391"},"modified":"2022-06-13T11:40:20","modified_gmt":"2022-06-13T14:40:20","slug":"avanza-la-remodelacion-del-tren-turistico","status":"publish","type":"post","link":"https:\/\/www.hoymercedes.com.ar\/principal\/2022\/06\/13\/avanza-la-remodelacion-del-tren-turistico\/","title":{"rendered":"Avanza la remodelaci\u00f3n del tren tur\u00edstico"},"content":{"rendered":"\n<p>Desde el Municipio de Mercedes informaron que el intendente Juan Ignacio Ustarroz se reuni\u00f3 con Dami\u00e1n Contreras, de Trenes Argentinos Capital Humano. Ambos, recorrieron los trabajos que se est\u00e1n realizando en el tren tur\u00edstico, con el objetivo de acondicionarlo para su funcionamiento. <\/p>\n\n\n\n<p>De acuerdo a la informaci\u00f3n municipal, el 25 de junio, aniversario de los or\u00edgenes de Mercedes, el tren tur\u00edstico comenzar\u00eda a funcionar uniendo la estaci\u00f3n de La Trocha con Altamira y Tom\u00e1s Jofr\u00e9, y as\u00ed \u00abimpulsar el turismo\u00bb y se \u00abdesarrolle la econom\u00eda regional\u00bb.<\/p>\n\n\n<div class=\"wp-block-image\">\n<figure class=\"aligncenter size-full\"><img loading=\"lazy\" decoding=\"async\" width=\"800\" height=\"533\" data-attachment-id=\"149392\" data-permalink=\"https:\/\/www.hoymercedes.com.ar\/principal\/2022\/06\/13\/avanza-la-remodelacion-del-tren-turistico\/photo_2022-06-09_18-30-13\/#main\" data-orig-file=\"https:\/\/www.hoymercedes.com.ar\/principal\/wp-content\/uploads\/2022\/06\/photo_2022-06-09_18-30-13.jpg\" data-orig-size=\"800,533\" data-comments-opened=\"0\" data-image-meta=\"{&quot;aperture&quot;:&quot;0&quot;,&quot;credit&quot;:&quot;&quot;,&quot;camera&quot;:&quot;&quot;,&quot;caption&quot;:&quot;&quot;,&quot;created_timestamp&quot;:&quot;1655119422&quot;,&quot;copyright&quot;:&quot;&quot;,&quot;focal_length&quot;:&quot;0&quot;,&quot;iso&quot;:&quot;0&quot;,&quot;shutter_speed&quot;:&quot;0&quot;,&quot;title&quot;:&quot;&quot;,&quot;orientation&quot;:&quot;1&quot;}\" data-image-title=\"photo_2022-06-09_18-30-13\" data-image-description=\"\" data-image-caption=\"\" data-large-file=\"https:\/\/www.hoymercedes.com.ar\/principal\/wp-content\/uploads\/2022\/06\/photo_2022-06-09_18-30-13.jpg\" src=\"https:\/\/www.hoymercedes.com.ar\/principal\/wp-content\/uploads\/2022\/06\/photo_2022-06-09_18-30-13.jpg\" alt=\"\" class=\"wp-image-149392\" srcset=\"https:\/\/www.hoymercedes.com.ar\/principal\/wp-content\/uploads\/2022\/06\/photo_2022-06-09_18-30-13.jpg 800w, https:\/\/www.hoymercedes.com.ar\/principal\/wp-content\/uploads\/2022\/06\/photo_2022-06-09_18-30-13-630x420.jpg 630w, https:\/\/www.hoymercedes.com.ar\/principal\/wp-content\/uploads\/2022\/06\/photo_2022-06-09_18-30-13-150x100.jpg 150w, https:\/\/www.hoymercedes.com.ar\/principal\/wp-content\/uploads\/2022\/06\/photo_2022-06-09_18-30-13-700x465.jpg 700w\" sizes=\"auto, (max-width: 800px) 100vw, 800px\" \/><\/figure>\n<\/div>","protected":false},"excerpt":{"rendered":"<p>Desde el Municipio de Mercedes informaron que el intendente Juan Ignacio Ustarroz se reuni\u00f3 con Dami\u00e1n Contreras, de Trenes Argentinos &#8230; <a title=\"Avanza la remodelaci\u00f3n del tren tur\u00edstico\" class=\"read-more\" href=\"https:\/\/www.hoymercedes.com.ar\/principal\/2022\/06\/13\/avanza-la-remodelacion-del-tren-turistico\/\" aria-label=\"Leer m\u00e1s sobre Avanza la remodelaci\u00f3n del tren tur\u00edstico\">Leer m\u00e1s<\/a><\/p>\n","protected":false},"author":1,"featured_media":149392,"comment_status":"closed","ping_status":"open","sticky":false,"template":"","format":"standard","meta":{"_monsterinsights_skip_tracking":false,"_monsterinsights_sitenote_active":false,"_monsterinsights_sitenote_note":"","_monsterinsights_sitenote_category":0,"jetpack_post_was_ever_published":false,"_jetpack_newsletter_access":"","_jetpack_dont_email_post_to_subs":false,"_jetpack_newsletter_tier_id":0,"_jetpack_memberships_contains_paywalled_content":false,"_jetpack_memberships_contains_paid_content":false,"footnotes":"","jetpack_publicize_message":"","jetpack_publicize_feature_enabled":true,"jetpack_social_post_already_shared":true,"jetpack_social_options":{"image_generator_settings":{"template":"highway","default_image_id":0,"font":"","enabled":false},"version":2},"_wpas_customize_per_network":false},"categories":[30],"tags":[244],"class_list":["post-149391","post","type-post","status-publish","format-standard","has-post-thumbnail","hentry","category-municipio","tag-municipio-2","generate-columns","tablet-grid-50","mobile-grid-100","grid-parent","grid-50"],"jetpack_publicize_connections":[],"jetpack_featured_media_url":"https:\/\/www.hoymercedes.com.ar\/principal\/wp-content\/uploads\/2022\/06\/photo_2022-06-09_18-30-13.jpg","wps_subtitle":"","jetpack_sharing_enabled":true,"_links":{"self":[{"href":"https:\/\/www.hoymercedes.com.ar\/principal\/wp-json\/wp\/v2\/posts\/149391","targetHints":{"allow":["GET"]}}],"collection":[{"href":"https:\/\/www.hoymercedes.com.ar\/principal\/wp-json\/wp\/v2\/posts"}],"about":[{"href":"https:\/\/www.hoymercedes.com.ar\/principal\/wp-json\/wp\/v2\/types\/post"}],"author":[{"embeddable":true,"href":"https:\/\/www.hoymercedes.com.ar\/principal\/wp-json\/wp\/v2\/users\/1"}],"replies":[{"embeddable":true,"href":"https:\/\/www.hoymercedes.com.ar\/principal\/wp-json\/wp\/v2\/comments?post=149391"}],"version-history":[{"count":0,"href":"https:\/\/www.hoymercedes.com.ar\/principal\/wp-json\/wp\/v2\/posts\/149391\/revisions"}],"wp:featuredmedia":[{"embeddable":true,"href":"https:\/\/www.hoymercedes.com.ar\/principal\/wp-json\/wp\/v2\/media\/149392"}],"wp:attachment":[{"href":"https:\/\/www.hoymercedes.com.ar\/principal\/wp-json\/wp\/v2\/media?parent=149391"}],"wp:term":[{"taxonomy":"category","embeddable":true,"href":"https:\/\/www.hoymercedes.com.ar\/principal\/wp-json\/wp\/v2\/categories?post=149391"},{"taxonomy":"post_tag","embeddable":true,"href":"https:\/\/www.hoymercedes.com.ar\/principal\/wp-json\/wp\/v2\/tags?post=149391"}],"curies":[{"name":"wp","href":"https:\/\/api.w.org\/{rel}","templated":true}]}}