{"id":149407,"date":"2022-06-13T14:39:00","date_gmt":"2022-06-13T17:39:00","guid":{"rendered":"https:\/\/www.hoymercedes.com.ar\/principal\/?p=149407"},"modified":"2022-06-13T20:48:26","modified_gmt":"2022-06-13T23:48:26","slug":"ultimando-detalles-en-la-obra-del-centro-de-dia-villa-juanita","status":"publish","type":"post","link":"https:\/\/www.hoymercedes.com.ar\/principal\/2022\/06\/13\/ultimando-detalles-en-la-obra-del-centro-de-dia-villa-juanita\/","title":{"rendered":"Ultimando detalles en la obra del Centro de D\u00eda \u00abVilla Juanita\u00bb"},"content":{"rendered":"\n<p>La obra del Centro de D\u00eda \u201cVilla Juanita\u201d est\u00e1 en etapa de la realizaci\u00f3n de \u00ablos detalles tras la finalizaci\u00f3n de todo lo grueso\u201d de la construcci\u00f3n, explican desde el Municipio de Mercedes en su informe de prensa. <\/p>\n\n\n\n<p>En la informaci\u00f3n oficial, recuerdan que en el predio donado por una vecina est\u00e1n construyendo un Centro de D\u00eda para Adultos Mayores. \u00abUn espacio que brindar\u00e1 contenci\u00f3n y asistencia a todas aquellas personas en situaci\u00f3n de vulnerabilidad, por su edad y situaci\u00f3n social\u201d, expresan desde el \u00e1rea. <\/p>\n\n\n\n<p>Recorrieron la obra, el Secretario de Salud, Dr N\u00e9stor Pisapia, junto a sus equipos t\u00e9cnicos, y la Directora de Adultos Mayores, Victoria O&#8217;Dell. . <\/p>\n\n\n<div class=\"wp-block-image\">\n<figure class=\"aligncenter size-full\"><img loading=\"lazy\" decoding=\"async\" width=\"847\" height=\"615\" data-attachment-id=\"149408\" data-permalink=\"https:\/\/www.hoymercedes.com.ar\/principal\/2022\/06\/13\/ultimando-detalles-en-la-obra-del-centro-de-dia-villa-juanita\/dsc04293\/#main\" data-orig-file=\"https:\/\/www.hoymercedes.com.ar\/principal\/wp-content\/uploads\/2022\/06\/DSC04293.jpg\" data-orig-size=\"847,615\" data-comments-opened=\"0\" data-image-meta=\"{&quot;aperture&quot;:&quot;0&quot;,&quot;credit&quot;:&quot;&quot;,&quot;camera&quot;:&quot;&quot;,&quot;caption&quot;:&quot;&quot;,&quot;created_timestamp&quot;:&quot;0&quot;,&quot;copyright&quot;:&quot;&quot;,&quot;focal_length&quot;:&quot;0&quot;,&quot;iso&quot;:&quot;0&quot;,&quot;shutter_speed&quot;:&quot;0&quot;,&quot;title&quot;:&quot;&quot;,&quot;orientation&quot;:&quot;0&quot;}\" data-image-title=\"DSC04293\" data-image-description=\"\" data-image-caption=\"\" data-large-file=\"https:\/\/www.hoymercedes.com.ar\/principal\/wp-content\/uploads\/2022\/06\/DSC04293.jpg\" src=\"https:\/\/www.hoymercedes.com.ar\/principal\/wp-content\/uploads\/2022\/06\/DSC04293.jpg\" alt=\"\" class=\"wp-image-149408\" srcset=\"https:\/\/www.hoymercedes.com.ar\/principal\/wp-content\/uploads\/2022\/06\/DSC04293.jpg 847w, https:\/\/www.hoymercedes.com.ar\/principal\/wp-content\/uploads\/2022\/06\/DSC04293-630x457.jpg 630w, https:\/\/www.hoymercedes.com.ar\/principal\/wp-content\/uploads\/2022\/06\/DSC04293-150x109.jpg 150w\" sizes=\"auto, (max-width: 847px) 100vw, 847px\" \/><\/figure>\n<\/div>\n\n\n<p><\/p>\n","protected":false},"excerpt":{"rendered":"<p>La obra del Centro de D\u00eda \u201cVilla Juanita\u201d est\u00e1 en etapa de la realizaci\u00f3n de \u00ablos detalles tras la finalizaci\u00f3n &#8230; <a title=\"Ultimando detalles en la obra del Centro de D\u00eda \u00abVilla Juanita\u00bb\" class=\"read-more\" href=\"https:\/\/www.hoymercedes.com.ar\/principal\/2022\/06\/13\/ultimando-detalles-en-la-obra-del-centro-de-dia-villa-juanita\/\" aria-label=\"Leer m\u00e1s sobre Ultimando detalles en la obra del Centro de D\u00eda \u00abVilla Juanita\u00bb\">Leer m\u00e1s<\/a><\/p>\n","protected":false},"author":1,"featured_media":149408,"comment_status":"closed","ping_status":"open","sticky":false,"template":"","format":"standard","meta":{"_monsterinsights_skip_tracking":false,"_monsterinsights_sitenote_active":false,"_monsterinsights_sitenote_note":"","_monsterinsights_sitenote_category":0,"jetpack_post_was_ever_published":false,"_jetpack_newsletter_access":"","_jetpack_dont_email_post_to_subs":false,"_jetpack_newsletter_tier_id":0,"_jetpack_memberships_contains_paywalled_content":false,"_jetpack_memberships_contains_paid_content":false,"footnotes":"","jetpack_publicize_message":"","jetpack_publicize_feature_enabled":true,"jetpack_social_post_already_shared":true,"jetpack_social_options":{"image_generator_settings":{"template":"highway","default_image_id":0,"font":"","enabled":false},"version":2},"_wpas_customize_per_network":false},"categories":[30],"tags":[244],"class_list":["post-149407","post","type-post","status-publish","format-standard","has-post-thumbnail","hentry","category-municipio","tag-municipio-2","generate-columns","tablet-grid-50","mobile-grid-100","grid-parent","grid-50"],"jetpack_publicize_connections":[],"jetpack_featured_media_url":"https:\/\/www.hoymercedes.com.ar\/principal\/wp-content\/uploads\/2022\/06\/DSC04293.jpg","wps_subtitle":"","jetpack_sharing_enabled":true,"_links":{"self":[{"href":"https:\/\/www.hoymercedes.com.ar\/principal\/wp-json\/wp\/v2\/posts\/149407","targetHints":{"allow":["GET"]}}],"collection":[{"href":"https:\/\/www.hoymercedes.com.ar\/principal\/wp-json\/wp\/v2\/posts"}],"about":[{"href":"https:\/\/www.hoymercedes.com.ar\/principal\/wp-json\/wp\/v2\/types\/post"}],"author":[{"embeddable":true,"href":"https:\/\/www.hoymercedes.com.ar\/principal\/wp-json\/wp\/v2\/users\/1"}],"replies":[{"embeddable":true,"href":"https:\/\/www.hoymercedes.com.ar\/principal\/wp-json\/wp\/v2\/comments?post=149407"}],"version-history":[{"count":0,"href":"https:\/\/www.hoymercedes.com.ar\/principal\/wp-json\/wp\/v2\/posts\/149407\/revisions"}],"wp:featuredmedia":[{"embeddable":true,"href":"https:\/\/www.hoymercedes.com.ar\/principal\/wp-json\/wp\/v2\/media\/149408"}],"wp:attachment":[{"href":"https:\/\/www.hoymercedes.com.ar\/principal\/wp-json\/wp\/v2\/media?parent=149407"}],"wp:term":[{"taxonomy":"category","embeddable":true,"href":"https:\/\/www.hoymercedes.com.ar\/principal\/wp-json\/wp\/v2\/categories?post=149407"},{"taxonomy":"post_tag","embeddable":true,"href":"https:\/\/www.hoymercedes.com.ar\/principal\/wp-json\/wp\/v2\/tags?post=149407"}],"curies":[{"name":"wp","href":"https:\/\/api.w.org\/{rel}","templated":true}]}}