{"id":149410,"date":"2022-06-13T15:50:00","date_gmt":"2022-06-13T18:50:00","guid":{"rendered":"https:\/\/www.hoymercedes.com.ar\/principal\/?p=149410"},"modified":"2022-06-13T20:58:08","modified_gmt":"2022-06-13T23:58:08","slug":"lanzan-concurso-literario-mercedes-atr","status":"publish","type":"post","link":"https:\/\/www.hoymercedes.com.ar\/principal\/2022\/06\/13\/lanzan-concurso-literario-mercedes-atr\/","title":{"rendered":"Lanzan concurso literario \u00abMercedes ATR\u00bb"},"content":{"rendered":"\n<p>El Municipio de Mercedes y la SENAF (Secretar\u00eda Nacional de Ni\u00f1ez, Adolescencia y Familia) anunciaron el Primer Concurso Literario \u201cMercedes ATR\u201d para adolescencias y juventudes. Es un concurso de cuentos cortos para j\u00f3venes de entre 12 y 20 a\u00f1os de edad. La recepci\u00f3n de obras ser\u00e1 hasta el 15 de junio inclusive en el MAMM, donde se puede tener m\u00e1s informaci\u00f3n sobre el certamen (calle 23 N\u00b0 383 o al tel\u00e9fono 435368).\u00a0\u00a0\u00a0\u00a0<\/p>\n\n\n\n<figure class=\"wp-block-image size-full\"><img loading=\"lazy\" decoding=\"async\" width=\"922\" height=\"615\" data-attachment-id=\"149411\" data-permalink=\"https:\/\/www.hoymercedes.com.ar\/principal\/2022\/06\/13\/lanzan-concurso-literario-mercedes-atr\/dsc05299\/#main\" data-orig-file=\"https:\/\/www.hoymercedes.com.ar\/principal\/wp-content\/uploads\/2022\/06\/DSC05299.jpg\" data-orig-size=\"922,615\" data-comments-opened=\"0\" data-image-meta=\"{&quot;aperture&quot;:&quot;0&quot;,&quot;credit&quot;:&quot;&quot;,&quot;camera&quot;:&quot;&quot;,&quot;caption&quot;:&quot;&quot;,&quot;created_timestamp&quot;:&quot;0&quot;,&quot;copyright&quot;:&quot;&quot;,&quot;focal_length&quot;:&quot;0&quot;,&quot;iso&quot;:&quot;0&quot;,&quot;shutter_speed&quot;:&quot;0&quot;,&quot;title&quot;:&quot;&quot;,&quot;orientation&quot;:&quot;0&quot;}\" data-image-title=\"DSC05299\" data-image-description=\"\" data-image-caption=\"\" data-large-file=\"https:\/\/www.hoymercedes.com.ar\/principal\/wp-content\/uploads\/2022\/06\/DSC05299.jpg\" src=\"https:\/\/www.hoymercedes.com.ar\/principal\/wp-content\/uploads\/2022\/06\/DSC05299.jpg\" alt=\"\" class=\"wp-image-149411\" srcset=\"https:\/\/www.hoymercedes.com.ar\/principal\/wp-content\/uploads\/2022\/06\/DSC05299.jpg 922w, https:\/\/www.hoymercedes.com.ar\/principal\/wp-content\/uploads\/2022\/06\/DSC05299-630x420.jpg 630w, https:\/\/www.hoymercedes.com.ar\/principal\/wp-content\/uploads\/2022\/06\/DSC05299-150x100.jpg 150w\" sizes=\"auto, (max-width: 922px) 100vw, 922px\" \/><\/figure>\n\n\n\n<p>En la informaci\u00f3n municipal, el intendente Juan Ignacio Ustarroz felicit\u00f3 \u201cla articulaci\u00f3n entre las distintas \u00e1reas del municipio y la SENAF (Secretar\u00eda Nacional de Ni\u00f1ez, Adolescencia y Familia) en una problem\u00e1tica compleja y muy sensible, como es el abordaje de la ni\u00f1ez y la adolescencia, pero con muy buenos resultados\u201d. \u00a0<\/p>\n\n\n\n<p>A lo que, de acuerdo a la informaci\u00f3n municipal, Agustina Silvestre, qui\u00e9n est\u00e1 trabajando en el Concurso, agrega: \u201cel objetivo de este concurso es la difusi\u00f3n y promoci\u00f3n de la manifestaci\u00f3n literaria y se har\u00e1 en conjunto con el Museo de Arte y la revista barrial ATR. Quienes quieran saber m\u00e1s sobre el certamen, lo pueden hacer a trav\u00e9s de las redes sociales del Municipio de Mercedes y de la Direcci\u00f3n de Cultura, como as\u00ed tambi\u00e9n, la de ni\u00f1ez y adolescencia\u201d. \u00a0<\/p>\n","protected":false},"excerpt":{"rendered":"<p>El Municipio de Mercedes y la SENAF (Secretar\u00eda Nacional de Ni\u00f1ez, Adolescencia y Familia) anunciaron el Primer Concurso Literario \u201cMercedes &#8230; <a title=\"Lanzan concurso literario \u00abMercedes ATR\u00bb\" class=\"read-more\" href=\"https:\/\/www.hoymercedes.com.ar\/principal\/2022\/06\/13\/lanzan-concurso-literario-mercedes-atr\/\" aria-label=\"Leer m\u00e1s sobre Lanzan concurso literario \u00abMercedes ATR\u00bb\">Leer m\u00e1s<\/a><\/p>\n","protected":false},"author":1,"featured_media":149411,"comment_status":"closed","ping_status":"open","sticky":false,"template":"","format":"standard","meta":{"_monsterinsights_skip_tracking":false,"_monsterinsights_sitenote_active":false,"_monsterinsights_sitenote_note":"","_monsterinsights_sitenote_category":0,"jetpack_post_was_ever_published":false,"_jetpack_newsletter_access":"","_jetpack_dont_email_post_to_subs":false,"_jetpack_newsletter_tier_id":0,"_jetpack_memberships_contains_paywalled_content":false,"_jetpack_memberships_contains_paid_content":false,"footnotes":"","jetpack_publicize_message":"","jetpack_publicize_feature_enabled":true,"jetpack_social_post_already_shared":true,"jetpack_social_options":{"image_generator_settings":{"template":"highway","default_image_id":0,"font":"","enabled":false},"version":2},"_wpas_customize_per_network":false},"categories":[30],"tags":[244],"class_list":["post-149410","post","type-post","status-publish","format-standard","has-post-thumbnail","hentry","category-municipio","tag-municipio-2","generate-columns","tablet-grid-50","mobile-grid-100","grid-parent","grid-50"],"jetpack_publicize_connections":[],"jetpack_featured_media_url":"https:\/\/www.hoymercedes.com.ar\/principal\/wp-content\/uploads\/2022\/06\/DSC05299.jpg","wps_subtitle":"","jetpack_sharing_enabled":true,"_links":{"self":[{"href":"https:\/\/www.hoymercedes.com.ar\/principal\/wp-json\/wp\/v2\/posts\/149410","targetHints":{"allow":["GET"]}}],"collection":[{"href":"https:\/\/www.hoymercedes.com.ar\/principal\/wp-json\/wp\/v2\/posts"}],"about":[{"href":"https:\/\/www.hoymercedes.com.ar\/principal\/wp-json\/wp\/v2\/types\/post"}],"author":[{"embeddable":true,"href":"https:\/\/www.hoymercedes.com.ar\/principal\/wp-json\/wp\/v2\/users\/1"}],"replies":[{"embeddable":true,"href":"https:\/\/www.hoymercedes.com.ar\/principal\/wp-json\/wp\/v2\/comments?post=149410"}],"version-history":[{"count":0,"href":"https:\/\/www.hoymercedes.com.ar\/principal\/wp-json\/wp\/v2\/posts\/149410\/revisions"}],"wp:featuredmedia":[{"embeddable":true,"href":"https:\/\/www.hoymercedes.com.ar\/principal\/wp-json\/wp\/v2\/media\/149411"}],"wp:attachment":[{"href":"https:\/\/www.hoymercedes.com.ar\/principal\/wp-json\/wp\/v2\/media?parent=149410"}],"wp:term":[{"taxonomy":"category","embeddable":true,"href":"https:\/\/www.hoymercedes.com.ar\/principal\/wp-json\/wp\/v2\/categories?post=149410"},{"taxonomy":"post_tag","embeddable":true,"href":"https:\/\/www.hoymercedes.com.ar\/principal\/wp-json\/wp\/v2\/tags?post=149410"}],"curies":[{"name":"wp","href":"https:\/\/api.w.org\/{rel}","templated":true}]}}