{"id":149436,"date":"2022-06-14T15:30:08","date_gmt":"2022-06-14T18:30:08","guid":{"rendered":"https:\/\/www.hoymercedes.com.ar\/principal\/?p=149436"},"modified":"2022-06-14T15:30:12","modified_gmt":"2022-06-14T18:30:12","slug":"lujan-muere-policia-durante-tirote-en-un-procedimiento","status":"publish","type":"post","link":"https:\/\/www.hoymercedes.com.ar\/principal\/2022\/06\/14\/lujan-muere-policia-durante-tirote-en-un-procedimiento\/","title":{"rendered":"Luj\u00e1n: muere polic\u00eda durante tirote en un procedimiento"},"content":{"rendered":"\n<figure class=\"wp-block-image size-large\"><img loading=\"lazy\" decoding=\"async\" width=\"1024\" height=\"576\" data-attachment-id=\"149437\" data-permalink=\"https:\/\/www.hoymercedes.com.ar\/principal\/2022\/06\/14\/lujan-muere-policia-durante-tirote-en-un-procedimiento\/attachment\/59899\/#main\" data-orig-file=\"https:\/\/www.hoymercedes.com.ar\/principal\/wp-content\/uploads\/2022\/06\/59899.jpg\" data-orig-size=\"1280,720\" data-comments-opened=\"0\" data-image-meta=\"{&quot;aperture&quot;:&quot;0&quot;,&quot;credit&quot;:&quot;&quot;,&quot;camera&quot;:&quot;&quot;,&quot;caption&quot;:&quot;&quot;,&quot;created_timestamp&quot;:&quot;0&quot;,&quot;copyright&quot;:&quot;&quot;,&quot;focal_length&quot;:&quot;0&quot;,&quot;iso&quot;:&quot;0&quot;,&quot;shutter_speed&quot;:&quot;0&quot;,&quot;title&quot;:&quot;&quot;,&quot;orientation&quot;:&quot;0&quot;}\" data-image-title=\"59899\" data-image-description=\"\" data-image-caption=\"\" data-large-file=\"https:\/\/www.hoymercedes.com.ar\/principal\/wp-content\/uploads\/2022\/06\/59899-1024x576.jpg\" src=\"https:\/\/www.hoymercedes.com.ar\/principal\/wp-content\/uploads\/2022\/06\/59899-1024x576.jpg\" alt=\"\" class=\"wp-image-149437\" srcset=\"https:\/\/www.hoymercedes.com.ar\/principal\/wp-content\/uploads\/2022\/06\/59899-1024x576.jpg 1024w, https:\/\/www.hoymercedes.com.ar\/principal\/wp-content\/uploads\/2022\/06\/59899-630x354.jpg 630w, https:\/\/www.hoymercedes.com.ar\/principal\/wp-content\/uploads\/2022\/06\/59899-150x84.jpg 150w, https:\/\/www.hoymercedes.com.ar\/principal\/wp-content\/uploads\/2022\/06\/59899.jpg 1280w\" sizes=\"auto, (max-width: 1024px) 100vw, 1024px\" \/><\/figure>\n\n\n\n<p style=\"font-size:24px\">[El Civismo] Un polic\u00eda muerto en un tiroteo en la localidad de Torres. Fue durante un allanamiento realizado esta ma\u00f1ana en busca de un delincuente. Adem\u00e1s, hay otros tres oficiales heridos de gravedad. El delincuente buscado tambi\u00e9n fue herido.<\/p>\n\n\n\n<p style=\"font-size:24px\">Un polic\u00eda de nuestra ciudad muri\u00f3 esta ma\u00f1ana tras ser baleado por un delincuente en el marco de un allanamiento realizado en la localidad de Torres.<\/p>\n\n\n\n<p style=\"font-size:24px\">Seg\u00fan pudo saber EL CIVISMO Digital, la v\u00edctima es el sargento Coll quien muri\u00f3 en el Hospital. Oriundo de nuestra ciudad, quien formaba parte de un operativo para detener a un delincuente de Campana que estaba acusado de violaci\u00f3n, violencia de g\u00e9nero y robo, y se encontraba escondido en una vivienda de Torres. Al verse rodeado por la presencia policial, comenz\u00f3 a disparar.<\/p>\n\n\n\n<p style=\"font-size:24px\">Adem\u00e1s, hay otros tres efectivos policiales heridos, quienes estar\u00edan en grave estado. En el Hospital Municipal se mont\u00f3 un importante operativo y no se descarta que los heridos sean trasladados en helic\u00f3ptero a un sanatorio de mayor complejidad. El delincuente tambi\u00e9n fue alcanzado por una bala de las fuerzas de seguridad.<\/p>\n\n\n\n<p style=\"font-size:24px\">El tr\u00e1nsito en la calle San Mart\u00edn entre Vicente L\u00f3pez y Belgrano debi\u00f3 ser cortado, ante la gran presencia de m\u00f3viles policiales y efectivos de la Bonaerense, donde se registran momentos de profundo dolor ante la muerte del sargento Coll.<\/p>\n\n\n\n<p>Fuente: <a href=\"https:\/\/www.elcivismo.com.ar\/notas\/47426\/un-policia-muerto-en-un-tiroteo-en-la-localidad-de-torres.html\" target=\"_blank\" rel=\"noopener\">https:\/\/www.elcivismo.com.ar\/notas\/47426\/un-policia-muerto-en-un-tiroteo-en-la-localidad-de-torres.html<\/a><\/p>\n","protected":false},"excerpt":{"rendered":"<p>[El Civismo] Un polic\u00eda muerto en un tiroteo en la localidad de Torres. Fue durante un allanamiento realizado esta ma\u00f1ana &#8230; <a title=\"Luj\u00e1n: muere polic\u00eda durante tirote en un procedimiento\" class=\"read-more\" href=\"https:\/\/www.hoymercedes.com.ar\/principal\/2022\/06\/14\/lujan-muere-policia-durante-tirote-en-un-procedimiento\/\" aria-label=\"Leer m\u00e1s sobre Luj\u00e1n: muere polic\u00eda durante tirote en un procedimiento\">Leer m\u00e1s<\/a><\/p>\n","protected":false},"author":1,"featured_media":149437,"comment_status":"closed","ping_status":"open","sticky":false,"template":"","format":"standard","meta":{"_monsterinsights_skip_tracking":false,"_monsterinsights_sitenote_active":false,"_monsterinsights_sitenote_note":"","_monsterinsights_sitenote_category":0,"jetpack_post_was_ever_published":false,"_jetpack_newsletter_access":"","_jetpack_dont_email_post_to_subs":false,"_jetpack_newsletter_tier_id":0,"_jetpack_memberships_contains_paywalled_content":false,"_jetpack_memberships_contains_paid_content":false,"footnotes":"","jetpack_publicize_message":"","jetpack_publicize_feature_enabled":true,"jetpack_social_post_already_shared":true,"jetpack_social_options":{"image_generator_settings":{"template":"highway","default_image_id":0,"font":"","enabled":false},"version":2},"_wpas_customize_per_network":false},"categories":[85],"tags":[18393],"class_list":["post-149436","post","type-post","status-publish","format-standard","has-post-thumbnail","hentry","category-policial","tag-asesinato-de-policia","generate-columns","tablet-grid-50","mobile-grid-100","grid-parent","grid-50"],"jetpack_publicize_connections":[],"jetpack_featured_media_url":"https:\/\/www.hoymercedes.com.ar\/principal\/wp-content\/uploads\/2022\/06\/59899.jpg","wps_subtitle":"Doloroso","jetpack_sharing_enabled":true,"_links":{"self":[{"href":"https:\/\/www.hoymercedes.com.ar\/principal\/wp-json\/wp\/v2\/posts\/149436","targetHints":{"allow":["GET"]}}],"collection":[{"href":"https:\/\/www.hoymercedes.com.ar\/principal\/wp-json\/wp\/v2\/posts"}],"about":[{"href":"https:\/\/www.hoymercedes.com.ar\/principal\/wp-json\/wp\/v2\/types\/post"}],"author":[{"embeddable":true,"href":"https:\/\/www.hoymercedes.com.ar\/principal\/wp-json\/wp\/v2\/users\/1"}],"replies":[{"embeddable":true,"href":"https:\/\/www.hoymercedes.com.ar\/principal\/wp-json\/wp\/v2\/comments?post=149436"}],"version-history":[{"count":0,"href":"https:\/\/www.hoymercedes.com.ar\/principal\/wp-json\/wp\/v2\/posts\/149436\/revisions"}],"wp:featuredmedia":[{"embeddable":true,"href":"https:\/\/www.hoymercedes.com.ar\/principal\/wp-json\/wp\/v2\/media\/149437"}],"wp:attachment":[{"href":"https:\/\/www.hoymercedes.com.ar\/principal\/wp-json\/wp\/v2\/media?parent=149436"}],"wp:term":[{"taxonomy":"category","embeddable":true,"href":"https:\/\/www.hoymercedes.com.ar\/principal\/wp-json\/wp\/v2\/categories?post=149436"},{"taxonomy":"post_tag","embeddable":true,"href":"https:\/\/www.hoymercedes.com.ar\/principal\/wp-json\/wp\/v2\/tags?post=149436"}],"curies":[{"name":"wp","href":"https:\/\/api.w.org\/{rel}","templated":true}]}}