{"id":149457,"date":"2022-06-14T18:45:00","date_gmt":"2022-06-14T21:45:00","guid":{"rendered":"https:\/\/www.hoymercedes.com.ar\/principal\/?p=149457"},"modified":"2022-06-14T20:50:34","modified_gmt":"2022-06-14T23:50:34","slug":"realizaron-nueva-capacitacion-sobre-la-ley-micaela-a-municipales","status":"publish","type":"post","link":"https:\/\/www.hoymercedes.com.ar\/principal\/2022\/06\/14\/realizaron-nueva-capacitacion-sobre-la-ley-micaela-a-municipales\/","title":{"rendered":"Realizaron nueva capacitaci\u00f3n sobre la Ley Micaela a Municipales"},"content":{"rendered":"\n<p>Desde la Direcci\u00f3n de Pol\u00edticas de G\u00e9nero y Diversidad municipal se realiz\u00f3 una nueva entrega de certificados correspondientes a la finalizaci\u00f3n de las capacitaciones enmarcadas dentro de la Ley Micaela que apunta a la erradicaci\u00f3n de la violencia por motivos de g\u00e9nero. En este caso, los certificados fueron otorgados a los trabajadores del Municipio de Mercedes. \u00a0<\/p>\n\n\n<div class=\"wp-block-image\">\n<figure class=\"aligncenter size-full\"><img loading=\"lazy\" decoding=\"async\" width=\"800\" height=\"534\" data-attachment-id=\"149458\" data-permalink=\"https:\/\/www.hoymercedes.com.ar\/principal\/2022\/06\/14\/realizaron-nueva-capacitacion-sobre-la-ley-micaela-a-municipales\/dsc07890\/#main\" data-orig-file=\"https:\/\/www.hoymercedes.com.ar\/principal\/wp-content\/uploads\/2022\/06\/DSC07890.jpg\" data-orig-size=\"800,534\" data-comments-opened=\"0\" data-image-meta=\"{&quot;aperture&quot;:&quot;0&quot;,&quot;credit&quot;:&quot;&quot;,&quot;camera&quot;:&quot;&quot;,&quot;caption&quot;:&quot;&quot;,&quot;created_timestamp&quot;:&quot;0&quot;,&quot;copyright&quot;:&quot;&quot;,&quot;focal_length&quot;:&quot;0&quot;,&quot;iso&quot;:&quot;0&quot;,&quot;shutter_speed&quot;:&quot;0&quot;,&quot;title&quot;:&quot;&quot;,&quot;orientation&quot;:&quot;0&quot;}\" data-image-title=\"DSC07890\" data-image-description=\"\" data-image-caption=\"\" data-large-file=\"https:\/\/www.hoymercedes.com.ar\/principal\/wp-content\/uploads\/2022\/06\/DSC07890.jpg\" src=\"https:\/\/www.hoymercedes.com.ar\/principal\/wp-content\/uploads\/2022\/06\/DSC07890.jpg\" alt=\"\" class=\"wp-image-149458\" srcset=\"https:\/\/www.hoymercedes.com.ar\/principal\/wp-content\/uploads\/2022\/06\/DSC07890.jpg 800w, https:\/\/www.hoymercedes.com.ar\/principal\/wp-content\/uploads\/2022\/06\/DSC07890-630x421.jpg 630w, https:\/\/www.hoymercedes.com.ar\/principal\/wp-content\/uploads\/2022\/06\/DSC07890-150x100.jpg 150w\" sizes=\"auto, (max-width: 800px) 100vw, 800px\" \/><\/figure>\n<\/div>\n\n\n<p>El intendente Juan Ignacio Ustarroz agradeci\u00f3 y celebr\u00f3 \u201cel trabajo de este gran equipo de la Direcci\u00f3n de G\u00e9nero y Diversidades y la gran participaci\u00f3n de todos\u201d. &nbsp;<\/p>\n\n\n\n<p>En este sentido, Ustarroz se\u00f1al\u00f3 \u201cporqu\u00e9 la participaci\u00f3n, porque no hay forma de mejorar si no el pueblo no participa y creo que como Municipio tenemos que dar el ejemplo, as\u00ed como nuestros trabajadores y trabajadoras dan el ejemplo en much\u00edsimos aspectos, algo que hoy la ciudad reconoce\u201d y agreg\u00f3 \u201cyo siempre digo lo mismo, mejoramos gracias al trabajo de todos los d\u00edas de nuestros municipales, as\u00ed que este es un paso muy importante porque esto es lo que muchas veces no se ve, por lo que todos podamos tener cada vez m\u00e1s herramientas para construir una sociedad mejor, sin violencia, con equidad y justicia, creo que es el objetivo de todos los que estamos ac\u00e1\u201d. &nbsp;<\/p>\n\n\n\n<p>\u201cEspero que podamos seguir avanzando por este camino hacia la generaci\u00f3n de una sociedad m\u00e1s justa y equitativa\u201d resalt\u00f3 el intendente Juan Ignacio Ustarroz.&nbsp;&nbsp;&nbsp;&nbsp;<\/p>\n\n\n\n<p>La directora de pol\u00edticas de g\u00e9neros y diversidades, Lic. Guadalupe Gonz\u00e1lez, expres\u00f3 \u201cpara nosotros es sumamente importante que todo el personal municipal est\u00e9 capacitado en cuanto a violencia de g\u00e9nero y sabemos por las chicas de prevenci\u00f3n que estuvieron altamente comprometidos en los encuentros, agradecerles eso\u201d e invit\u00f3 \u201ca todos y a todas para que esto no quede ac\u00e1, todas las reflexiones y que se desplegaron en cada una de las capacitaciones la idea es que cada quien pueda replicarlas hacia cada uno de los \u00e1mbitos donde nos desarrollamos\u201d. &nbsp;<\/p>\n\n\n\n<p>En este sentido, Gonz\u00e1lez, se\u00f1al\u00f3 \u201ceste es un compromiso que es continuo y es para qui\u00e9n en cada uno de sus \u00e1mbitos\u201d y destac\u00f3 \u201cla idea es poder compartir esta entrega de certificados con el intendente Ustarroz y a seguir comprometi\u00e9ndonos a generar una sociedad m\u00e1s justa e igualitaria\u201d. \u00a0<\/p>\n\n\n\n<p>Por Prensa Municipal<\/p>\n","protected":false},"excerpt":{"rendered":"<p>Desde la Direcci\u00f3n de Pol\u00edticas de G\u00e9nero y Diversidad municipal se realiz\u00f3 una nueva entrega de certificados correspondientes a la &#8230; <a title=\"Realizaron nueva capacitaci\u00f3n sobre la Ley Micaela a Municipales\" class=\"read-more\" href=\"https:\/\/www.hoymercedes.com.ar\/principal\/2022\/06\/14\/realizaron-nueva-capacitacion-sobre-la-ley-micaela-a-municipales\/\" aria-label=\"Leer m\u00e1s sobre Realizaron nueva capacitaci\u00f3n sobre la Ley Micaela a Municipales\">Leer m\u00e1s<\/a><\/p>\n","protected":false},"author":1,"featured_media":149458,"comment_status":"closed","ping_status":"open","sticky":false,"template":"","format":"standard","meta":{"_monsterinsights_skip_tracking":false,"_monsterinsights_sitenote_active":false,"_monsterinsights_sitenote_note":"","_monsterinsights_sitenote_category":0,"jetpack_post_was_ever_published":false,"_jetpack_newsletter_access":"","_jetpack_dont_email_post_to_subs":false,"_jetpack_newsletter_tier_id":0,"_jetpack_memberships_contains_paywalled_content":false,"_jetpack_memberships_contains_paid_content":false,"footnotes":"","jetpack_publicize_message":"","jetpack_publicize_feature_enabled":true,"jetpack_social_post_already_shared":true,"jetpack_social_options":{"image_generator_settings":{"template":"highway","default_image_id":0,"font":"","enabled":false},"version":2},"_wpas_customize_per_network":false},"categories":[30],"tags":[244],"class_list":["post-149457","post","type-post","status-publish","format-standard","has-post-thumbnail","hentry","category-municipio","tag-municipio-2","generate-columns","tablet-grid-50","mobile-grid-100","grid-parent","grid-50"],"jetpack_publicize_connections":[],"jetpack_featured_media_url":"https:\/\/www.hoymercedes.com.ar\/principal\/wp-content\/uploads\/2022\/06\/DSC07890.jpg","wps_subtitle":"","jetpack_sharing_enabled":true,"_links":{"self":[{"href":"https:\/\/www.hoymercedes.com.ar\/principal\/wp-json\/wp\/v2\/posts\/149457","targetHints":{"allow":["GET"]}}],"collection":[{"href":"https:\/\/www.hoymercedes.com.ar\/principal\/wp-json\/wp\/v2\/posts"}],"about":[{"href":"https:\/\/www.hoymercedes.com.ar\/principal\/wp-json\/wp\/v2\/types\/post"}],"author":[{"embeddable":true,"href":"https:\/\/www.hoymercedes.com.ar\/principal\/wp-json\/wp\/v2\/users\/1"}],"replies":[{"embeddable":true,"href":"https:\/\/www.hoymercedes.com.ar\/principal\/wp-json\/wp\/v2\/comments?post=149457"}],"version-history":[{"count":0,"href":"https:\/\/www.hoymercedes.com.ar\/principal\/wp-json\/wp\/v2\/posts\/149457\/revisions"}],"wp:featuredmedia":[{"embeddable":true,"href":"https:\/\/www.hoymercedes.com.ar\/principal\/wp-json\/wp\/v2\/media\/149458"}],"wp:attachment":[{"href":"https:\/\/www.hoymercedes.com.ar\/principal\/wp-json\/wp\/v2\/media?parent=149457"}],"wp:term":[{"taxonomy":"category","embeddable":true,"href":"https:\/\/www.hoymercedes.com.ar\/principal\/wp-json\/wp\/v2\/categories?post=149457"},{"taxonomy":"post_tag","embeddable":true,"href":"https:\/\/www.hoymercedes.com.ar\/principal\/wp-json\/wp\/v2\/tags?post=149457"}],"curies":[{"name":"wp","href":"https:\/\/api.w.org\/{rel}","templated":true}]}}