{"id":149460,"date":"2022-06-14T22:05:06","date_gmt":"2022-06-15T01:05:06","guid":{"rendered":"https:\/\/www.hoymercedes.com.ar\/principal\/?p=149460"},"modified":"2022-06-14T22:05:10","modified_gmt":"2022-06-15T01:05:10","slug":"cuatro-aprehendidos-por-tenencia-de-estupefacientes-y-armas-de-guerra","status":"publish","type":"post","link":"https:\/\/www.hoymercedes.com.ar\/principal\/2022\/06\/14\/cuatro-aprehendidos-por-tenencia-de-estupefacientes-y-armas-de-guerra\/","title":{"rendered":"Cuatro aprehendidos por tenencia de estupefacientes  y armas de guerra\u00a0"},"content":{"rendered":"\n<p>En la jornada del 11 de junio del corriente, en el marco de un allanamiento a solicitud del Departamento Judicial de la ciudad de Trenque Lauquen en el barrio Plumas Verdes de Luj\u00e1n se aprehendi\u00f3 a cuatro personas que estar\u00edan\u00a0 vinculadas a la comercializaci\u00f3n de estupefacientes.\u00a0<\/p>\n\n\n\n<p>De acuerdo a lo que pudo conocerse, el operativo se llev\u00f3 a cabo en una casa quinta y ante la presencia de testigos h\u00e1biles, en horas de la ma\u00f1ana, a cargo de la Direcci\u00f3n Departamental de Investigaciones Trenque Lauquen, Direcci\u00f3n Departamental de Investigaciones de Z\u00e1rate \u2013 Campana y Direcci\u00f3n Departamental de Investigaciones Luj\u00e1n a instancias del Juzgado de Garant\u00edas N\u00b0 3 del Departamento Judicial de la ciudad de Trenque Lauquen. <\/p>\n\n\n\n<p>En el marco de la b\u00fasqueda que se llevaba a cabo, los efectivos policiales encontraron a simple vista en el lugar\u00a0 sustancias estupefacientes (coca\u00edna y marihuana),\u00a0 todo ello almacenado con evidentes fines de su posterior distribuci\u00f3n y comercializaci\u00f3n fraccionadas en dosis destinadas a los consumidores. En tanto,\u00a0 se encontraron dos armas de fuego clasificadas como de guerra seg\u00fan la legislaci\u00f3n vigente, m\u00e1s precisamente una Bersa Thunder 9 mil\u00edmetros y una pistola Taurus 9 mil\u00edmetros, una de ellas con numeraci\u00f3n suprimida, cuatro cargadores y 70 proyectiles del mismo calibre.\u00a0<\/p>\n\n\n\n<p>Ello fue comunicado a la Unidad Funcional de Instrucci\u00f3n N.\u00ba 10, descentralizada Luj\u00e1n, y Ayudant\u00eda Fiscal Especializada en Estupefacientes del Departamento Judicial Mercedes que intervinieron en el hecho.&nbsp;<\/p>\n\n\n\n<p>Seg\u00fan pudo saberse, se secuestraron 22 bolsas de nylon que conten\u00edan 4266 envoltorios conteniendo clorhidrato de coca\u00edna (de aproximadamente 0,2 gramos cada uno); otro envoltorio&nbsp; con dos panes de coca\u00edna compacta que pesaron 513,9 gramos y 519,6 gramos; y un tercer embalaje de nylon con 77,8 gramos de marihuana. Adem\u00e1s y junto a esta importante cantidad de drogas los investigadores hallaron otros elementos de fraccionamiento de estupefacientes y relacionados con la modalidad delictiva investigada, entre ellos dos tijeras, packs de bolsas del mismo material que los envoltorios fraccionados encontrados, y bolsas del mismo material cortadas en forma de tiras, 15 tel\u00e9fonos celulares, una importante suma de dinero, una m\u00e1quina de contar dinero, entre otros. Los&nbsp; test orientativos determinaron que las sustancias sospechadas resultaron ser marihuana y coca\u00edna. Tambi\u00e9n se realizaron los pesajes correspondientes que arrojaron las importantes cantidades antes se\u00f1aladas.&nbsp;&nbsp;<\/p>\n\n\n\n<p>Ante estas&nbsp; circunstancias, se procedi\u00f3 al secuestro de los objetos antes referidos y a la aprehensi\u00f3n de urgencia de los all\u00ed presentes, quienes ten\u00edan acceso y disposici\u00f3n de los objetos il\u00edcitos. Se trata de tres mujeres de 42, 53 y 56 a\u00f1os (oriundas de Ciudadela y del Conurbano Oeste) y un hombre de 21 a\u00f1os de Ciudadela. Adem\u00e1s, una de las mujeres aprehendidas contaba con orden de captura por \u201cHomicidio en grado de tentativa\u201d del departamento judicial San Mart\u00edn y contaba con antecedentes penales por robo y secuestro extorsivo.&nbsp;<\/p>\n\n\n\n<p>Los aprehendidos comparecieron ante la&nbsp; agente fiscal en el marco de la audiencia de declaraci\u00f3n en los t\u00e9rminos del art. 308 del C\u00f3digo Procesal Penal en la jornada del lunes 13 del corriente. Fue por el delito de \u201cTenencia de estupefacientes con fines de comercializaci\u00f3n fraccionados en&nbsp;<\/p>\n\n\n\n<p>dosis destinadas directamente a los consumidores agravado por cometerse con la participaci\u00f3n de 3 o m\u00e1s personas\u201d, \u201cTenencia de arma de fuego de guerra sin la debida autorizaci\u00f3n legal\u201d y Encubrimiento por Infracci\u00f3n\u201d y no hicieron uso de su derecho a negarse a declarar.\u00a0<\/p>\n\n\n\n<p>Fuente: Ministerio P\u00fablico Fiscal &#8211; Depto Judicial Mercedes<\/p>\n","protected":false},"excerpt":{"rendered":"<p>En la jornada del 11 de junio del corriente, en el marco de un allanamiento a solicitud del Departamento Judicial &#8230; <a title=\"Cuatro aprehendidos por tenencia de estupefacientes  y armas de guerra\u00a0\" class=\"read-more\" href=\"https:\/\/www.hoymercedes.com.ar\/principal\/2022\/06\/14\/cuatro-aprehendidos-por-tenencia-de-estupefacientes-y-armas-de-guerra\/\" aria-label=\"Leer m\u00e1s sobre Cuatro aprehendidos por tenencia de estupefacientes  y armas de guerra\u00a0\">Leer m\u00e1s<\/a><\/p>\n","protected":false},"author":1,"featured_media":127982,"comment_status":"closed","ping_status":"open","sticky":false,"template":"","format":"standard","meta":{"_monsterinsights_skip_tracking":false,"_monsterinsights_sitenote_active":false,"_monsterinsights_sitenote_note":"","_monsterinsights_sitenote_category":0,"jetpack_post_was_ever_published":false,"_jetpack_newsletter_access":"","_jetpack_dont_email_post_to_subs":false,"_jetpack_newsletter_tier_id":0,"_jetpack_memberships_contains_paywalled_content":false,"_jetpack_memberships_contains_paid_content":false,"footnotes":"","jetpack_publicize_message":"","jetpack_publicize_feature_enabled":true,"jetpack_social_post_already_shared":true,"jetpack_social_options":{"image_generator_settings":{"template":"highway","default_image_id":0,"font":"","enabled":false},"version":2},"_wpas_customize_per_network":false},"categories":[85],"tags":[],"class_list":["post-149460","post","type-post","status-publish","format-standard","has-post-thumbnail","hentry","category-policial","generate-columns","tablet-grid-50","mobile-grid-100","grid-parent","grid-50"],"jetpack_publicize_connections":[],"jetpack_featured_media_url":"https:\/\/www.hoymercedes.com.ar\/principal\/wp-content\/uploads\/2021\/04\/PoliciaComual.jpg","wps_subtitle":"En Luj\u00e1n","jetpack_sharing_enabled":true,"_links":{"self":[{"href":"https:\/\/www.hoymercedes.com.ar\/principal\/wp-json\/wp\/v2\/posts\/149460","targetHints":{"allow":["GET"]}}],"collection":[{"href":"https:\/\/www.hoymercedes.com.ar\/principal\/wp-json\/wp\/v2\/posts"}],"about":[{"href":"https:\/\/www.hoymercedes.com.ar\/principal\/wp-json\/wp\/v2\/types\/post"}],"author":[{"embeddable":true,"href":"https:\/\/www.hoymercedes.com.ar\/principal\/wp-json\/wp\/v2\/users\/1"}],"replies":[{"embeddable":true,"href":"https:\/\/www.hoymercedes.com.ar\/principal\/wp-json\/wp\/v2\/comments?post=149460"}],"version-history":[{"count":0,"href":"https:\/\/www.hoymercedes.com.ar\/principal\/wp-json\/wp\/v2\/posts\/149460\/revisions"}],"wp:featuredmedia":[{"embeddable":true,"href":"https:\/\/www.hoymercedes.com.ar\/principal\/wp-json\/wp\/v2\/media\/127982"}],"wp:attachment":[{"href":"https:\/\/www.hoymercedes.com.ar\/principal\/wp-json\/wp\/v2\/media?parent=149460"}],"wp:term":[{"taxonomy":"category","embeddable":true,"href":"https:\/\/www.hoymercedes.com.ar\/principal\/wp-json\/wp\/v2\/categories?post=149460"},{"taxonomy":"post_tag","embeddable":true,"href":"https:\/\/www.hoymercedes.com.ar\/principal\/wp-json\/wp\/v2\/tags?post=149460"}],"curies":[{"name":"wp","href":"https:\/\/api.w.org\/{rel}","templated":true}]}}