{"id":149491,"date":"2022-06-15T15:25:07","date_gmt":"2022-06-15T18:25:07","guid":{"rendered":"https:\/\/www.hoymercedes.com.ar\/principal\/?p=149491"},"modified":"2022-06-15T15:25:11","modified_gmt":"2022-06-15T18:25:11","slug":"un-aprehendido-por-intento-de-homicidio","status":"publish","type":"post","link":"https:\/\/www.hoymercedes.com.ar\/principal\/2022\/06\/15\/un-aprehendido-por-intento-de-homicidio\/","title":{"rendered":"Un aprehendido por intento de homicidio\u00a0"},"content":{"rendered":"\n<p>En la jornada del viernes \u00faltimo se aprehendi\u00f3 a un sujeto de 22 a\u00f1os luego de que intentara quitarle la vida a su ex suegro utilizando un arma blanca, en la localidad de Bragado.\u00a0<\/p>\n\n\n\n<p>De acuerdo a lo que pudo conocerse, el aprehendido hab\u00eda mantenido una relaci\u00f3n de pareja con una joven y tras finalizar la misma &#8211; por causas de violencia de g\u00e9nero &#8211; se hab\u00eda dispuesto una prohibici\u00f3n de acercamiento y per\u00edmetro tanto para ella como para sus progenitores para con quienes hab\u00eda tenido tambi\u00e9n episodios violentos.&nbsp;<\/p>\n\n\n\n<p>Sin embargo, el pasado viernes 10 de junio, en horas del mediod\u00eda, el imputado desobedeci\u00f3&nbsp;<\/p>\n\n\n\n<p>el per\u00edmetro de acercamiento y acceso impuesto por el Juzgado de Paz Letrado de Bragado, en vigencia, y por el cual se encontraba debidamente notificado. El sujeto se acerc\u00f3 a su ex suegro en calles General Paz entre calles Alicia Moreau de Justo y Quenard a bordo de una motocicleta 110 cc, previo a esgrimirle amenazas de muerte, se abalanz\u00f3 con una cuchilla y lo apu\u00f1al\u00f3 a la altura del abdomen con claras intenciones de darle muerte. Al no lograr r\u00e1pidamente su objetivo continu\u00f3 avanzando sobre este, mientras la v\u00edctima intentaba alejarse del lugar, cuando un vecino ocasional observ\u00f3 lo ocurrido y logr\u00f3 que el atacante depusiera en su actitud y huyera del lugar.&nbsp;<\/p>\n\n\n\n<p>Tras la intervenci\u00f3n policial, ello fue comunicado a la Unidad Funcional de Instrucci\u00f3n N.\u00ba 4 del Departamento Judicial Mercedes que &#8211; en el uso de las facultades que le son propias y tras recabar una serie de elementos en contra del ahora imputado &#8211; dispuso un allanamiento en el domicilio de este. Posteriormente a ello, el sujeto se present\u00f3 de manera espont\u00e1nea en la comisar\u00eda local quedando en car\u00e1cter de aprehendido.&nbsp;<\/p>\n\n\n\n<p>El imputado compareci\u00f3 ante el agente fiscal en el marco de la audiencia de declaraci\u00f3n en los t\u00e9rminos del art. 308 del C\u00f3digo Procesal Penal en la jornada del s\u00e1bado 11 del corriente. Fue por el delito de \u201cHomicidio simple en grado de tentativa en concurso real con desobediencia\u201d e hizo uso de su derecho a negarse a declarar.\u00a0<\/p>\n\n\n\n<p>Fuente: Ministerio P\u00fablico Fiscal &#8211; Depto Judicial Mercedes<\/p>\n","protected":false},"excerpt":{"rendered":"<p>En la jornada del viernes \u00faltimo se aprehendi\u00f3 a un sujeto de 22 a\u00f1os luego de que intentara quitarle la &#8230; <a title=\"Un aprehendido por intento de homicidio\u00a0\" class=\"read-more\" href=\"https:\/\/www.hoymercedes.com.ar\/principal\/2022\/06\/15\/un-aprehendido-por-intento-de-homicidio\/\" aria-label=\"Leer m\u00e1s sobre Un aprehendido por intento de homicidio\u00a0\">Leer m\u00e1s<\/a><\/p>\n","protected":false},"author":1,"featured_media":125642,"comment_status":"closed","ping_status":"open","sticky":false,"template":"","format":"standard","meta":{"_monsterinsights_skip_tracking":false,"_monsterinsights_sitenote_active":false,"_monsterinsights_sitenote_note":"","_monsterinsights_sitenote_category":0,"jetpack_post_was_ever_published":false,"_jetpack_newsletter_access":"","_jetpack_dont_email_post_to_subs":false,"_jetpack_newsletter_tier_id":0,"_jetpack_memberships_contains_paywalled_content":false,"_jetpack_memberships_contains_paid_content":false,"footnotes":"","jetpack_publicize_message":"","jetpack_publicize_feature_enabled":true,"jetpack_social_post_already_shared":true,"jetpack_social_options":{"image_generator_settings":{"template":"highway","default_image_id":0,"font":"","enabled":false},"version":2},"_wpas_customize_per_network":false},"categories":[85],"tags":[],"class_list":["post-149491","post","type-post","status-publish","format-standard","has-post-thumbnail","hentry","category-policial","generate-columns","tablet-grid-50","mobile-grid-100","grid-parent","grid-50"],"jetpack_publicize_connections":[],"jetpack_featured_media_url":"https:\/\/www.hoymercedes.com.ar\/principal\/wp-content\/uploads\/2021\/03\/02-movil-policia.jpg","wps_subtitle":"","jetpack_sharing_enabled":true,"_links":{"self":[{"href":"https:\/\/www.hoymercedes.com.ar\/principal\/wp-json\/wp\/v2\/posts\/149491","targetHints":{"allow":["GET"]}}],"collection":[{"href":"https:\/\/www.hoymercedes.com.ar\/principal\/wp-json\/wp\/v2\/posts"}],"about":[{"href":"https:\/\/www.hoymercedes.com.ar\/principal\/wp-json\/wp\/v2\/types\/post"}],"author":[{"embeddable":true,"href":"https:\/\/www.hoymercedes.com.ar\/principal\/wp-json\/wp\/v2\/users\/1"}],"replies":[{"embeddable":true,"href":"https:\/\/www.hoymercedes.com.ar\/principal\/wp-json\/wp\/v2\/comments?post=149491"}],"version-history":[{"count":0,"href":"https:\/\/www.hoymercedes.com.ar\/principal\/wp-json\/wp\/v2\/posts\/149491\/revisions"}],"wp:featuredmedia":[{"embeddable":true,"href":"https:\/\/www.hoymercedes.com.ar\/principal\/wp-json\/wp\/v2\/media\/125642"}],"wp:attachment":[{"href":"https:\/\/www.hoymercedes.com.ar\/principal\/wp-json\/wp\/v2\/media?parent=149491"}],"wp:term":[{"taxonomy":"category","embeddable":true,"href":"https:\/\/www.hoymercedes.com.ar\/principal\/wp-json\/wp\/v2\/categories?post=149491"},{"taxonomy":"post_tag","embeddable":true,"href":"https:\/\/www.hoymercedes.com.ar\/principal\/wp-json\/wp\/v2\/tags?post=149491"}],"curies":[{"name":"wp","href":"https:\/\/api.w.org\/{rel}","templated":true}]}}