{"id":149493,"date":"2022-06-15T16:50:00","date_gmt":"2022-06-15T19:50:00","guid":{"rendered":"https:\/\/www.hoymercedes.com.ar\/principal\/?p=149493"},"modified":"2022-06-15T15:38:19","modified_gmt":"2022-06-15T18:38:19","slug":"nuevo-encuentro-por-el-perfil-productivo-de-mercedes","status":"publish","type":"post","link":"https:\/\/www.hoymercedes.com.ar\/principal\/2022\/06\/15\/nuevo-encuentro-por-el-perfil-productivo-de-mercedes\/","title":{"rendered":"Nuevo encuentro por el perfil productivo de Mercedes \u00a0"},"content":{"rendered":"\n<p>Informaci\u00f3n Municipal &#8211; Un nuevo encuentro se llev\u00f3 a cabo en torno a la producci\u00f3n de nuestra ciudad. En esta ocasi\u00f3n fue en el SUM del Sector Industrial Planificado e involucr\u00f3 a distintos actores sociales con una amplia participaci\u00f3n. Formaci\u00f3n, capacitaci\u00f3n, generaci\u00f3n de empleo y potenciar la econom\u00eda regional entre los temas tratados. \u00a0<\/p>\n\n\n<div class=\"wp-block-image\">\n<figure class=\"aligncenter size-large is-resized\"><img decoding=\"async\" data-attachment-id=\"149494\" data-permalink=\"https:\/\/www.hoymercedes.com.ar\/principal\/2022\/06\/15\/nuevo-encuentro-por-el-perfil-productivo-de-mercedes\/803-2\/#main\" data-orig-file=\"https:\/\/www.hoymercedes.com.ar\/principal\/wp-content\/uploads\/2022\/06\/803.jpeg\" data-orig-size=\"1600,1200\" data-comments-opened=\"0\" data-image-meta=\"{&quot;aperture&quot;:&quot;0&quot;,&quot;credit&quot;:&quot;&quot;,&quot;camera&quot;:&quot;&quot;,&quot;caption&quot;:&quot;&quot;,&quot;created_timestamp&quot;:&quot;0&quot;,&quot;copyright&quot;:&quot;&quot;,&quot;focal_length&quot;:&quot;0&quot;,&quot;iso&quot;:&quot;0&quot;,&quot;shutter_speed&quot;:&quot;0&quot;,&quot;title&quot;:&quot;&quot;,&quot;orientation&quot;:&quot;0&quot;}\" data-image-title=\"803\" data-image-description=\"\" data-image-caption=\"\" data-large-file=\"https:\/\/www.hoymercedes.com.ar\/principal\/wp-content\/uploads\/2022\/06\/803-1024x768.jpeg\" src=\"https:\/\/www.hoymercedes.com.ar\/principal\/wp-content\/uploads\/2022\/06\/803-1024x768.jpeg\" alt=\"\" class=\"wp-image-149494\" width=\"-114\" height=\"-85\" srcset=\"https:\/\/www.hoymercedes.com.ar\/principal\/wp-content\/uploads\/2022\/06\/803-1024x768.jpeg 1024w, https:\/\/www.hoymercedes.com.ar\/principal\/wp-content\/uploads\/2022\/06\/803-630x473.jpeg 630w, https:\/\/www.hoymercedes.com.ar\/principal\/wp-content\/uploads\/2022\/06\/803-150x113.jpeg 150w, https:\/\/www.hoymercedes.com.ar\/principal\/wp-content\/uploads\/2022\/06\/803-1536x1152.jpeg 1536w, https:\/\/www.hoymercedes.com.ar\/principal\/wp-content\/uploads\/2022\/06\/803.jpeg 1600w\" sizes=\"(max-width: 1024px) 100vw, 1024px\" \/><\/figure>\n<\/div>\n\n\n<p>El ingeniero Patricio Ballesty, director de Producci\u00f3n, coment\u00f3 que \u201cha sido excelente mesa de trabajo donde se volvi\u00f3 a poner \u00e9nfasis en la importancia de trabajar en conjunto y potenciando las capacidades y potencialidades locales\u201d coment\u00f3 y dijo \u201ccontamos la presencia de representantes de la Provincia, que siempre nos apoyan y acompa\u00f1an y sin duda es un valor agradado para poder articular y generar herramientas de gesti\u00f3n y trabajo\u201d dijo &nbsp;<\/p>\n\n\n\n<p>M\u00e1s adelante coment\u00f3 que \u201calgo que siempre nos insta el intendente Ustarroz es a generar espacios de participaci\u00f3n y planificaci\u00f3n con todos los sectores de la ciudad y este encuentro ha sido un gran ejemplo, estamos todos tirando par el mismo lado y orgulloso del clima de trabajo que existe\u201d mencion\u00f3. &nbsp;<\/p>\n\n\n\n<p>Estuvieron presentes Eduardo Mari, director provincial de desarrollo industrial del ministerio de producci\u00f3n, ciencia e innovaci\u00f3n tecnol\u00f3gica, Federico Schcolnik, relacionista de empresas y promoci\u00f3n de empleo del Ministerio de trabajo de la provincia, Sebasti\u00e1n Minadevino, director de centro de formaci\u00f3n profesional n\u00ba401, Xavier Gando.&nbsp;&nbsp;director del centro de formaci\u00f3n profesional N\u00ba402, Griselda Billordo, referente de oficina de empleo, Carolina Galeano, referente de industria desde el \u00e1rea de producci\u00f3n, Juan P\u00e9rez, presidente del consorcio del Sector Industrial Planificado, Ariel Pietrucha, gerente de la C\u00e1mara Econ\u00f3mica Mercedina, Fabi\u00e1n D\u00edaz, delegado del ministerio de trabajo de la provincia y referentes de varias industrias locales, como Qu\u00edmica JP, Tecnovax, y Merplac del grupo Esp\u00edndola. &nbsp;<\/p>\n\n\n\n<p>Desde hace un tiempo la Direcci\u00f3n de Producci\u00f3n viene trabajando en la generaci\u00f3n de un moderno y actualizado perfil productivo de la ciudad, con equipos t\u00e9cnicos y profesionales y \u00e9sta ha sido una nueva y positiva reuni\u00f3n que, adem\u00e1s, busca apuntalar aquellos mecanismos necesarios para generar producci\u00f3n de calidad, empleo e industria nacional. &nbsp;<\/p>\n","protected":false},"excerpt":{"rendered":"<p>Informaci\u00f3n Municipal &#8211; Un nuevo encuentro se llev\u00f3 a cabo en torno a la producci\u00f3n de nuestra ciudad. En esta &#8230; <a title=\"Nuevo encuentro por el perfil productivo de Mercedes \u00a0\" class=\"read-more\" href=\"https:\/\/www.hoymercedes.com.ar\/principal\/2022\/06\/15\/nuevo-encuentro-por-el-perfil-productivo-de-mercedes\/\" aria-label=\"Leer m\u00e1s sobre Nuevo encuentro por el perfil productivo de Mercedes \u00a0\">Leer m\u00e1s<\/a><\/p>\n","protected":false},"author":1,"featured_media":149494,"comment_status":"closed","ping_status":"open","sticky":false,"template":"","format":"standard","meta":{"_monsterinsights_skip_tracking":false,"_monsterinsights_sitenote_active":false,"_monsterinsights_sitenote_note":"","_monsterinsights_sitenote_category":0,"jetpack_post_was_ever_published":false,"_jetpack_newsletter_access":"","_jetpack_dont_email_post_to_subs":false,"_jetpack_newsletter_tier_id":0,"_jetpack_memberships_contains_paywalled_content":false,"_jetpack_memberships_contains_paid_content":false,"footnotes":"","jetpack_publicize_message":"","jetpack_publicize_feature_enabled":true,"jetpack_social_post_already_shared":true,"jetpack_social_options":{"image_generator_settings":{"template":"highway","default_image_id":0,"font":"","enabled":false},"version":2},"_wpas_customize_per_network":false},"categories":[30],"tags":[244],"class_list":["post-149493","post","type-post","status-publish","format-standard","has-post-thumbnail","hentry","category-municipio","tag-municipio-2","generate-columns","tablet-grid-50","mobile-grid-100","grid-parent","grid-50"],"jetpack_publicize_connections":[],"jetpack_featured_media_url":"https:\/\/www.hoymercedes.com.ar\/principal\/wp-content\/uploads\/2022\/06\/803.jpeg","wps_subtitle":"","jetpack_sharing_enabled":true,"_links":{"self":[{"href":"https:\/\/www.hoymercedes.com.ar\/principal\/wp-json\/wp\/v2\/posts\/149493","targetHints":{"allow":["GET"]}}],"collection":[{"href":"https:\/\/www.hoymercedes.com.ar\/principal\/wp-json\/wp\/v2\/posts"}],"about":[{"href":"https:\/\/www.hoymercedes.com.ar\/principal\/wp-json\/wp\/v2\/types\/post"}],"author":[{"embeddable":true,"href":"https:\/\/www.hoymercedes.com.ar\/principal\/wp-json\/wp\/v2\/users\/1"}],"replies":[{"embeddable":true,"href":"https:\/\/www.hoymercedes.com.ar\/principal\/wp-json\/wp\/v2\/comments?post=149493"}],"version-history":[{"count":0,"href":"https:\/\/www.hoymercedes.com.ar\/principal\/wp-json\/wp\/v2\/posts\/149493\/revisions"}],"wp:featuredmedia":[{"embeddable":true,"href":"https:\/\/www.hoymercedes.com.ar\/principal\/wp-json\/wp\/v2\/media\/149494"}],"wp:attachment":[{"href":"https:\/\/www.hoymercedes.com.ar\/principal\/wp-json\/wp\/v2\/media?parent=149493"}],"wp:term":[{"taxonomy":"category","embeddable":true,"href":"https:\/\/www.hoymercedes.com.ar\/principal\/wp-json\/wp\/v2\/categories?post=149493"},{"taxonomy":"post_tag","embeddable":true,"href":"https:\/\/www.hoymercedes.com.ar\/principal\/wp-json\/wp\/v2\/tags?post=149493"}],"curies":[{"name":"wp","href":"https:\/\/api.w.org\/{rel}","templated":true}]}}