{"id":149498,"date":"2022-06-15T21:07:27","date_gmt":"2022-06-16T00:07:27","guid":{"rendered":"https:\/\/www.hoymercedes.com.ar\/principal\/?p=149498"},"modified":"2022-06-15T21:07:31","modified_gmt":"2022-06-16T00:07:31","slug":"15-y-16-de-julio-vuelve-el-paseo-del-vino","status":"publish","type":"post","link":"https:\/\/www.hoymercedes.com.ar\/principal\/2022\/06\/15\/15-y-16-de-julio-vuelve-el-paseo-del-vino\/","title":{"rendered":"15 y 16 de julio: vuelve el paseo del vino"},"content":{"rendered":"\n<p>El Municipio de Mercedes anticip\u00f3 que en el mes de julio se realizar\u00e1 nuevamente el \u00abPaseo del Vino\u00bb. Las fechas elegidas son el 15 y 16 del pr\u00f3ximo mes. Marcas vitivin\u00edcolas y espacios gastron\u00f3micos de la ciudad se unir\u00e1n para el evento que se regir\u00e1 bajo el lema \u00abEl vino del pa\u00eds en la tierra del salame\u00bb. <\/p>\n\n\n\n<p>Mart\u00edn Boragno, director de turismo municipal cont\u00f3 \u201cen el 2019 tuvimos una primera experiencia, donde la idea era que distribuidoras de nuestra ciudad, en este caso P\u00e1ramo y Dionisio, incluyendo bodegas de nuestro pa\u00eds y se le dio a la bebida un soporte de gastronom\u00eda gourmet, todo esto anduvo muy bien. Luego vino la pandemia, no lo pudimos hacer por obvias razones, y ahora estamos dise\u00f1ando lo que ser\u00e1 \u2013el 15 y 16 de julio- el paseo del vino, al cual se sum\u00f3 una nueva distribuidora Malbec\u201d y agreg\u00f3 \u201cdentro del Teatro \u201cJulio C\u00e9sar Gioscio\u201d estar\u00e1 toda la parte del vino y fuera del edificio estar\u00e1 la parte gastron\u00f3mica\u201d.<\/p>\n\n\n\n<p>\u201cVa a ser muy similar a lo que ocurri\u00f3 en el 2019, el formato ser\u00e1 muy similar, y el objetivo es que trabajen las distribuidoras y vinotecas de la ciudad y los 7 espacios gastron\u00f3micos que habr\u00e1 con comida gourmet\u201d se\u00f1al\u00f3 Boragno.<\/p>\n","protected":false},"excerpt":{"rendered":"<p>El Municipio de Mercedes anticip\u00f3 que en el mes de julio se realizar\u00e1 nuevamente el \u00abPaseo del Vino\u00bb. Las fechas &#8230; <a title=\"15 y 16 de julio: vuelve el paseo del vino\" class=\"read-more\" href=\"https:\/\/www.hoymercedes.com.ar\/principal\/2022\/06\/15\/15-y-16-de-julio-vuelve-el-paseo-del-vino\/\" aria-label=\"Leer m\u00e1s sobre 15 y 16 de julio: vuelve el paseo del vino\">Leer m\u00e1s<\/a><\/p>\n","protected":false},"author":1,"featured_media":149499,"comment_status":"closed","ping_status":"open","sticky":false,"template":"","format":"standard","meta":{"_monsterinsights_skip_tracking":false,"_monsterinsights_sitenote_active":false,"_monsterinsights_sitenote_note":"","_monsterinsights_sitenote_category":0,"jetpack_post_was_ever_published":false,"_jetpack_newsletter_access":"","_jetpack_dont_email_post_to_subs":false,"_jetpack_newsletter_tier_id":0,"_jetpack_memberships_contains_paywalled_content":false,"_jetpack_memberships_contains_paid_content":false,"footnotes":"","jetpack_publicize_message":"","jetpack_publicize_feature_enabled":true,"jetpack_social_post_already_shared":true,"jetpack_social_options":{"image_generator_settings":{"template":"highway","default_image_id":0,"font":"","enabled":false},"version":2},"_wpas_customize_per_network":false},"categories":[30],"tags":[244],"class_list":["post-149498","post","type-post","status-publish","format-standard","has-post-thumbnail","hentry","category-municipio","tag-municipio-2","generate-columns","tablet-grid-50","mobile-grid-100","grid-parent","grid-50"],"jetpack_publicize_connections":[],"jetpack_featured_media_url":"https:\/\/www.hoymercedes.com.ar\/principal\/wp-content\/uploads\/2022\/06\/DSC_0010.jpg","wps_subtitle":"","jetpack_sharing_enabled":true,"_links":{"self":[{"href":"https:\/\/www.hoymercedes.com.ar\/principal\/wp-json\/wp\/v2\/posts\/149498","targetHints":{"allow":["GET"]}}],"collection":[{"href":"https:\/\/www.hoymercedes.com.ar\/principal\/wp-json\/wp\/v2\/posts"}],"about":[{"href":"https:\/\/www.hoymercedes.com.ar\/principal\/wp-json\/wp\/v2\/types\/post"}],"author":[{"embeddable":true,"href":"https:\/\/www.hoymercedes.com.ar\/principal\/wp-json\/wp\/v2\/users\/1"}],"replies":[{"embeddable":true,"href":"https:\/\/www.hoymercedes.com.ar\/principal\/wp-json\/wp\/v2\/comments?post=149498"}],"version-history":[{"count":0,"href":"https:\/\/www.hoymercedes.com.ar\/principal\/wp-json\/wp\/v2\/posts\/149498\/revisions"}],"wp:featuredmedia":[{"embeddable":true,"href":"https:\/\/www.hoymercedes.com.ar\/principal\/wp-json\/wp\/v2\/media\/149499"}],"wp:attachment":[{"href":"https:\/\/www.hoymercedes.com.ar\/principal\/wp-json\/wp\/v2\/media?parent=149498"}],"wp:term":[{"taxonomy":"category","embeddable":true,"href":"https:\/\/www.hoymercedes.com.ar\/principal\/wp-json\/wp\/v2\/categories?post=149498"},{"taxonomy":"post_tag","embeddable":true,"href":"https:\/\/www.hoymercedes.com.ar\/principal\/wp-json\/wp\/v2\/tags?post=149498"}],"curies":[{"name":"wp","href":"https:\/\/api.w.org\/{rel}","templated":true}]}}