{"id":1495,"date":"2011-01-07T02:53:24","date_gmt":"2011-01-07T02:53:24","guid":{"rendered":"http:\/\/www.hoymercedes.com.ar\/principal\/?p=1495"},"modified":"2011-01-07T02:53:24","modified_gmt":"2011-01-07T02:53:24","slug":"la-comuna-adquirio-3-camionetas-y-6-automoviles-directamente-a-fabrica","status":"publish","type":"post","link":"https:\/\/www.hoymercedes.com.ar\/principal\/2011\/01\/07\/la-comuna-adquirio-3-camionetas-y-6-automoviles-directamente-a-fabrica\/","title":{"rendered":"La Comuna adquiri\u00f3 3 camionetas y 6 autom\u00f3viles directamente a f\u00e1brica"},"content":{"rendered":"<figure id=\"attachment_1497\" aria-describedby=\"caption-attachment-1497\" style=\"width: 290px\" class=\"wp-caption alignleft\"><a href=\"https:\/\/www.hoymercedes.com.ar\/principal\/wp-content\/uploads\/2011\/01\/rossi.jpg\"><img loading=\"lazy\" decoding=\"async\" data-attachment-id=\"1497\" data-permalink=\"https:\/\/www.hoymercedes.com.ar\/principal\/2011\/01\/07\/la-comuna-adquirio-3-camionetas-y-6-automoviles-directamente-a-fabrica\/rossi\/#main\" data-orig-file=\"https:\/\/www.hoymercedes.com.ar\/principal\/wp-content\/uploads\/2011\/01\/rossi.jpg\" data-orig-size=\"300,242\" data-comments-opened=\"1\" data-image-meta=\"{&quot;aperture&quot;:&quot;2.8&quot;,&quot;credit&quot;:&quot;&quot;,&quot;camera&quot;:&quot;COOLPIX L10&quot;,&quot;caption&quot;:&quot;&quot;,&quot;created_timestamp&quot;:&quot;1294039098&quot;,&quot;copyright&quot;:&quot;Copyright 2006&quot;,&quot;focal_length&quot;:&quot;6.2&quot;,&quot;iso&quot;:&quot;64&quot;,&quot;shutter_speed&quot;:&quot;0.0049677098857427&quot;,&quot;title&quot;:&quot;&quot;}\" data-image-title=\"rossi\" data-image-description=\"\" data-image-caption=\"\" data-large-file=\"https:\/\/www.hoymercedes.com.ar\/principal\/wp-content\/uploads\/2011\/01\/rossi.jpg\" class=\"size-full wp-image-1497\" title=\"rossi\" src=\"https:\/\/www.hoymercedes.com.ar\/principal\/wp-content\/uploads\/2011\/01\/rossi.jpg\" alt=\"\" width=\"300\" height=\"242\" \/><\/a><figcaption id=\"caption-attachment-1497\" class=\"wp-caption-text\">Rossi<\/figcaption><\/figure>\n<p style=\"text-align: justify;\">El Director de Seguridad, Esteban Rossi\u00a0 inform\u00f3 que a ra\u00edz del acuerdo firmado por el Intendente Carlos Selva con el Ministerio de Seguridad y Justicia de la provincia dentro de la nuevas normativas de descentralizaci\u00f3n de\u00a0 fondos para la adquisici\u00f3n de veh\u00edculo destinados al uso policial, la municipalidad concret\u00f3 finalmente la adquisici\u00f3n de tres camionetas Rangers y seis autos VW de un modelo muy parecido al Polo de dicha marca.<\/p>\n<p style=\"text-align: justify;\">Rossi sostuvo que la compra se hab\u00eda efectuado en forma directa a f\u00e1brica \u201cporque es de la \u00fanica manera que ten\u00edamos para que los n\u00fameros nos cerraran\u201d\u00a0 para luego agregar que la terminal automotriz comenzar\u00eda con la entrega de los veh\u00edculos a partir de febrero pero no sab\u00eda aun cual seria el momento del turno de Mercedes para recibir los mismos.<\/p>\n<p style=\"text-align: justify;\">M\u00e1s adelante precis\u00f3\u00a0 que con recursos propios se hab\u00eda conseguido recuperar tras las reparaciones correspondientes tres autos Chevrolet Astra que ya han sido nuevamente afectados al servicio de vigilancia y que desde ahora hasta marzo se estima que otras dos unidades tambi\u00e9n reparadas estar\u00e1n prestando servicio en las calles de la ciudad.<\/p>\n<p style=\"text-align: justify;\">Por ultimo el funcionario manifest\u00f3 \u201cla fabrica entregar\u00e1 los nuevos autos al Ministerio donde se proceder\u00e1 a realizar las adecuaciones necesarias para poder ser incorporado a nuestra Estaci\u00f3n comunal de polic\u00eda, es decir la identificaci\u00f3n del m\u00f3vil, la colocaci\u00f3n de la sirena, balizas, la radio y otros elementos de seguridad\u201d.<\/p>\n","protected":false},"excerpt":{"rendered":"<p>El Director de Seguridad, Esteban Rossi\u00a0 inform\u00f3 que a ra\u00edz del acuerdo firmado por el Intendente Carlos Selva con el &#8230; <a title=\"La Comuna adquiri\u00f3 3 camionetas y 6 autom\u00f3viles directamente a f\u00e1brica\" class=\"read-more\" href=\"https:\/\/www.hoymercedes.com.ar\/principal\/2011\/01\/07\/la-comuna-adquirio-3-camionetas-y-6-automoviles-directamente-a-fabrica\/\" aria-label=\"Leer m\u00e1s sobre La Comuna adquiri\u00f3 3 camionetas y 6 autom\u00f3viles directamente a f\u00e1brica\">Leer m\u00e1s<\/a><\/p>\n","protected":false},"author":1,"featured_media":0,"comment_status":"open","ping_status":"open","sticky":false,"template":"","format":"standard","meta":{"_monsterinsights_skip_tracking":false,"_monsterinsights_sitenote_active":false,"_monsterinsights_sitenote_note":"","_monsterinsights_sitenote_category":0,"jetpack_post_was_ever_published":false,"_jetpack_newsletter_access":"","_jetpack_dont_email_post_to_subs":false,"_jetpack_newsletter_tier_id":0,"_jetpack_memberships_contains_paywalled_content":false,"_jetpack_memberships_contains_paid_content":false,"footnotes":"","jetpack_publicize_message":"","jetpack_publicize_feature_enabled":true,"jetpack_social_post_already_shared":false,"jetpack_social_options":{"image_generator_settings":{"template":"highway","default_image_id":0,"font":"","enabled":false},"version":2},"_wpas_customize_per_network":false},"categories":[8],"tags":[333,197],"class_list":["post-1495","post","type-post","status-publish","format-standard","hentry","category-sociedad","tag-esteban-rossi","tag-municipalidad-de-mercedes","generate-columns","tablet-grid-50","mobile-grid-100","grid-parent","grid-50"],"jetpack_publicize_connections":[],"jetpack_featured_media_url":"","wps_subtitle":"","jetpack_sharing_enabled":true,"_links":{"self":[{"href":"https:\/\/www.hoymercedes.com.ar\/principal\/wp-json\/wp\/v2\/posts\/1495","targetHints":{"allow":["GET"]}}],"collection":[{"href":"https:\/\/www.hoymercedes.com.ar\/principal\/wp-json\/wp\/v2\/posts"}],"about":[{"href":"https:\/\/www.hoymercedes.com.ar\/principal\/wp-json\/wp\/v2\/types\/post"}],"author":[{"embeddable":true,"href":"https:\/\/www.hoymercedes.com.ar\/principal\/wp-json\/wp\/v2\/users\/1"}],"replies":[{"embeddable":true,"href":"https:\/\/www.hoymercedes.com.ar\/principal\/wp-json\/wp\/v2\/comments?post=1495"}],"version-history":[{"count":0,"href":"https:\/\/www.hoymercedes.com.ar\/principal\/wp-json\/wp\/v2\/posts\/1495\/revisions"}],"wp:attachment":[{"href":"https:\/\/www.hoymercedes.com.ar\/principal\/wp-json\/wp\/v2\/media?parent=1495"}],"wp:term":[{"taxonomy":"category","embeddable":true,"href":"https:\/\/www.hoymercedes.com.ar\/principal\/wp-json\/wp\/v2\/categories?post=1495"},{"taxonomy":"post_tag","embeddable":true,"href":"https:\/\/www.hoymercedes.com.ar\/principal\/wp-json\/wp\/v2\/tags?post=1495"}],"curies":[{"name":"wp","href":"https:\/\/api.w.org\/{rel}","templated":true}]}}